{"id":66923,"date":"2018-03-09T22:55:15","date_gmt":"2018-03-09T22:55:15","guid":{"rendered":"https:\/\/www.deberes.net\/tesis\/sin-categoria\/azcarraga-weyler-y-la-conduccion-de-la-guerra-de-cuba\/"},"modified":"2018-03-09T22:55:15","modified_gmt":"2018-03-09T22:55:15","slug":"azcarraga-weyler-y-la-conduccion-de-la-guerra-de-cuba","status":"publish","type":"post","link":"https:\/\/www.deberes.net\/tesis\/historia-contemporanea\/azcarraga-weyler-y-la-conduccion-de-la-guerra-de-cuba\/","title":{"rendered":"Azc\u00e1rraga-weyler y la conducci\u00f3n de la guerra de cuba"},"content":{"rendered":"<h2>Tesis doctoral de <strong> Enrique De Miguel Fern\u00e1ndez <\/strong><\/h2>\n<p>La tesis que se presenta, titulada \u00c2\u00bfazc\u00e1rraga-weyler y la conducci\u00f3n de la guerra de cuba\u00c2\u00bf, examina en profundidad la organizaci\u00f3n y funcionamiento del ejercito espa\u00f1ol en cuba durante el mando de weyler. A partir de una labor de cr\u00edtica y documentaci\u00f3n, se han buscado tambi\u00e9n las razones por las que existe disparidad entre los datos que ofrecen las distintas fuentes sobre combatientes, bajas y repatriados, para llegar a nuevas conclusiones aprovechando la correspondencia de azc\u00e1rraga con weyler.  partiendo del an\u00e1lisis de la organizaci\u00f3n del ej\u00e9rcito y de su evoluci\u00f3n se deducen aspectos similares a los de la gesti\u00f3n de empresas, pudiendo establecerse cierto paralelismo entre ellas, y adoptar una visi\u00f3n cr\u00edtica.  el examen de la correspondencia de azc\u00e1rraga con weyler, que es in\u00e9dita y tiene un car\u00e1cter reservado -no estando destinada a darle publicidad- aporta datos importantes para nuevos planteamientos.  por \u00faltimo, en la tesis se hace un estudio cr\u00edtico de la obra de weyler \u00c2\u00bfmi mando en cuba\u00c2\u00bf, que en el futuro podr\u00e1 ser estudiado de una manera distinta, detectando los errores que se han producido. El conjunto de mapas que se aportan aumenta considerablemente los conocimientos tanto de la organizaci\u00f3n en la \u00e9poca de weyler como de los enfrentamientos con los mambises con el fin de comprender mejor los hechos que se van produciendo durante la guerra.<\/p>\n<p>&nbsp;<\/p>\n<h3>Datos acad\u00e9micos de la tesis doctoral \u00ab<strong>Azc\u00e1rraga-weyler y la conducci\u00f3n de la guerra de cuba<\/strong>\u00ab<\/h3>\n<ul>\n<li><strong>T\u00edtulo de la tesis:<\/strong>\u00a0 Azc\u00e1rraga-weyler y la conducci\u00f3n de la guerra de cuba <\/li>\n<li><strong>Autor:<\/strong>\u00a0 Enrique De Miguel Fern\u00e1ndez <\/li>\n<li><strong>Universidad:<\/strong>\u00a0 Jaume i de castell\u00f3n<\/li>\n<li><strong>Fecha de lectura de la tesis:<\/strong>\u00a0 17\/09\/2008<\/li>\n<\/ul>\n<p>&nbsp;<\/p>\n<h3>Direcci\u00f3n y tribunal<\/h3>\n<ul>\n<li><strong>Director de la tesis<\/strong>\n<ul>\n<li>Jos\u00e9 Antonio Piqueras Arenas<\/li>\n<\/ul>\n<\/li>\n<li><strong>Tribunal<\/strong>\n<ul>\n<li>Presidente del tribunal: Manuel De paz s\u00e1nchez <\/li>\n<li>Javier Paniagua fuentes (vocal)<\/li>\n<li>Mar\u00eda no Esteban de vega (vocal)<\/li>\n<li>pablo Gonz\u00e1lez-pola de la granja (vocal)<\/li>\n<\/ul>\n<\/li>\n<\/ul>\n<p>&nbsp;<\/p>\n","protected":false},"excerpt":{"rendered":"<p>Tesis doctoral de Enrique De Miguel Fern\u00e1ndez La tesis que se presenta, titulada \u00c2\u00bfazc\u00e1rraga-weyler y la conducci\u00f3n de la guerra [&hellip;]<\/p>\n","protected":false},"author":1,"featured_media":0,"comment_status":"open","ping_status":"open","sticky":false,"template":"","format":"standard","meta":{"site-sidebar-layout":"default","site-content-layout":"","ast-site-content-layout":"","site-content-style":"default","site-sidebar-style":"default","ast-global-header-display":"","ast-banner-title-visibility":"","ast-main-header-display":"","ast-hfb-above-header-display":"","ast-hfb-below-header-display":"","ast-hfb-mobile-header-display":"","site-post-title":"","ast-breadcrumbs-content":"","ast-featured-img":"","footer-sml-layout":"","theme-transparent-header-meta":"","adv-header-id-meta":"","stick-header-meta":"","header-above-stick-meta":"","header-main-stick-meta":"","header-below-stick-meta":"","astra-migrate-meta-layouts":"default","ast-page-background-enabled":"default","ast-page-background-meta":{"desktop":{"background-color":"var(--ast-global-color-4)","background-image":"","background-repeat":"repeat","background-position":"center center","background-size":"auto","background-attachment":"scroll","background-type":"","background-media":"","overlay-type":"","overlay-color":"","overlay-gradient":""},"tablet":{"background-color":"","background-image":"","background-repeat":"repeat","background-position":"center center","background-size":"auto","background-attachment":"scroll","background-type":"","background-media":"","overlay-type":"","overlay-color":"","overlay-gradient":""},"mobile":{"background-color":"","background-image":"","background-repeat":"repeat","background-position":"center center","background-size":"auto","background-attachment":"scroll","background-type":"","background-media":"","overlay-type":"","overlay-color":"","overlay-gradient":""}},"ast-content-background-meta":{"desktop":{"background-color":"var(--ast-global-color-5)","background-image":"","background-repeat":"repeat","background-position":"center center","background-size":"auto","background-attachment":"scroll","background-type":"","background-media":"","overlay-type":"","overlay-color":"","overlay-gradient":""},"tablet":{"background-color":"var(--ast-global-color-5)","background-image":"","background-repeat":"repeat","background-position":"center center","background-size":"auto","background-attachment":"scroll","background-type":"","background-media":"","overlay-type":"","overlay-color":"","overlay-gradient":""},"mobile":{"background-color":"var(--ast-global-color-5)","background-image":"","background-repeat":"repeat","background-position":"center center","background-size":"auto","background-attachment":"scroll","background-type":"","background-media":"","overlay-type":"","overlay-color":"","overlay-gradient":""}},"footnotes":""},"categories":[1816,18725],"tags":[145960,44270,47554,147368,31546,51974],"class_list":["post-66923","post","type-post","status-publish","format-standard","hentry","category-historia-contemporanea","category-jaume-i-de-castellon","tag-enrique-de-miguel-fernandez","tag-javier-paniagua-fuentes","tag-jose-antonio-piqueras-arenas","tag-manuel-de-paz-sanchez","tag-maria-no-esteban-de-vega","tag-pablo-gonzalez-pola-de-la-granja"],"_links":{"self":[{"href":"https:\/\/www.deberes.net\/tesis\/wp-json\/wp\/v2\/posts\/66923","targetHints":{"allow":["GET"]}}],"collection":[{"href":"https:\/\/www.deberes.net\/tesis\/wp-json\/wp\/v2\/posts"}],"about":[{"href":"https:\/\/www.deberes.net\/tesis\/wp-json\/wp\/v2\/types\/post"}],"author":[{"embeddable":true,"href":"https:\/\/www.deberes.net\/tesis\/wp-json\/wp\/v2\/users\/1"}],"replies":[{"embeddable":true,"href":"https:\/\/www.deberes.net\/tesis\/wp-json\/wp\/v2\/comments?post=66923"}],"version-history":[{"count":0,"href":"https:\/\/www.deberes.net\/tesis\/wp-json\/wp\/v2\/posts\/66923\/revisions"}],"wp:attachment":[{"href":"https:\/\/www.deberes.net\/tesis\/wp-json\/wp\/v2\/media?parent=66923"}],"wp:term":[{"taxonomy":"category","embeddable":true,"href":"https:\/\/www.deberes.net\/tesis\/wp-json\/wp\/v2\/categories?post=66923"},{"taxonomy":"post_tag","embeddable":true,"href":"https:\/\/www.deberes.net\/tesis\/wp-json\/wp\/v2\/tags?post=66923"}],"curies":[{"name":"wp","href":"https:\/\/api.w.org\/{rel}","templated":true}]}}