{"id":66954,"date":"2018-03-09T22:55:19","date_gmt":"2018-03-09T22:55:19","guid":{"rendered":"https:\/\/www.deberes.net\/tesis\/sin-categoria\/self-employment-a-microeconometric-approach\/"},"modified":"2018-03-09T22:55:19","modified_gmt":"2018-03-09T22:55:19","slug":"self-employment-a-microeconometric-approach","status":"publish","type":"post","link":"https:\/\/www.deberes.net\/tesis\/ciencias-economicas\/self-employment-a-microeconometric-approach\/","title":{"rendered":"Self-employment : a microeconometric approach"},"content":{"rendered":"<h2>Tesis doctoral de <strong> Jos\u00e9 Mar\u00eda Millan Tapia <\/strong><\/h2>\n<p>Esta tesis ofrece un exhaustivo an\u00e1lisis emp\u00edrico tanto de la decisi\u00f3n de convertirse en autoempleado como del \u00e9xito en este estado en toda la ue-15. As\u00ed, a trav\u00e9s de modelos de elecci\u00f3n discreta, analizamos las transicio\u00c2\u00acnes al autoempleo, distinguiendo desempleados y empleados asalariados dentro del estado inicial, y empleadores y trabajadores aut\u00f3nomos dentro del estado final. Por otra parte, este trabajo estudia la decisi\u00f3n de conver\u00c2\u00actirse en empleador, partiendo de la situaci\u00f3n de trabajador aut\u00f3nomo, que interpretamos como la consecuencia del propio \u00e9xito del negocio. Adem\u00e1s, utilizamos modelos de duraci\u00f3n en tiempo discreto para analizar la super\u00c2\u00acvivencia en el autoempleo. Por \u00faltimo, llevamos a cabo dos estimaciones complementar\u00edas en las que analizamos separadamente la duraci\u00f3n en su estado de los trabajadores aut\u00f3nomos y de los empleadores. Este trabajo, adem\u00e1s de presentar los trabajos emp\u00edricos que conforman su n\u00facleo, ofre\u00c2\u00acce un marco conceptual para el an\u00e1lisis y una revisi\u00f3n y evaluaci\u00f3n de las fuentes de informaci\u00f3n disponibles para el estudio del presente t\u00f3pico. sobre la base del an\u00e1lisis de las transiciones al autoempleo, obtenemos evidencias que avalan la existencia de factores que afectan con diferente intensidad cada transici\u00f3n considerada, en funci\u00f3n de los estados iniciales y finales. Sirva como ejemplo el hecho de que las restricciones de liquidez afecten con mucha mayor intensidad cuando el estado final es el de em\u00c2\u00acpleador que cuando el estado de llegada es el de trabajador aut\u00f3nomo. Del mismo modo, las probabilidades de transici\u00f3n predichas tambi\u00e9n dependen enormemente de estos estados. As\u00ed observamos c\u00f3mo la probabilidad de transitar al trabajo aut\u00f3nomo es ocho veces superior desde el desempleo que desde el empleo asalariado. Este resultado avala la idea de que el auto-empleo es visto como una alternativa al desempleo. en lo relativo al an\u00e1lisis de duraci\u00f3n, y en l\u00ednea con lo obtenido por tra\u00c2\u00acbajos previos, observamos c\u00f3mo el nesgo de salida disminuye a medida que aumenta la experiencia en el autoempleo, independientemente del es\u00c2\u00actado de destino, lo que puede interpretarse en t\u00e9rminos de \u00abaprendizaje\u00bb. As\u00ed mismo observamos c\u00f3mo la supervivencia depende en gran medida de los resultados de la actividad empresarial. Por otra parte, cuando distin-   g\u00ed\u00bcimos trabajadores aut\u00f3nomos y empleadores en este tipo de an\u00e1lisis, nuestras estimaciones apuntan a la existencia de una mayor probabilidad de salida del trabajador aut\u00f3nomo al estado de empleador -se\u00f1al de \u00e9xito-, en comparaci\u00f3n con otros destinos -empleo asalariado, desempleo o inac\u00c2\u00actividad-. Por lo tanto, surgen dudas acerca de la importancia relativa de la regulaci\u00f3n existente sobre el mercado de trabajo, en relaci\u00f3n con las deci\u00c2\u00acsiones de contrataci\u00f3n. Por otra parte, cuando un empleador tiene que cambiar su estado, opta prioritariamente por disminuir el tama\u00f1o de su ne\u00c2\u00acgocio -transitar al estado de aut\u00f3nomo- en vez de decantarse por otros des\u00c2\u00actinos. Estos resultados apuntan hacia la ausencia de efectos significativos de los costes de despido para los empleadores. uno de los resultados m\u00e1s interesantes obtenidos tal vez hace referencia a la importancia de las dotaciones de capital humano en relaci\u00f3n con todas las decisiones de entrada y supervivencia. As\u00ed, observamos c\u00f3mo la expe\u00c2\u00acriencia previa en el mercado de trabajo o las transferencias intergeneracio\u00c2\u00acnales de conocimientos presentan un mayor efecto que la educaci\u00f3n formal -cuyo efecto tampoco es desde\u00f1able-. Por lo tanto, si el objetivo es fomen\u00c2\u00actar el \u00e9xito del trabajo por cuenta propia a largo plazo, el esfuerzo no debe estar basado \u00fanicamente en facilitar la entrada, sino tambi\u00e9n en favorecer la adquisici\u00f3n del capital humano empresarial necesario, con el fin de que sean las personas m\u00e1s dotadas aquellas que ejerzan la funci\u00f3n empresarial. por otra parte, destacamos tambi\u00e9n la importancia de los shocks tanto individuales -ingresos del trabajo por cuenta propia- como agregados -ciclo econ\u00f3mico-. En efecto, este trabajo pone de manifiesto el efecto que tienen los ingresos procedentes del trabajo por cuenta propia sobre la su\u00c2\u00acpervivencia y el crecimiento -aproximado este \u00faltimo mediante las deci\u00c2\u00acsiones de contrataci\u00f3n de los trabajadores aut\u00f3nomos-. Por otra parte, al controlar el efecto del ciclo econ\u00f3mico, nuestros resultados son plenamen\u00c2\u00acte coherentes con la hip\u00f3tesis \u00abpul\u00ed\u00bb, con independencia del tipo de an\u00e1lisis considerado. todas estas cuestiones plantean la necesidad de revisar la pertinencia y precisi\u00f3n de la pol\u00edtica de promoci\u00f3n empresarial europea, no solo en t\u00e9r\u00c2\u00acminos de objetivos planteados, sino tambi\u00e9n de instrumentos de pol\u00edtica implementados.<\/p>\n<p>&nbsp;<\/p>\n<h3>Datos acad\u00e9micos de la tesis doctoral \u00ab<strong>Self-employment : a microeconometric approach<\/strong>\u00ab<\/h3>\n<ul>\n<li><strong>T\u00edtulo de la tesis:<\/strong>\u00a0 Self-employment : a microeconometric approach <\/li>\n<li><strong>Autor:<\/strong>\u00a0 Jos\u00e9 Mar\u00eda Millan Tapia <\/li>\n<li><strong>Universidad:<\/strong>\u00a0 Huelva<\/li>\n<li><strong>Fecha de lectura de la tesis:<\/strong>\u00a0 18\/09\/2008<\/li>\n<\/ul>\n<p>&nbsp;<\/p>\n<h3>Direcci\u00f3n y tribunal<\/h3>\n<ul>\n<li><strong>Director de la tesis<\/strong>\n<ul>\n<li>Emilio Congregado Ramirez De Aguilera<\/li>\n<\/ul>\n<\/li>\n<li><strong>Tribunal<\/strong>\n<ul>\n<li>Presidente del tribunal: roy Thurik <\/li>\n<li>mirjam Van praag (vocal)<\/li>\n<li>andre Van stel (vocal)<\/li>\n<li>parker Simon c. (vocal)<\/li>\n<\/ul>\n<\/li>\n<\/ul>\n<p>&nbsp;<\/p>\n","protected":false},"excerpt":{"rendered":"<p>Tesis doctoral de Jos\u00e9 Mar\u00eda Millan Tapia Esta tesis ofrece un exhaustivo an\u00e1lisis emp\u00edrico tanto de la decisi\u00f3n de convertirse [&hellip;]<\/p>\n","protected":false},"author":1,"featured_media":0,"comment_status":"open","ping_status":"open","sticky":false,"template":"","format":"standard","meta":{"site-sidebar-layout":"default","site-content-layout":"","ast-site-content-layout":"","site-content-style":"default","site-sidebar-style":"default","ast-global-header-display":"","ast-banner-title-visibility":"","ast-main-header-display":"","ast-hfb-above-header-display":"","ast-hfb-below-header-display":"","ast-hfb-mobile-header-display":"","site-post-title":"","ast-breadcrumbs-content":"","ast-featured-img":"","footer-sml-layout":"","theme-transparent-header-meta":"","adv-header-id-meta":"","stick-header-meta":"","header-above-stick-meta":"","header-main-stick-meta":"","header-below-stick-meta":"","astra-migrate-meta-layouts":"default","ast-page-background-enabled":"default","ast-page-background-meta":{"desktop":{"background-color":"var(--ast-global-color-4)","background-image":"","background-repeat":"repeat","background-position":"center center","background-size":"auto","background-attachment":"scroll","background-type":"","background-media":"","overlay-type":"","overlay-color":"","overlay-gradient":""},"tablet":{"background-color":"","background-image":"","background-repeat":"repeat","background-position":"center center","background-size":"auto","background-attachment":"scroll","background-type":"","background-media":"","overlay-type":"","overlay-color":"","overlay-gradient":""},"mobile":{"background-color":"","background-image":"","background-repeat":"repeat","background-position":"center center","background-size":"auto","background-attachment":"scroll","background-type":"","background-media":"","overlay-type":"","overlay-color":"","overlay-gradient":""}},"ast-content-background-meta":{"desktop":{"background-color":"var(--ast-global-color-5)","background-image":"","background-repeat":"repeat","background-position":"center center","background-size":"auto","background-attachment":"scroll","background-type":"","background-media":"","overlay-type":"","overlay-color":"","overlay-gradient":""},"tablet":{"background-color":"var(--ast-global-color-5)","background-image":"","background-repeat":"repeat","background-position":"center center","background-size":"auto","background-attachment":"scroll","background-type":"","background-media":"","overlay-type":"","overlay-color":"","overlay-gradient":""},"mobile":{"background-color":"var(--ast-global-color-5)","background-image":"","background-repeat":"repeat","background-position":"center center","background-size":"auto","background-attachment":"scroll","background-type":"","background-media":"","overlay-type":"","overlay-color":"","overlay-gradient":""}},"footnotes":""},"categories":[82,18975,737,9216,4725],"tags":[147430,147427,147426,147429,147431,147428],"class_list":["post-66954","post","type-post","status-publish","format-standard","hentry","category-ciencias-economicas","category-huelva","category-teoria-economica","category-teoria-microeconomica","category-teoria-y-modelos-de-empleo","tag-andre-van-stel","tag-emilio-congregado-ramirez-de-aguilera","tag-jose-maria-millan-tapia","tag-mirjam-van-praag","tag-parker-simon-c","tag-roy-thurik"],"_links":{"self":[{"href":"https:\/\/www.deberes.net\/tesis\/wp-json\/wp\/v2\/posts\/66954","targetHints":{"allow":["GET"]}}],"collection":[{"href":"https:\/\/www.deberes.net\/tesis\/wp-json\/wp\/v2\/posts"}],"about":[{"href":"https:\/\/www.deberes.net\/tesis\/wp-json\/wp\/v2\/types\/post"}],"author":[{"embeddable":true,"href":"https:\/\/www.deberes.net\/tesis\/wp-json\/wp\/v2\/users\/1"}],"replies":[{"embeddable":true,"href":"https:\/\/www.deberes.net\/tesis\/wp-json\/wp\/v2\/comments?post=66954"}],"version-history":[{"count":0,"href":"https:\/\/www.deberes.net\/tesis\/wp-json\/wp\/v2\/posts\/66954\/revisions"}],"wp:attachment":[{"href":"https:\/\/www.deberes.net\/tesis\/wp-json\/wp\/v2\/media?parent=66954"}],"wp:term":[{"taxonomy":"category","embeddable":true,"href":"https:\/\/www.deberes.net\/tesis\/wp-json\/wp\/v2\/categories?post=66954"},{"taxonomy":"post_tag","embeddable":true,"href":"https:\/\/www.deberes.net\/tesis\/wp-json\/wp\/v2\/tags?post=66954"}],"curies":[{"name":"wp","href":"https:\/\/api.w.org\/{rel}","templated":true}]}}