{"id":66967,"date":"2018-03-09T22:55:19","date_gmt":"2018-03-09T22:55:19","guid":{"rendered":"https:\/\/www.deberes.net\/tesis\/sin-categoria\/de-gaulle-y-el-gaullismo-en-la-prensa-y-la-opinion-publica-espanolas-1958-1970\/"},"modified":"2018-03-09T22:55:19","modified_gmt":"2018-03-09T22:55:19","slug":"de-gaulle-y-el-gaullismo-en-la-prensa-y-la-opinion-publica-espanolas-1958-1970","status":"publish","type":"post","link":"https:\/\/www.deberes.net\/tesis\/historia-contemporanea-del-area-europea\/de-gaulle-y-el-gaullismo-en-la-prensa-y-la-opinion-publica-espanolas-1958-1970\/","title":{"rendered":"De gaulle y el gaullismo en la prensa y la opini\u00f3n p\u00fablica espa\u00f1olas (1958-1970)"},"content":{"rendered":"<h2>Tesis doctoral de <strong> \u00e1lvaro Fleites Marcos <\/strong><\/h2>\n<p>La tesis doctoral constituye un estudio del tratamiento por la prensa espa\u00f1ola del estadista franc\u00e9s charles de gaulle y el fen\u00f3meno pol\u00edtico conocido como gaullismo y de su influencia en el r\u00e9gimen franquista y en la opini\u00f3n p\u00fablica espa\u00f1ola de los a\u00f1os 1958-1970. Ello implica un repaso previo de la trayectoria pol\u00edtica del general de gaulle y una definici\u00f3n y contextualizaci\u00f3n del gaullismo, que ser\u00e1 concebido en la l\u00ednea de r\u00e9mond y berstein como una cultura pol\u00edtica heredera de la tradici\u00f3n bonapartista-plebiscitaria de la derecha francesa. Asimismo, la pol\u00edtica exterior gaullista y particularmente las relaciones bilaterales franco-espa\u00f1olas en el per\u00edodo y sus condicionantes, como la influencia en ellas del propio de gaulle constituyen pasos previos imprescindibles para abordar la recepci\u00f3n del gaullismo en espa\u00f1a. En fin, la postura del r\u00e9gimen franquista, la opini\u00f3in p\u00fablica espa\u00f1ola y la prensa respecto a de gaulle y el gaullismo conforman el eje central del trabajo a trav\u00e9s de un estudio dividido cronol\u00f3gicamente en cuatro per\u00edodos: a) desde la vuelta de de gaulle al poder en mayo de 1958 hasta su elecci\u00f3n como presidente de la nueva quinta rep\u00fablica en enero de 1959. B) desde la elecci\u00f3n del general hasta la consolidaci\u00f3n del nuevo r\u00e9gimen con la doble victoria electoral de finales de 1962. C) desde dicha victoria hasta las v\u00edsperas de la crisis de mayo de 1968. D) desde la crisis de mayo hasta la muerte de de gaulle en noviembre de 1970. Finalmente, la tesis b\u00e1sica de este trabajo definida en breves l\u00edneas es la siguiente: la figura de de gaulle y su actuaci\u00f3n al frente del gobierno y del estado galo entre 1958 y 1970 despert\u00f3 un enorme inter\u00e9s y una mayoritaria admiraci\u00f3n en la prensa y la opini\u00f3n p\u00fablica espa\u00f1olas. Las autoridades de Madrid, aunque m\u00e1s cautelosas con respecto a algunas de sus iniciativas tambi\u00e9n consideraron muy positivamente la actuaci\u00f3n general de su gobierno, a lo que coadyuv\u00f3 la notable mejor\u00eda de las relaciones bilaterales durante el per\u00edodo. Sin embargo, el gaullismo como cultura pol\u00edtica no fue en general bien comprendido por el r\u00e9gimen, la prensa y la opini\u00f3n p\u00fablica espa\u00f1olas que lo concibieron como un fen\u00f3meno indisoluble del propio de gaulle. Ello, junto a la inexistencia de una cultura pol\u00edtica semejante al gaullismo en la espa\u00f1a contempor\u00e1nea explica porque su modelo pol\u00edtico no constituy\u00f3 en momento alguno una opci\u00f3n para ninguno de los diversos sectores del r\u00e9gimen, su disidencia interna o su oposici\u00f3n externa.<\/p>\n<p>&nbsp;<\/p>\n<h3>Datos acad\u00e9micos de la tesis doctoral \u00ab<strong>De gaulle y el gaullismo en la prensa y la opini\u00f3n p\u00fablica espa\u00f1olas (1958-1970)<\/strong>\u00ab<\/h3>\n<ul>\n<li><strong>T\u00edtulo de la tesis:<\/strong>\u00a0 De gaulle y el gaullismo en la prensa y la opini\u00f3n p\u00fablica espa\u00f1olas (1958-1970) <\/li>\n<li><strong>Autor:<\/strong>\u00a0 \u00e1lvaro Fleites Marcos <\/li>\n<li><strong>Universidad:<\/strong>\u00a0 Oviedo<\/li>\n<li><strong>Fecha de lectura de la tesis:<\/strong>\u00a0 19\/09\/2008<\/li>\n<\/ul>\n<p>&nbsp;<\/p>\n<h3>Direcci\u00f3n y tribunal<\/h3>\n<ul>\n<li><strong>Director de la tesis<\/strong>\n<ul>\n<li>Jorge Ur\u00eda Gonz\u00e1lez<\/li>\n<\/ul>\n<\/li>\n<li><strong>Tribunal<\/strong>\n<ul>\n<li>Presidente del tribunal: jean-fran\u00ed\u00a7ois Botrel <\/li>\n<li>ricardo Francisco Javier Miralles palencia (vocal)<\/li>\n<li>Juan  sisinio P\u00e9rez garz\u00f3n (vocal)<\/li>\n<li>adrian Shubert (vocal)<\/li>\n<\/ul>\n<\/li>\n<\/ul>\n<p>&nbsp;<\/p>\n","protected":false},"excerpt":{"rendered":"<p>Tesis doctoral de \u00e1lvaro Fleites Marcos La tesis doctoral constituye un estudio del tratamiento por la prensa espa\u00f1ola del estadista [&hellip;]<\/p>\n","protected":false},"author":1,"featured_media":0,"comment_status":"open","ping_status":"open","sticky":false,"template":"","format":"standard","meta":{"site-sidebar-layout":"default","site-content-layout":"","ast-site-content-layout":"","site-content-style":"default","site-sidebar-style":"default","ast-global-header-display":"","ast-banner-title-visibility":"","ast-main-header-display":"","ast-hfb-above-header-display":"","ast-hfb-below-header-display":"","ast-hfb-mobile-header-display":"","site-post-title":"","ast-breadcrumbs-content":"","ast-featured-img":"","footer-sml-layout":"","theme-transparent-header-meta":"","adv-header-id-meta":"","stick-header-meta":"","header-above-stick-meta":"","header-main-stick-meta":"","header-below-stick-meta":"","astra-migrate-meta-layouts":"default","ast-page-background-enabled":"default","ast-page-background-meta":{"desktop":{"background-color":"var(--ast-global-color-4)","background-image":"","background-repeat":"repeat","background-position":"center center","background-size":"auto","background-attachment":"scroll","background-type":"","background-media":"","overlay-type":"","overlay-color":"","overlay-gradient":""},"tablet":{"background-color":"","background-image":"","background-repeat":"repeat","background-position":"center center","background-size":"auto","background-attachment":"scroll","background-type":"","background-media":"","overlay-type":"","overlay-color":"","overlay-gradient":""},"mobile":{"background-color":"","background-image":"","background-repeat":"repeat","background-position":"center center","background-size":"auto","background-attachment":"scroll","background-type":"","background-media":"","overlay-type":"","overlay-color":"","overlay-gradient":""}},"ast-content-background-meta":{"desktop":{"background-color":"var(--ast-global-color-5)","background-image":"","background-repeat":"repeat","background-position":"center center","background-size":"auto","background-attachment":"scroll","background-type":"","background-media":"","overlay-type":"","overlay-color":"","overlay-gradient":""},"tablet":{"background-color":"var(--ast-global-color-5)","background-image":"","background-repeat":"repeat","background-position":"center center","background-size":"auto","background-attachment":"scroll","background-type":"","background-media":"","overlay-type":"","overlay-color":"","overlay-gradient":""},"mobile":{"background-color":"var(--ast-global-color-5)","background-image":"","background-repeat":"repeat","background-position":"center center","background-size":"auto","background-attachment":"scroll","background-type":"","background-media":"","overlay-type":"","overlay-color":"","overlay-gradient":""}},"footnotes":""},"categories":[17859,353,3538,15343,8846],"tags":[147453,147452,61069,25461,137760,62930],"class_list":["post-66967","post","type-post","status-publish","format-standard","hentry","category-historia-comparada","category-historia-contemporanea-del-area-europea","category-historia-de-las-ideas-politicas","category-historia-de-las-relaciones-internacionales","category-oviedo","tag-adrian-shubert","tag-alvaro-fleites-marcos","tag-jean-franiois-botrel","tag-jorge-uria-gonzalez","tag-juan-sisinio-perez-garzon","tag-ricardo-francisco-javier-miralles-palencia"],"_links":{"self":[{"href":"https:\/\/www.deberes.net\/tesis\/wp-json\/wp\/v2\/posts\/66967","targetHints":{"allow":["GET"]}}],"collection":[{"href":"https:\/\/www.deberes.net\/tesis\/wp-json\/wp\/v2\/posts"}],"about":[{"href":"https:\/\/www.deberes.net\/tesis\/wp-json\/wp\/v2\/types\/post"}],"author":[{"embeddable":true,"href":"https:\/\/www.deberes.net\/tesis\/wp-json\/wp\/v2\/users\/1"}],"replies":[{"embeddable":true,"href":"https:\/\/www.deberes.net\/tesis\/wp-json\/wp\/v2\/comments?post=66967"}],"version-history":[{"count":0,"href":"https:\/\/www.deberes.net\/tesis\/wp-json\/wp\/v2\/posts\/66967\/revisions"}],"wp:attachment":[{"href":"https:\/\/www.deberes.net\/tesis\/wp-json\/wp\/v2\/media?parent=66967"}],"wp:term":[{"taxonomy":"category","embeddable":true,"href":"https:\/\/www.deberes.net\/tesis\/wp-json\/wp\/v2\/categories?post=66967"},{"taxonomy":"post_tag","embeddable":true,"href":"https:\/\/www.deberes.net\/tesis\/wp-json\/wp\/v2\/tags?post=66967"}],"curies":[{"name":"wp","href":"https:\/\/api.w.org\/{rel}","templated":true}]}}