{"id":67111,"date":"2018-03-09T22:55:30","date_gmt":"2018-03-09T22:55:30","guid":{"rendered":"https:\/\/www.deberes.net\/tesis\/sin-categoria\/diseno-optimo-de-redes-para-la-programacion-de-obras-de-edificacion-para-una-nivelacion-y-distribucion-de-recursos-personales-constante\/"},"modified":"2018-03-09T22:55:30","modified_gmt":"2018-03-09T22:55:30","slug":"diseno-optimo-de-redes-para-la-programacion-de-obras-de-edificacion-para-una-nivelacion-y-distribucion-de-recursos-personales-constante","status":"publish","type":"post","link":"https:\/\/www.deberes.net\/tesis\/ciencias-tecnologicas\/diseno-optimo-de-redes-para-la-programacion-de-obras-de-edificacion-para-una-nivelacion-y-distribucion-de-recursos-personales-constante\/","title":{"rendered":"Dise\u00f1o \u00f3ptimo de redes para la programaci\u00f3n de obras de edificaci\u00f3n, para una nivelaci\u00f3n y distribuci\u00f3n de recursos personales constante."},"content":{"rendered":"<h2>Tesis doctoral de <strong> Francisco Javier Medina Ram\u00f3n <\/strong><\/h2>\n<p>Desde inicios del siglo xx, hasta la fecha, la problem\u00e1tica de los recursos ha sido ampliamente estudiada, y en concreto la de los recursos humanos o personales en su sentido m\u00e1s amplio, incluido el sector de la edificaci\u00f3n. se han realizado y siguen realiz\u00e1ndose muchos y excelentes trabajos sobre la mano de obra interviniente en la edificaci\u00f3n, con notables aportaciones, en especial relacionadas con sus rendimientos, producci\u00f3n, productividad, m\u00e9todos y sistemas para mejorar el rendimiento, distribuci\u00f3n de recursos, etc.Etc. Pero m\u00e1s bien escasos son los trabajos y aportaciones en lo que a su nivelaci\u00f3n ideal, definida en esta tesis, se refiere. este trabajo de investigaci\u00f3n tiene por objeto el dise\u00f1o de una red \u00f3ptima, que prevea los tiempos de comienzo y terminaci\u00f3n de todos los trabajos necesarios para la ejecuci\u00f3n de una obra de edificaci\u00f3n, que defina las relaciones de simultaneidad o dependencia entre ellos y que la misma sea el resultado de una nivelaci\u00f3n y distribuci\u00f3n de medios personales constante. su objetivo general es establecer el proceso para el dise\u00f1o \u00f3ptimo de una red de programaci\u00f3n de obras de edificaci\u00f3n, como consecuencia de una nivelaci\u00f3n y distribuci\u00f3n de recursos personales constante, previa consecuci\u00f3n de los objetivos espec\u00edficos intermedios que se concretan en desarrollar un algoritmo heur\u00edstico que nos permita nivelar los recursos personales intervinientes de una forma ideal u \u00f3ptima, modeliz\u00e1ndolo y proces\u00e1ndolo, resolviendo los casos singulares y obteniendo la red ideal y \u00f3ptima de la programaci\u00f3n a partir de la nivelaci\u00f3n anterior. esta tesis doctoral, pretende aportar una teor\u00edas que puedan llevarse a la pr\u00e1ctica, para solucionar los problemas descrito anteriormente, con especial atenci\u00f3n a la nivelaci\u00f3n de la mano de obra, poniendo a disposici\u00f3n del sector de la edificaci\u00f3n una herramienta, novedosa, pr\u00e1ctica, eficaz y \u00fatil.<\/p>\n<p>&nbsp;<\/p>\n<h3>Datos acad\u00e9micos de la tesis doctoral \u00ab<strong>Dise\u00f1o \u00f3ptimo de redes para la programaci\u00f3n de obras de edificaci\u00f3n, para una nivelaci\u00f3n y distribuci\u00f3n de recursos personales constante.<\/strong>\u00ab<\/h3>\n<ul>\n<li><strong>T\u00edtulo de la tesis:<\/strong>\u00a0 Dise\u00f1o \u00f3ptimo de redes para la programaci\u00f3n de obras de edificaci\u00f3n, para una nivelaci\u00f3n y distribuci\u00f3n de recursos personales constante. <\/li>\n<li><strong>Autor:<\/strong>\u00a0 Francisco Javier Medina Ram\u00f3n <\/li>\n<li><strong>Universidad:<\/strong>\u00a0 Polit\u00e9cnica de Valencia<\/li>\n<li><strong>Fecha de lectura de la tesis:<\/strong>\u00a0 25\/09\/2008<\/li>\n<\/ul>\n<p>&nbsp;<\/p>\n<h3>Direcci\u00f3n y tribunal<\/h3>\n<ul>\n<li><strong>Director de la tesis<\/strong>\n<ul>\n<li>Jos\u00e9 Luis Ferrer Mu\u00f1oz<\/li>\n<\/ul>\n<\/li>\n<li><strong>Tribunal<\/strong>\n<ul>\n<li>Presidente del tribunal: javier Benlloch marco <\/li>\n<li>Elena Castell\u00e1 l\u00f3pez (vocal)<\/li>\n<li>Miguel Louis cereceda (vocal)<\/li>\n<li>Miguel angel Lopez guerrero (vocal)<\/li>\n<\/ul>\n<\/li>\n<\/ul>\n<p>&nbsp;<\/p>\n","protected":false},"excerpt":{"rendered":"<p>Tesis doctoral de Francisco Javier Medina Ram\u00f3n Desde inicios del siglo xx, hasta la fecha, la problem\u00e1tica de los recursos [&hellip;]<\/p>\n","protected":false},"author":1,"featured_media":0,"comment_status":"open","ping_status":"open","sticky":false,"template":"","format":"standard","meta":{"site-sidebar-layout":"default","site-content-layout":"","ast-site-content-layout":"","site-content-style":"default","site-sidebar-style":"default","ast-global-header-display":"","ast-banner-title-visibility":"","ast-main-header-display":"","ast-hfb-above-header-display":"","ast-hfb-below-header-display":"","ast-hfb-mobile-header-display":"","site-post-title":"","ast-breadcrumbs-content":"","ast-featured-img":"","footer-sml-layout":"","theme-transparent-header-meta":"","adv-header-id-meta":"","stick-header-meta":"","header-above-stick-meta":"","header-main-stick-meta":"","header-below-stick-meta":"","astra-migrate-meta-layouts":"default","ast-page-background-enabled":"default","ast-page-background-meta":{"desktop":{"background-color":"var(--ast-global-color-4)","background-image":"","background-repeat":"repeat","background-position":"center center","background-size":"auto","background-attachment":"scroll","background-type":"","background-media":"","overlay-type":"","overlay-color":"","overlay-gradient":""},"tablet":{"background-color":"","background-image":"","background-repeat":"repeat","background-position":"center center","background-size":"auto","background-attachment":"scroll","background-type":"","background-media":"","overlay-type":"","overlay-color":"","overlay-gradient":""},"mobile":{"background-color":"","background-image":"","background-repeat":"repeat","background-position":"center center","background-size":"auto","background-attachment":"scroll","background-type":"","background-media":"","overlay-type":"","overlay-color":"","overlay-gradient":""}},"ast-content-background-meta":{"desktop":{"background-color":"var(--ast-global-color-5)","background-image":"","background-repeat":"repeat","background-position":"center center","background-size":"auto","background-attachment":"scroll","background-type":"","background-media":"","overlay-type":"","overlay-color":"","overlay-gradient":""},"tablet":{"background-color":"var(--ast-global-color-5)","background-image":"","background-repeat":"repeat","background-position":"center center","background-size":"auto","background-attachment":"scroll","background-type":"","background-media":"","overlay-type":"","overlay-color":"","overlay-gradient":""},"mobile":{"background-color":"var(--ast-global-color-5)","background-image":"","background-repeat":"repeat","background-position":"center center","background-size":"auto","background-attachment":"scroll","background-type":"","background-media":"","overlay-type":"","overlay-color":"","overlay-gradient":""}},"footnotes":""},"categories":[332,58913,16820,4306],"tags":[70291,147719,37648,147720,103035,38944],"class_list":["post-67111","post","type-post","status-publish","format-standard","hentry","category-ciencias-tecnologicas","category-organizacion-de-obras","category-politecnica-de-valencia","category-tecnologia-de-la-construccion","tag-elena-castella-lopez","tag-francisco-javier-medina-ramon","tag-javier-benlloch-marco","tag-jose-luis-ferrer-munoz","tag-miguel-angel-lopez-guerrero","tag-miguel-louis-cereceda"],"_links":{"self":[{"href":"https:\/\/www.deberes.net\/tesis\/wp-json\/wp\/v2\/posts\/67111","targetHints":{"allow":["GET"]}}],"collection":[{"href":"https:\/\/www.deberes.net\/tesis\/wp-json\/wp\/v2\/posts"}],"about":[{"href":"https:\/\/www.deberes.net\/tesis\/wp-json\/wp\/v2\/types\/post"}],"author":[{"embeddable":true,"href":"https:\/\/www.deberes.net\/tesis\/wp-json\/wp\/v2\/users\/1"}],"replies":[{"embeddable":true,"href":"https:\/\/www.deberes.net\/tesis\/wp-json\/wp\/v2\/comments?post=67111"}],"version-history":[{"count":0,"href":"https:\/\/www.deberes.net\/tesis\/wp-json\/wp\/v2\/posts\/67111\/revisions"}],"wp:attachment":[{"href":"https:\/\/www.deberes.net\/tesis\/wp-json\/wp\/v2\/media?parent=67111"}],"wp:term":[{"taxonomy":"category","embeddable":true,"href":"https:\/\/www.deberes.net\/tesis\/wp-json\/wp\/v2\/categories?post=67111"},{"taxonomy":"post_tag","embeddable":true,"href":"https:\/\/www.deberes.net\/tesis\/wp-json\/wp\/v2\/tags?post=67111"}],"curies":[{"name":"wp","href":"https:\/\/api.w.org\/{rel}","templated":true}]}}