{"id":67135,"date":"2018-03-09T22:55:30","date_gmt":"2018-03-09T22:55:30","guid":{"rendered":"https:\/\/www.deberes.net\/tesis\/sin-categoria\/la-definicion-del-terrorismo-una-perspectiva-sistemica\/"},"modified":"2018-03-09T22:55:30","modified_gmt":"2018-03-09T22:55:30","slug":"la-definicion-del-terrorismo-una-perspectiva-sistemica","status":"publish","type":"post","link":"https:\/\/www.deberes.net\/tesis\/derecho-penal\/la-definicion-del-terrorismo-una-perspectiva-sistemica\/","title":{"rendered":"La definici\u00f3n del terrorismo. una perspectiva sist\u00e9mica."},"content":{"rendered":"<h2>Tesis doctoral de <strong> Pedro Carrasco Jim\u00e9nez <\/strong><\/h2>\n<p>En esta tesis aplico una perspectiva sist\u00e9mica a la definici\u00f3n del terrorismo a fin de que \u00e9sta sea general, global, precisa y sencilla. La interdisciplinariedad de ciencias penales (criminolog\u00eda, pol\u00edtica criminal y dogm\u00e1tica jur\u00eddico-penal) y con las restantes ciencias (sociolog\u00eda, ciencias pol\u00edticas, psicolog\u00eda, biolog\u00eda, etc.), El pensamiento complejo, la incertidumbre y la racionalidad intersubjetiva, se convierten as\u00ed en valores capitales en esta tesis, todo lo cual lo desarrollo en la parte primera.  en la parte segunda abordo un estudio profundo de la (in)definici\u00f3n del terrorismo en el derecho (penal, internacional y comparado), la pr\u00e1ctica pol\u00edtica en distintos foros internacionales, la doctrina especializada, y los medios de comunicaci\u00f3n.  en la parte tercera desarrollo las consecuencias negativas de la ausencia de una definici\u00f3n v\u00e1lida de terrorismo para el estado de derecho, la democracia, y la transformaci\u00f3n pac\u00edfica de los conflictos sociopol\u00edticos relacionados con el terrorismo. Este estado de la cuesti\u00f3n nos debe impulsar a superarlo.  en la parte cuarta propongo una definici\u00f3n del terrorismo que, sirvi\u00e9ndome de algunas contribuciones de la asamblea general de la onu y la doctrina especializada, se basa en los siguientes elementos de la estrategia terrorista: organizaci\u00f3n, violencia, intenci\u00f3n de infundir miedo a un sector social y fin pol\u00edtico. A continuaci\u00f3n justifico la utilizaci\u00f3n de esos elementos y no de otros, y, con base en dicha definici\u00f3n, delimito conceptualmente el terrorismo de otros fen\u00f3menos (delictivos y no-delictivos) afines, como los partidos pol\u00edticos, movimientos religiosos, asesinatos pol\u00edticos o en serie, revoluciones violentas, guerra (convencional y no-convencional), delincuencia com\u00fan, organizaciones delictivas o la pirater\u00eda. No obstante, los fen\u00f3menos de estas categor\u00edas conceptuales en la realidad son complejos e interrelacionados, lo cual exige aplicar una l\u00f3gica difusa.  finalmente, en la parte quinta, procedo a sintetizar todo lo desarrollado a lo largo de la tesis, recomendando la reforma de los art\u00edculos 515.2\u00c2\u00ba, 571 y 611.1\u00c2\u00ba del c\u00f3digo penal espa\u00f1ol, para que la conducta t\u00edpica de los mismos quede descrita con la debida precisi\u00f3n, generalidad y sencillez, seg\u00fan la definici\u00f3n propuesta.<\/p>\n<p>&nbsp;<\/p>\n<h3>Datos acad\u00e9micos de la tesis doctoral \u00ab<strong>La definici\u00f3n del terrorismo. una perspectiva sist\u00e9mica.<\/strong>\u00ab<\/h3>\n<ul>\n<li><strong>T\u00edtulo de la tesis:<\/strong>\u00a0 La definici\u00f3n del terrorismo. una perspectiva sist\u00e9mica. <\/li>\n<li><strong>Autor:<\/strong>\u00a0 Pedro Carrasco Jim\u00e9nez <\/li>\n<li><strong>Universidad:<\/strong>\u00a0 Universitat de val\u00e9ncia (estudi general)<\/li>\n<li><strong>Fecha de lectura de la tesis:<\/strong>\u00a0 26\/09\/2008<\/li>\n<\/ul>\n<p>&nbsp;<\/p>\n<h3>Direcci\u00f3n y tribunal<\/h3>\n<ul>\n<li><strong>Director de la tesis<\/strong>\n<ul>\n<li>Vicente Baeza Avallone<\/li>\n<\/ul>\n<\/li>\n<li><strong>Tribunal<\/strong>\n<ul>\n<li>Presidente del tribunal: lorenzo Ferrer figueras <\/li>\n<li>Jos\u00e9 Luis Gonzalez cussac (vocal)<\/li>\n<li>Fernando Reinares nestares (vocal)<\/li>\n<li>joaquin Alcaide fern\u00e1ndez (vocal)<\/li>\n<\/ul>\n<\/li>\n<\/ul>\n<p>&nbsp;<\/p>\n","protected":false},"excerpt":{"rendered":"<p>Tesis doctoral de Pedro Carrasco Jim\u00e9nez En esta tesis aplico una perspectiva sist\u00e9mica a la definici\u00f3n del terrorismo a fin [&hellip;]<\/p>\n","protected":false},"author":1,"featured_media":0,"comment_status":"open","ping_status":"open","sticky":false,"template":"","format":"standard","meta":{"site-sidebar-layout":"default","site-content-layout":"","ast-site-content-layout":"","site-content-style":"default","site-sidebar-style":"default","ast-global-header-display":"","ast-banner-title-visibility":"","ast-main-header-display":"","ast-hfb-above-header-display":"","ast-hfb-below-header-display":"","ast-hfb-mobile-header-display":"","site-post-title":"","ast-breadcrumbs-content":"","ast-featured-img":"","footer-sml-layout":"","theme-transparent-header-meta":"","adv-header-id-meta":"","stick-header-meta":"","header-above-stick-meta":"","header-main-stick-meta":"","header-below-stick-meta":"","astra-migrate-meta-layouts":"default","ast-page-background-enabled":"default","ast-page-background-meta":{"desktop":{"background-color":"var(--ast-global-color-4)","background-image":"","background-repeat":"repeat","background-position":"center center","background-size":"auto","background-attachment":"scroll","background-type":"","background-media":"","overlay-type":"","overlay-color":"","overlay-gradient":""},"tablet":{"background-color":"","background-image":"","background-repeat":"repeat","background-position":"center center","background-size":"auto","background-attachment":"scroll","background-type":"","background-media":"","overlay-type":"","overlay-color":"","overlay-gradient":""},"mobile":{"background-color":"","background-image":"","background-repeat":"repeat","background-position":"center center","background-size":"auto","background-attachment":"scroll","background-type":"","background-media":"","overlay-type":"","overlay-color":"","overlay-gradient":""}},"ast-content-background-meta":{"desktop":{"background-color":"var(--ast-global-color-5)","background-image":"","background-repeat":"repeat","background-position":"center center","background-size":"auto","background-attachment":"scroll","background-type":"","background-media":"","overlay-type":"","overlay-color":"","overlay-gradient":""},"tablet":{"background-color":"var(--ast-global-color-5)","background-image":"","background-repeat":"repeat","background-position":"center center","background-size":"auto","background-attachment":"scroll","background-type":"","background-media":"","overlay-type":"","overlay-color":"","overlay-gradient":""},"mobile":{"background-color":"var(--ast-global-color-5)","background-image":"","background-repeat":"repeat","background-position":"center center","background-size":"auto","background-attachment":"scroll","background-type":"","background-media":"","overlay-type":"","overlay-color":"","overlay-gradient":""}},"footnotes":""},"categories":[24381,613,1295,48665],"tags":[7377,147761,134080,13572,147760,114060],"class_list":["post-67135","post","type-post","status-publish","format-standard","hentry","category-conflictos-internacionales","category-derecho-penal","category-problemas-y-conflictos-sociales","category-terrorismo","tag-fernando-reinares-nestares","tag-joaquin-alcaide-fernandez","tag-jose-luis-gonzalez-cussac","tag-lorenzo-ferrer-figueras","tag-pedro-carrasco-jimenez","tag-vicente-baeza-avallone"],"_links":{"self":[{"href":"https:\/\/www.deberes.net\/tesis\/wp-json\/wp\/v2\/posts\/67135","targetHints":{"allow":["GET"]}}],"collection":[{"href":"https:\/\/www.deberes.net\/tesis\/wp-json\/wp\/v2\/posts"}],"about":[{"href":"https:\/\/www.deberes.net\/tesis\/wp-json\/wp\/v2\/types\/post"}],"author":[{"embeddable":true,"href":"https:\/\/www.deberes.net\/tesis\/wp-json\/wp\/v2\/users\/1"}],"replies":[{"embeddable":true,"href":"https:\/\/www.deberes.net\/tesis\/wp-json\/wp\/v2\/comments?post=67135"}],"version-history":[{"count":0,"href":"https:\/\/www.deberes.net\/tesis\/wp-json\/wp\/v2\/posts\/67135\/revisions"}],"wp:attachment":[{"href":"https:\/\/www.deberes.net\/tesis\/wp-json\/wp\/v2\/media?parent=67135"}],"wp:term":[{"taxonomy":"category","embeddable":true,"href":"https:\/\/www.deberes.net\/tesis\/wp-json\/wp\/v2\/categories?post=67135"},{"taxonomy":"post_tag","embeddable":true,"href":"https:\/\/www.deberes.net\/tesis\/wp-json\/wp\/v2\/tags?post=67135"}],"curies":[{"name":"wp","href":"https:\/\/api.w.org\/{rel}","templated":true}]}}