{"id":67162,"date":"2018-03-09T22:55:30","date_gmt":"2018-03-09T22:55:30","guid":{"rendered":"https:\/\/www.deberes.net\/tesis\/sin-categoria\/posibilidades-arta%c2%adsticas-de-la-imagen-electronica-el-chroma-key\/"},"modified":"2018-03-09T22:55:30","modified_gmt":"2018-03-09T22:55:30","slug":"posibilidades-arta%c2%adsticas-de-la-imagen-electronica-el-chroma-key","status":"publish","type":"post","link":"https:\/\/www.deberes.net\/tesis\/escultura\/posibilidades-arta%c2%adsticas-de-la-imagen-electronica-el-chroma-key\/","title":{"rendered":"Posibilidades art\u00edsticas de la imagen electr\u00f3nica: el chroma-key."},"content":{"rendered":"<h2>Tesis doctoral de <strong> Dolores Furi\u00f3 Vita <\/strong><\/h2>\n<p>Esforzados en reproducir una realidad m\u00e1s real que la propia realidad, hace a\u00f1os que las tecnolog\u00edas de la imagen emplean recursos cada vez m\u00e1s sofisticados con los que elaborar y construir un lenguaje propio.  resulta evidente el desarrollo en estos \u00faltimos treinta a\u00f1os de aplicaciones que integran la t\u00e9cnica de chroma-key como un elemento m\u00e1s de su discurso. Este recurso unido a los diferentes medios que lo emplean (cine, televisi\u00f3n,videoarte) supone una ampliaci\u00f3n formal y expresiva del lenguaje audiovisual.  realizar un estudio sobre las diferentes aplicaciones que se le ha dado al uso del chroma-key, intentando indagar detr\u00e1s de la tecnolog\u00eda para ver las necesidades que ha llevado a los autores a escogerla y qu\u00e9 uso hacen de ella y c\u00f3mo la integran en su discurso.  hemos podido observar que existen diferencias manifiestas en la manera que tienen de aplicar  el cine, la televisi\u00f3n y el videoarte estos recursos.   en el caso del cine, nos interesa por su uso casi imperceptible del chroma-key ya en la d\u00e9cada de los sesenta. En la televisi\u00f3n, observamos que en los \u00faltimos veinte a\u00f1os se ha incorporado una nueva forma de representaci\u00f3n: el decorado virtual. El videoarte desde su nacimiento (a\u00f1os sesenta) emplea el chroma-key de una manera mucho m\u00e1s evidente, priorizando lo experimental que tiene el medio frente a la ilusi\u00f3n de realidad propia del cine. A partir de la revoluci\u00f3n inform\u00e1tica en los noventa, observamos que muchas pr\u00e1cticas art\u00edsticas se engloban dentro de lo que se denomina \u00abinteractivas\u00bb. Aqu\u00ed tambi\u00e9n hemos encontrado alg\u00fan ejemplo de utilizaci\u00f3n del chroma-key, que permite esta interactividad entre los espectadores y la propia obra.  el objetivo de este estudio pretende un an\u00e1lisis formal de estas pr\u00e1cticas con chroma-key, con el fin de establecer el uso expresivo que se deriva del empleo de este recurso.  movidos por el doble inter\u00e9s de crear: por un lado, una base te\u00f3rica que explique y sistematice este empleo del recurso de chroma-key en las dife<\/p>\n<p>&nbsp;<\/p>\n<h3>Datos acad\u00e9micos de la tesis doctoral \u00ab<strong>Posibilidades art\u00edsticas de la imagen electr\u00f3nica: el chroma-key.<\/strong>\u00ab<\/h3>\n<ul>\n<li><strong>T\u00edtulo de la tesis:<\/strong>\u00a0 Posibilidades art\u00edsticas de la imagen electr\u00f3nica: el chroma-key. <\/li>\n<li><strong>Autor:<\/strong>\u00a0 Dolores Furi\u00f3 Vita <\/li>\n<li><strong>Universidad:<\/strong>\u00a0 Polit\u00e9cnica de Valencia<\/li>\n<li><strong>Fecha de lectura de la tesis:<\/strong>\u00a0 26\/09\/2008<\/li>\n<\/ul>\n<p>&nbsp;<\/p>\n<h3>Direcci\u00f3n y tribunal<\/h3>\n<ul>\n<li><strong>Director de la tesis<\/strong>\n<ul>\n<li>Mar\u00eda  De Los Desamparados Carbonell Tatay<\/li>\n<\/ul>\n<\/li>\n<li><strong>Tribunal<\/strong>\n<ul>\n<li>Presidente del tribunal: Miguel Molina alarc\u00f3n <\/li>\n<li>julia Galan serrano (vocal)<\/li>\n<li>Mar\u00eda  Jos\u00e9 Martinez de pison ramon (vocal)<\/li>\n<li>Mar\u00eda blanca Montalvo gallego (vocal)<\/li>\n<\/ul>\n<\/li>\n<\/ul>\n<p>&nbsp;<\/p>\n","protected":false},"excerpt":{"rendered":"<p>Tesis doctoral de Dolores Furi\u00f3 Vita Esforzados en reproducir una realidad m\u00e1s real que la propia realidad, hace a\u00f1os que [&hellip;]<\/p>\n","protected":false},"author":1,"featured_media":0,"comment_status":"open","ping_status":"open","sticky":false,"template":"","format":"standard","meta":{"site-sidebar-layout":"default","site-content-layout":"","ast-site-content-layout":"","site-content-style":"default","site-sidebar-style":"default","ast-global-header-display":"","ast-banner-title-visibility":"","ast-main-header-display":"","ast-hfb-above-header-display":"","ast-hfb-below-header-display":"","ast-hfb-mobile-header-display":"","site-post-title":"","ast-breadcrumbs-content":"","ast-featured-img":"","footer-sml-layout":"","theme-transparent-header-meta":"","adv-header-id-meta":"","stick-header-meta":"","header-above-stick-meta":"","header-main-stick-meta":"","header-below-stick-meta":"","astra-migrate-meta-layouts":"default","ast-page-background-enabled":"default","ast-page-background-meta":{"desktop":{"background-color":"var(--ast-global-color-4)","background-image":"","background-repeat":"repeat","background-position":"center center","background-size":"auto","background-attachment":"scroll","background-type":"","background-media":"","overlay-type":"","overlay-color":"","overlay-gradient":""},"tablet":{"background-color":"","background-image":"","background-repeat":"repeat","background-position":"center center","background-size":"auto","background-attachment":"scroll","background-type":"","background-media":"","overlay-type":"","overlay-color":"","overlay-gradient":""},"mobile":{"background-color":"","background-image":"","background-repeat":"repeat","background-position":"center center","background-size":"auto","background-attachment":"scroll","background-type":"","background-media":"","overlay-type":"","overlay-color":"","overlay-gradient":""}},"ast-content-background-meta":{"desktop":{"background-color":"var(--ast-global-color-5)","background-image":"","background-repeat":"repeat","background-position":"center center","background-size":"auto","background-attachment":"scroll","background-type":"","background-media":"","overlay-type":"","overlay-color":"","overlay-gradient":""},"tablet":{"background-color":"var(--ast-global-color-5)","background-image":"","background-repeat":"repeat","background-position":"center center","background-size":"auto","background-attachment":"scroll","background-type":"","background-media":"","overlay-type":"","overlay-color":"","overlay-gradient":""},"mobile":{"background-color":"var(--ast-global-color-5)","background-image":"","background-repeat":"repeat","background-position":"center center","background-size":"auto","background-attachment":"scroll","background-type":"","background-media":"","overlay-type":"","overlay-color":"","overlay-gradient":""}},"footnotes":""},"categories":[4363,16820],"tags":[147826,58947,83907,11165,44576,31322],"class_list":["post-67162","post","type-post","status-publish","format-standard","hentry","category-escultura","category-politecnica-de-valencia","tag-dolores-furio-vita","tag-julia-galan-serrano","tag-maria-blanca-montalvo-gallego","tag-maria-de-los-desamparados-carbonell-tatay","tag-maria-jose-Martinez-de-pison-ramon","tag-miguel-molina-alarcon"],"_links":{"self":[{"href":"https:\/\/www.deberes.net\/tesis\/wp-json\/wp\/v2\/posts\/67162","targetHints":{"allow":["GET"]}}],"collection":[{"href":"https:\/\/www.deberes.net\/tesis\/wp-json\/wp\/v2\/posts"}],"about":[{"href":"https:\/\/www.deberes.net\/tesis\/wp-json\/wp\/v2\/types\/post"}],"author":[{"embeddable":true,"href":"https:\/\/www.deberes.net\/tesis\/wp-json\/wp\/v2\/users\/1"}],"replies":[{"embeddable":true,"href":"https:\/\/www.deberes.net\/tesis\/wp-json\/wp\/v2\/comments?post=67162"}],"version-history":[{"count":0,"href":"https:\/\/www.deberes.net\/tesis\/wp-json\/wp\/v2\/posts\/67162\/revisions"}],"wp:attachment":[{"href":"https:\/\/www.deberes.net\/tesis\/wp-json\/wp\/v2\/media?parent=67162"}],"wp:term":[{"taxonomy":"category","embeddable":true,"href":"https:\/\/www.deberes.net\/tesis\/wp-json\/wp\/v2\/categories?post=67162"},{"taxonomy":"post_tag","embeddable":true,"href":"https:\/\/www.deberes.net\/tesis\/wp-json\/wp\/v2\/tags?post=67162"}],"curies":[{"name":"wp","href":"https:\/\/api.w.org\/{rel}","templated":true}]}}