{"id":67183,"date":"2018-03-09T22:55:34","date_gmt":"2018-03-09T22:55:34","guid":{"rendered":"https:\/\/www.deberes.net\/tesis\/sin-categoria\/la-accion-constitutiva-en-los-procesos-laborales\/"},"modified":"2018-03-09T22:55:34","modified_gmt":"2018-03-09T22:55:34","slug":"la-accion-constitutiva-en-los-procesos-laborales","status":"publish","type":"post","link":"https:\/\/www.deberes.net\/tesis\/derecho-y-legislacion-nacionales\/la-accion-constitutiva-en-los-procesos-laborales\/","title":{"rendered":"La acci\u00f3n constitutiva en los procesos laborales"},"content":{"rendered":"<h2>Tesis doctoral de <strong> Luis Fernando De Castro Mejuto <\/strong><\/h2>\n<p>Sobre la base de que todas las acciones susceptibles de ser ejercitadas ante los tribunales laborales espa\u00f1oles necesariamente tienen que ser acciones de condena, acciones declarativas o acciones constitutivas, esta tesis estudia el tercer elemento de dicha clasificaci\u00f3n trimembre cl\u00e1sica. En lo esencial, se trata de acciones que pueden dar lugar a sentencias constitutivas, que se caracterizan por el doble dato de producir efectos \u00abex nunc\u00bb y de no resultar aptas para su ejecuci\u00f3n judicial forzosa. Estos dos caracteres s\u00f3lo son predicables de las acciones y sentencias laborales constitutivas \u00abpuras\u00bb, aunque lo m\u00e1s frecuente es que se ejerciten ante los tribunales laborales acciones constitutivas \u00abcomplejas\u00bb, en las que a la pretensi\u00f3n constitutiva se le acumula necesariamente o por imperio de la ley una pretensi\u00f3n de condena.<\/p>\n<p>&nbsp;<\/p>\n<h3>Datos acad\u00e9micos de la tesis doctoral \u00ab<strong>La acci\u00f3n constitutiva en los procesos laborales<\/strong>\u00ab<\/h3>\n<ul>\n<li><strong>T\u00edtulo de la tesis:<\/strong>\u00a0 La acci\u00f3n constitutiva en los procesos laborales <\/li>\n<li><strong>Autor:<\/strong>\u00a0 Luis Fernando De Castro Mejuto <\/li>\n<li><strong>Universidad:<\/strong>\u00a0 A coru\u00f1a<\/li>\n<li><strong>Fecha de lectura de la tesis:<\/strong>\u00a0 29\/09\/2008<\/li>\n<\/ul>\n<p>&nbsp;<\/p>\n<h3>Direcci\u00f3n y tribunal<\/h3>\n<ul>\n<li><strong>Director de la tesis<\/strong>\n<ul>\n<li>Jes\u00fas Mart\u00ednez Gir\u00f3n<\/li>\n<\/ul>\n<\/li>\n<li><strong>Tribunal<\/strong>\n<ul>\n<li>Presidente del tribunal: Antonio Mart\u00edn valverde <\/li>\n<li>Javier Garate castro (vocal)<\/li>\n<li>joaqu\u00edn Garc\u00eda murcia (vocal)<\/li>\n<li>Jes\u00fas Palmou lorenzo (vocal)<\/li>\n<\/ul>\n<\/li>\n<\/ul>\n<p>&nbsp;<\/p>\n","protected":false},"excerpt":{"rendered":"<p>Tesis doctoral de Luis Fernando De Castro Mejuto Sobre la base de que todas las acciones susceptibles de ser ejercitadas [&hellip;]<\/p>\n","protected":false},"author":1,"featured_media":0,"comment_status":"open","ping_status":"open","sticky":false,"template":"","format":"standard","meta":{"site-sidebar-layout":"default","site-content-layout":"","ast-site-content-layout":"","site-content-style":"default","site-sidebar-style":"default","ast-global-header-display":"","ast-banner-title-visibility":"","ast-main-header-display":"","ast-hfb-above-header-display":"","ast-hfb-below-header-display":"","ast-hfb-mobile-header-display":"","site-post-title":"","ast-breadcrumbs-content":"","ast-featured-img":"","footer-sml-layout":"","theme-transparent-header-meta":"","adv-header-id-meta":"","stick-header-meta":"","header-above-stick-meta":"","header-main-stick-meta":"","header-below-stick-meta":"","astra-migrate-meta-layouts":"default","ast-page-background-enabled":"default","ast-page-background-meta":{"desktop":{"background-color":"var(--ast-global-color-4)","background-image":"","background-repeat":"repeat","background-position":"center center","background-size":"auto","background-attachment":"scroll","background-type":"","background-media":"","overlay-type":"","overlay-color":"","overlay-gradient":""},"tablet":{"background-color":"","background-image":"","background-repeat":"repeat","background-position":"center center","background-size":"auto","background-attachment":"scroll","background-type":"","background-media":"","overlay-type":"","overlay-color":"","overlay-gradient":""},"mobile":{"background-color":"","background-image":"","background-repeat":"repeat","background-position":"center center","background-size":"auto","background-attachment":"scroll","background-type":"","background-media":"","overlay-type":"","overlay-color":"","overlay-gradient":""}},"ast-content-background-meta":{"desktop":{"background-color":"var(--ast-global-color-5)","background-image":"","background-repeat":"repeat","background-position":"center center","background-size":"auto","background-attachment":"scroll","background-type":"","background-media":"","overlay-type":"","overlay-color":"","overlay-gradient":""},"tablet":{"background-color":"var(--ast-global-color-5)","background-image":"","background-repeat":"repeat","background-position":"center center","background-size":"auto","background-attachment":"scroll","background-type":"","background-media":"","overlay-type":"","overlay-color":"","overlay-gradient":""},"mobile":{"background-color":"var(--ast-global-color-5)","background-image":"","background-repeat":"repeat","background-position":"center center","background-size":"auto","background-attachment":"scroll","background-type":"","background-media":"","overlay-type":"","overlay-color":"","overlay-gradient":""}},"footnotes":""},"categories":[18576,4927,2170,979,5899],"tags":[11489,24531,5170,127368,32506,147863],"class_list":["post-67183","post","type-post","status-publish","format-standard","hentry","category-a-coruna","category-derecho-comparado","category-derecho-del-trabajo-y-de-la-seguridad-social","category-derecho-y-legislacion-nacionales","category-tribunales","tag-antonio-martin-valverde","tag-javier-garate-castro","tag-jesus-Martinez-giron","tag-jesus-palmou-lorenzo","tag-joaquin-garcia-murcia","tag-luis-fernando-de-castro-mejuto"],"_links":{"self":[{"href":"https:\/\/www.deberes.net\/tesis\/wp-json\/wp\/v2\/posts\/67183","targetHints":{"allow":["GET"]}}],"collection":[{"href":"https:\/\/www.deberes.net\/tesis\/wp-json\/wp\/v2\/posts"}],"about":[{"href":"https:\/\/www.deberes.net\/tesis\/wp-json\/wp\/v2\/types\/post"}],"author":[{"embeddable":true,"href":"https:\/\/www.deberes.net\/tesis\/wp-json\/wp\/v2\/users\/1"}],"replies":[{"embeddable":true,"href":"https:\/\/www.deberes.net\/tesis\/wp-json\/wp\/v2\/comments?post=67183"}],"version-history":[{"count":0,"href":"https:\/\/www.deberes.net\/tesis\/wp-json\/wp\/v2\/posts\/67183\/revisions"}],"wp:attachment":[{"href":"https:\/\/www.deberes.net\/tesis\/wp-json\/wp\/v2\/media?parent=67183"}],"wp:term":[{"taxonomy":"category","embeddable":true,"href":"https:\/\/www.deberes.net\/tesis\/wp-json\/wp\/v2\/categories?post=67183"},{"taxonomy":"post_tag","embeddable":true,"href":"https:\/\/www.deberes.net\/tesis\/wp-json\/wp\/v2\/tags?post=67183"}],"curies":[{"name":"wp","href":"https:\/\/api.w.org\/{rel}","templated":true}]}}