{"id":67215,"date":"2018-03-09T22:55:34","date_gmt":"2018-03-09T22:55:34","guid":{"rendered":"https:\/\/www.deberes.net\/tesis\/sin-categoria\/la-esclavitud-en-extremadura-siglos-xvi-xviii\/"},"modified":"2018-03-09T22:55:34","modified_gmt":"2018-03-09T22:55:34","slug":"la-esclavitud-en-extremadura-siglos-xvi-xviii","status":"publish","type":"post","link":"https:\/\/www.deberes.net\/tesis\/extremadura\/la-esclavitud-en-extremadura-siglos-xvi-xviii\/","title":{"rendered":"La esclavitud en extremadura (siglos xvi-xviii)"},"content":{"rendered":"<h2>Tesis doctoral de <strong> Mar\u00eda Del Roc\u00edo Peri\u00e1\u00f1ez G\u00f3mez <\/strong><\/h2>\n<p>Esta investigaci\u00f3n tiene como objetivo el estudio del fen\u00f3meno esclavista en la extremadura de los tiempos modernos. En ella se trata de ofrecer una visi\u00f3n global acerca de la presencia e inserci\u00f3n de la esclavitud en el territorio extreme\u00f1o, contemplando aspectos como el n\u00famero de esclavos que vivieron en extremadura en los siglos xvi,  xvii y xviii, la procedencia de la poblaci\u00f3n esclava y sus rasgos de identidad, el an\u00e1lisis de las formas de abastecimiento de esclavos: el comercio y el nacimiento, as\u00ed como la vida de las personas sometidas a esclavitud, abordando aspectos como qui\u00e9nes eran los propietarios de los esclavos, a qu\u00e9 trabajos eran destinados, cu\u00e1les eran sus vivencias religiosas, c\u00f3mo era la relaci\u00f3n que manten\u00edan con los amos y con el resto de la sociedad, cu\u00e1les fueron las reacciones de los esclavos ante su situaci\u00f3n de sometimiento y, por \u00faltimo,  qu\u00e9 posibilidades ten\u00edan de convertirse en personas libres y c\u00f3mo fue su inserci\u00f3n, ya como libertos, en el entramado social.<\/p>\n<p>&nbsp;<\/p>\n<h3>Datos acad\u00e9micos de la tesis doctoral \u00ab<strong>La esclavitud en extremadura (siglos xvi-xviii)<\/strong>\u00ab<\/h3>\n<ul>\n<li><strong>T\u00edtulo de la tesis:<\/strong>\u00a0 La esclavitud en extremadura (siglos xvi-xviii) <\/li>\n<li><strong>Autor:<\/strong>\u00a0 Mar\u00eda Del Roc\u00edo Peri\u00e1\u00f1ez G\u00f3mez <\/li>\n<li><strong>Universidad:<\/strong>\u00a0 Extremadura<\/li>\n<li><strong>Fecha de lectura de la tesis:<\/strong>\u00a0 30\/09\/2008<\/li>\n<\/ul>\n<p>&nbsp;<\/p>\n<h3>Direcci\u00f3n y tribunal<\/h3>\n<ul>\n<li><strong>Director de la tesis<\/strong>\n<ul>\n<li>Roc\u00edo S\u00e1nchez Rubio<\/li>\n<\/ul>\n<\/li>\n<li><strong>Tribunal<\/strong>\n<ul>\n<li>Presidente del tribunal: vincent Bernard <\/li>\n<li>Manuel Lobo cabrera (vocal)<\/li>\n<li>alfonso Franco silva (vocal)<\/li>\n<li>Miguel \u00e1ngel Mel\u00f3n jim\u00e9nez (vocal)<\/li>\n<\/ul>\n<\/li>\n<\/ul>\n<p>&nbsp;<\/p>\n","protected":false},"excerpt":{"rendered":"<p>Tesis doctoral de Mar\u00eda Del Roc\u00edo Peri\u00e1\u00f1ez G\u00f3mez Esta investigaci\u00f3n tiene como objetivo el estudio del fen\u00f3meno esclavista en la [&hellip;]<\/p>\n","protected":false},"author":1,"featured_media":0,"comment_status":"open","ping_status":"open","sticky":false,"template":"","format":"standard","meta":{"site-sidebar-layout":"default","site-content-layout":"","ast-site-content-layout":"","site-content-style":"default","site-sidebar-style":"default","ast-global-header-display":"","ast-banner-title-visibility":"","ast-main-header-display":"","ast-hfb-above-header-display":"","ast-hfb-below-header-display":"","ast-hfb-mobile-header-display":"","site-post-title":"","ast-breadcrumbs-content":"","ast-featured-img":"","footer-sml-layout":"","theme-transparent-header-meta":"","adv-header-id-meta":"","stick-header-meta":"","header-above-stick-meta":"","header-main-stick-meta":"","header-below-stick-meta":"","astra-migrate-meta-layouts":"default","ast-page-background-enabled":"default","ast-page-background-meta":{"desktop":{"background-color":"var(--ast-global-color-4)","background-image":"","background-repeat":"repeat","background-position":"center center","background-size":"auto","background-attachment":"scroll","background-type":"","background-media":"","overlay-type":"","overlay-color":"","overlay-gradient":""},"tablet":{"background-color":"","background-image":"","background-repeat":"repeat","background-position":"center center","background-size":"auto","background-attachment":"scroll","background-type":"","background-media":"","overlay-type":"","overlay-color":"","overlay-gradient":""},"mobile":{"background-color":"","background-image":"","background-repeat":"repeat","background-position":"center center","background-size":"auto","background-attachment":"scroll","background-type":"","background-media":"","overlay-type":"","overlay-color":"","overlay-gradient":""}},"ast-content-background-meta":{"desktop":{"background-color":"var(--ast-global-color-5)","background-image":"","background-repeat":"repeat","background-position":"center center","background-size":"auto","background-attachment":"scroll","background-type":"","background-media":"","overlay-type":"","overlay-color":"","overlay-gradient":""},"tablet":{"background-color":"var(--ast-global-color-5)","background-image":"","background-repeat":"repeat","background-position":"center center","background-size":"auto","background-attachment":"scroll","background-type":"","background-media":"","overlay-type":"","overlay-color":"","overlay-gradient":""},"mobile":{"background-color":"var(--ast-global-color-5)","background-image":"","background-repeat":"repeat","background-position":"center center","background-size":"auto","background-attachment":"scroll","background-type":"","background-media":"","overlay-type":"","overlay-color":"","overlay-gradient":""}},"footnotes":""},"categories":[26156,949],"tags":[1749,19073,147913,28805,147914,11821],"class_list":["post-67215","post","type-post","status-publish","format-standard","hentry","category-esclavitud-y-servidumbre","category-extremadura","tag-alfonso-franco-silva","tag-manuel-lobo-cabrera","tag-maria-del-rocio-perianez-gomez","tag-miguel-angel-melon-jimenez","tag-rocio-sanchez-rubio","tag-vincent-bernard"],"_links":{"self":[{"href":"https:\/\/www.deberes.net\/tesis\/wp-json\/wp\/v2\/posts\/67215","targetHints":{"allow":["GET"]}}],"collection":[{"href":"https:\/\/www.deberes.net\/tesis\/wp-json\/wp\/v2\/posts"}],"about":[{"href":"https:\/\/www.deberes.net\/tesis\/wp-json\/wp\/v2\/types\/post"}],"author":[{"embeddable":true,"href":"https:\/\/www.deberes.net\/tesis\/wp-json\/wp\/v2\/users\/1"}],"replies":[{"embeddable":true,"href":"https:\/\/www.deberes.net\/tesis\/wp-json\/wp\/v2\/comments?post=67215"}],"version-history":[{"count":0,"href":"https:\/\/www.deberes.net\/tesis\/wp-json\/wp\/v2\/posts\/67215\/revisions"}],"wp:attachment":[{"href":"https:\/\/www.deberes.net\/tesis\/wp-json\/wp\/v2\/media?parent=67215"}],"wp:term":[{"taxonomy":"category","embeddable":true,"href":"https:\/\/www.deberes.net\/tesis\/wp-json\/wp\/v2\/categories?post=67215"},{"taxonomy":"post_tag","embeddable":true,"href":"https:\/\/www.deberes.net\/tesis\/wp-json\/wp\/v2\/tags?post=67215"}],"curies":[{"name":"wp","href":"https:\/\/api.w.org\/{rel}","templated":true}]}}