{"id":67236,"date":"2008-02-10T00:00:00","date_gmt":"2008-02-10T00:00:00","guid":{"rendered":"https:\/\/www.deberes.net\/tesis\/sin-categoria\/olas-de-calor-efectos-sobre-la-gravedad-de-los-pacientes-ingresados-en-un-servicio-de-urgencias\/"},"modified":"2008-02-10T00:00:00","modified_gmt":"2008-02-10T00:00:00","slug":"olas-de-calor-efectos-sobre-la-gravedad-de-los-pacientes-ingresados-en-un-servicio-de-urgencias","status":"publish","type":"post","link":"https:\/\/www.deberes.net\/tesis\/sin-categoria\/olas-de-calor-efectos-sobre-la-gravedad-de-los-pacientes-ingresados-en-un-servicio-de-urgencias\/","title":{"rendered":"Olas de calor: efectos sobre la gravedad de los pacientes ingresados en un servicio de urgencias."},"content":{"rendered":"<h2>Tesis doctoral de <strong> Francisco Javier Gil Gomez <\/strong><\/h2>\n<p>Null el cambio clim\u00e1tico condiciona una serie de efectos sobre la salud humana,uno de los efectos directos m\u00e1s evidentes, ser\u00eda el del aumento de la frecuencia y severidad de las olas de calor. Se han realizado numerosos estudios de los efectos de las ola s de calor sobre la salud humana de caracter\u00edsticas epidemiol\u00f3gicas,analizan los aspectos relacionados con la mortalidad humana de las mismas. los objetivos fundamentales del estudio son basicamente tres: 1.Analizar si en la poblaci\u00f3n de pacientes in gresados en un servicio de urgencias por causa m\u00e9dica,el grado de severidad cl\u00ednica de los mismos medido en apache iii es mayor o no en las \u00e9pocas de ola de calor. 2. Comprobar si en ese momento hay una mayor frecuencia de ingresos con el diagn\u00f3stico  principal de ictus,s\u00edndrome coronario agudo o insuficiencia cardiaca reagudizada. 3. Identificar variables para enfermar pos calor y cuales son sus implicaciones cl\u00ednicas para ello dise\u00f1\u00e9 un estudio casos-control de 178 casos y 180 controles de paci entes que ingresaron por el servicio de urgencias m\u00e9dicas del hgugm de  Madrid. En el periodo de estudio de junio a septiembre del 2000. se consider\u00f3 ola de calor al periodo temporal en el que la temperatura m\u00e1xima ambientla alcanza o supera los 36,5 \u00c2\u00ba. Los controles ingresan en los dias en que no hay ola. Hubo un total de 9 dias de ola de calor,en ellos se analizaron las variables incluidas en el apache iii y variables reconocidas para enfermar por el calor.Se analizaron en el paquete estad\u00edstic o spss 90. Los resultados fueron: 1. El valor num\u00e9rico del apache iii fue de 39 en los casos vs 29 en los controles, alcanzando significaci\u00f3n estad\u00edstica 2.El score neurol\u00f3gico fue de 2,68 vs 1,44 3. La po2 fue mas baja en los caos 61mm hg que en los  controles 4. Los valores de urea y creatinina fueron mas altos en \u00e1mbos grupos, siendo significativo el de urea en los casos. 5. La incidencia del ictus, sindrome coronario agudo e insuficiencia c\u00e1rdiaca reagudizada no aumentaban en \u00e9poca de calor 6 . Existe una mayor frecuencia de discapacitados, obesos,plurimedicados y pacientes con enfermedades cr\u00f3nicas en los paciente sque ingresaban en \u00e9pocas de ola de calor que aquellos que no lo hacian. queda probado por tanto, que en \u00e9pocas de ola de cal or los pacientes ingresan con ungrado de severidad cl\u00ednica mayor que en periodos veraniegos mas suaves, habiendo determinados colectivos de riesgo entre los que se incluyen: ancianos,discapacitados y pacientes con enfermedades cr\u00f3nicas sobre los que<\/p>\n<p>&nbsp;<\/p>\n<h3>Datos acad\u00e9micos de la tesis doctoral \u00ab<strong>Olas de calor: efectos sobre la gravedad de los pacientes ingresados en un servicio de urgencias.<\/strong>\u00ab<\/h3>\n<ul>\n<li><strong>T\u00edtulo de la tesis:<\/strong>\u00a0 Olas de calor: efectos sobre la gravedad de los pacientes ingresados en un servicio de urgencias. <\/li>\n<li><strong>Autor:<\/strong>\u00a0 Francisco Javier Gil Gomez <\/li>\n<li><strong>Universidad:<\/strong>\u00a0 Complutense de Madrid<\/li>\n<li><strong>Fecha de lectura de la tesis:<\/strong>\u00a0 02\/10\/2008<\/li>\n<\/ul>\n<p>&nbsp;<\/p>\n<h3>Direcci\u00f3n y tribunal<\/h3>\n<ul>\n<li><strong>Director de la tesis<\/strong>\n<ul>\n<li>Elpidio Miguel Calvo Manuel<\/li>\n<\/ul>\n<\/li>\n<li><strong>Tribunal<\/strong>\n<ul>\n<li>Presidente del tribunal: alipio Mangas rojas <\/li>\n<li>  (vocal)<\/li>\n<li>  (vocal)<\/li>\n<li>  (vocal)<\/li>\n<\/ul>\n<\/li>\n<\/ul>\n<p>&nbsp;<\/p>\n","protected":false},"excerpt":{"rendered":"<p>Tesis doctoral de Francisco Javier Gil Gomez Null el cambio clim\u00e1tico condiciona una serie de efectos sobre la salud humana,uno [&hellip;]<\/p>\n","protected":false},"author":1,"featured_media":0,"comment_status":"open","ping_status":"open","sticky":false,"template":"","format":"standard","meta":{"site-sidebar-layout":"default","site-content-layout":"","ast-site-content-layout":"","site-content-style":"default","site-sidebar-style":"default","ast-global-header-display":"","ast-banner-title-visibility":"","ast-main-header-display":"","ast-hfb-above-header-display":"","ast-hfb-below-header-display":"","ast-hfb-mobile-header-display":"","site-post-title":"","ast-breadcrumbs-content":"","ast-featured-img":"","footer-sml-layout":"","theme-transparent-header-meta":"","adv-header-id-meta":"","stick-header-meta":"","header-above-stick-meta":"","header-main-stick-meta":"","header-below-stick-meta":"","astra-migrate-meta-layouts":"default","ast-page-background-enabled":"default","ast-page-background-meta":{"desktop":{"background-color":"var(--ast-global-color-4)","background-image":"","background-repeat":"repeat","background-position":"center center","background-size":"auto","background-attachment":"scroll","background-type":"","background-media":"","overlay-type":"","overlay-color":"","overlay-gradient":""},"tablet":{"background-color":"","background-image":"","background-repeat":"repeat","background-position":"center center","background-size":"auto","background-attachment":"scroll","background-type":"","background-media":"","overlay-type":"","overlay-color":"","overlay-gradient":""},"mobile":{"background-color":"","background-image":"","background-repeat":"repeat","background-position":"center center","background-size":"auto","background-attachment":"scroll","background-type":"","background-media":"","overlay-type":"","overlay-color":"","overlay-gradient":""}},"ast-content-background-meta":{"desktop":{"background-color":"var(--ast-global-color-5)","background-image":"","background-repeat":"repeat","background-position":"center center","background-size":"auto","background-attachment":"scroll","background-type":"","background-media":"","overlay-type":"","overlay-color":"","overlay-gradient":""},"tablet":{"background-color":"var(--ast-global-color-5)","background-image":"","background-repeat":"repeat","background-position":"center center","background-size":"auto","background-attachment":"scroll","background-type":"","background-media":"","overlay-type":"","overlay-color":"","overlay-gradient":""},"mobile":{"background-color":"var(--ast-global-color-5)","background-image":"","background-repeat":"repeat","background-position":"center center","background-size":"auto","background-attachment":"scroll","background-type":"","background-media":"","overlay-type":"","overlay-color":"","overlay-gradient":""}},"footnotes":""},"categories":[1],"tags":[1882,147951,147950],"class_list":["post-67236","post","type-post","status-publish","format-standard","hentry","category-sin-categoria","tag-alipio-mangas-rojas","tag-elpidio-miguel-calvo-manuel","tag-francisco-javier-gil-gomez"],"_links":{"self":[{"href":"https:\/\/www.deberes.net\/tesis\/wp-json\/wp\/v2\/posts\/67236","targetHints":{"allow":["GET"]}}],"collection":[{"href":"https:\/\/www.deberes.net\/tesis\/wp-json\/wp\/v2\/posts"}],"about":[{"href":"https:\/\/www.deberes.net\/tesis\/wp-json\/wp\/v2\/types\/post"}],"author":[{"embeddable":true,"href":"https:\/\/www.deberes.net\/tesis\/wp-json\/wp\/v2\/users\/1"}],"replies":[{"embeddable":true,"href":"https:\/\/www.deberes.net\/tesis\/wp-json\/wp\/v2\/comments?post=67236"}],"version-history":[{"count":0,"href":"https:\/\/www.deberes.net\/tesis\/wp-json\/wp\/v2\/posts\/67236\/revisions"}],"wp:attachment":[{"href":"https:\/\/www.deberes.net\/tesis\/wp-json\/wp\/v2\/media?parent=67236"}],"wp:term":[{"taxonomy":"category","embeddable":true,"href":"https:\/\/www.deberes.net\/tesis\/wp-json\/wp\/v2\/categories?post=67236"},{"taxonomy":"post_tag","embeddable":true,"href":"https:\/\/www.deberes.net\/tesis\/wp-json\/wp\/v2\/tags?post=67236"}],"curies":[{"name":"wp","href":"https:\/\/api.w.org\/{rel}","templated":true}]}}