{"id":67445,"date":"2018-03-09T22:55:51","date_gmt":"2018-03-09T22:55:51","guid":{"rendered":"https:\/\/www.deberes.net\/tesis\/sin-categoria\/evaluacion-de-competencias-clave-en-el-aprendizaje-de-ciencias-desde-la-perspectiva-ciencia-tecnologa%c2%ada-y-sociedad\/"},"modified":"2018-03-09T22:55:51","modified_gmt":"2018-03-09T22:55:51","slug":"evaluacion-de-competencias-clave-en-el-aprendizaje-de-ciencias-desde-la-perspectiva-ciencia-tecnologa%c2%ada-y-sociedad","status":"publish","type":"post","link":"https:\/\/www.deberes.net\/tesis\/evaluacion-de-alumnos\/evaluacion-de-competencias-clave-en-el-aprendizaje-de-ciencias-desde-la-perspectiva-ciencia-tecnologa%c2%ada-y-sociedad\/","title":{"rendered":"Evaluaci\u00f3n de competencias clave en el aprendizaje de ciencias desde la perspectiva ciencia, tecnolog\u00eda y sociedad"},"content":{"rendered":"<h2>Tesis doctoral de <strong> Sergio Correa Guti\u00e9rrez <\/strong><\/h2>\n<p>En este trabajo se hace una evaluaci\u00f3n del nivel de alfabetizaci\u00f3n cient\u00edfica y tecnol\u00f3gica de alumnos egresados de la eso en sevilla capital. Se parte de una definici\u00f3n de alfabetizaci\u00f3n cient\u00edfica y tecnol\u00f3gica como una competencia ciudadana, en la que se integran las aportaciones de tres \u00e1reas tem\u00e1ticas: educaci\u00f3n cts, formaci\u00f3n para la ciudadan\u00eda y competencias clave. a partir de un abordaje metodol\u00f3gico mixto, se analiza el nivel de aprendizaje de los elementos cognitivos y afectivos relacionados con la ciencia y la tecnolog\u00eda y, posteriormente, se analiza el nivel de desempe\u00f1o en la resoluci\u00f3n de una controversia tecnocient\u00edfica. Asimismo, se estudian las relaciones entre los niveles de aprendizaje y desempe\u00f1o que conforman la alfabetizaci\u00f3n cient\u00edfica y tecnol\u00f3gica como competencia ciudadana.<\/p>\n<p>&nbsp;<\/p>\n<h3>Datos acad\u00e9micos de la tesis doctoral \u00ab<strong>Evaluaci\u00f3n de competencias clave en el aprendizaje de ciencias desde la perspectiva ciencia, tecnolog\u00eda y sociedad<\/strong>\u00ab<\/h3>\n<ul>\n<li><strong>T\u00edtulo de la tesis:<\/strong>\u00a0 Evaluaci\u00f3n de competencias clave en el aprendizaje de ciencias desde la perspectiva ciencia, tecnolog\u00eda y sociedad <\/li>\n<li><strong>Autor:<\/strong>\u00a0 Sergio Correa Guti\u00e9rrez <\/li>\n<li><strong>Universidad:<\/strong>\u00a0 Sevilla<\/li>\n<li><strong>Fecha de lectura de la tesis:<\/strong>\u00a0 16\/10\/2008<\/li>\n<\/ul>\n<p>&nbsp;<\/p>\n<h3>Direcci\u00f3n y tribunal<\/h3>\n<ul>\n<li><strong>Director de la tesis<\/strong>\n<ul>\n<li>Teresa Gonzalez Ramirez<\/li>\n<\/ul>\n<\/li>\n<li><strong>Tribunal<\/strong>\n<ul>\n<li>Presidente del tribunal: joan Mateo andres <\/li>\n<li>Juan  de Pablos pons (vocal)<\/li>\n<li>consuelo V\u00e9laz de medrano ureta (vocal)<\/li>\n<li>pilar Col\u00e1s bravo (vocal)<\/li>\n<\/ul>\n<\/li>\n<\/ul>\n<p>&nbsp;<\/p>\n","protected":false},"excerpt":{"rendered":"<p>Tesis doctoral de Sergio Correa Guti\u00e9rrez En este trabajo se hace una evaluaci\u00f3n del nivel de alfabetizaci\u00f3n cient\u00edfica y tecnol\u00f3gica [&hellip;]<\/p>\n","protected":false},"author":1,"featured_media":0,"comment_status":"open","ping_status":"open","sticky":false,"template":"","format":"standard","meta":{"site-sidebar-layout":"default","site-content-layout":"","ast-site-content-layout":"","site-content-style":"default","site-sidebar-style":"default","ast-global-header-display":"","ast-banner-title-visibility":"","ast-main-header-display":"","ast-hfb-above-header-display":"","ast-hfb-below-header-display":"","ast-hfb-mobile-header-display":"","site-post-title":"","ast-breadcrumbs-content":"","ast-featured-img":"","footer-sml-layout":"","theme-transparent-header-meta":"","adv-header-id-meta":"","stick-header-meta":"","header-above-stick-meta":"","header-main-stick-meta":"","header-below-stick-meta":"","astra-migrate-meta-layouts":"default","ast-page-background-enabled":"default","ast-page-background-meta":{"desktop":{"background-color":"var(--ast-global-color-4)","background-image":"","background-repeat":"repeat","background-position":"center center","background-size":"auto","background-attachment":"scroll","background-type":"","background-media":"","overlay-type":"","overlay-color":"","overlay-gradient":""},"tablet":{"background-color":"","background-image":"","background-repeat":"repeat","background-position":"center center","background-size":"auto","background-attachment":"scroll","background-type":"","background-media":"","overlay-type":"","overlay-color":"","overlay-gradient":""},"mobile":{"background-color":"","background-image":"","background-repeat":"repeat","background-position":"center center","background-size":"auto","background-attachment":"scroll","background-type":"","background-media":"","overlay-type":"","overlay-color":"","overlay-gradient":""}},"ast-content-background-meta":{"desktop":{"background-color":"var(--ast-global-color-5)","background-image":"","background-repeat":"repeat","background-position":"center center","background-size":"auto","background-attachment":"scroll","background-type":"","background-media":"","overlay-type":"","overlay-color":"","overlay-gradient":""},"tablet":{"background-color":"var(--ast-global-color-5)","background-image":"","background-repeat":"repeat","background-position":"center center","background-size":"auto","background-attachment":"scroll","background-type":"","background-media":"","overlay-type":"","overlay-color":"","overlay-gradient":""},"mobile":{"background-color":"var(--ast-global-color-5)","background-image":"","background-repeat":"repeat","background-position":"center center","background-size":"auto","background-attachment":"scroll","background-type":"","background-media":"","overlay-type":"","overlay-color":"","overlay-gradient":""}},"footnotes":""},"categories":[6020,10715],"tags":[148351,8809,133873,10888,148350,45460],"class_list":["post-67445","post","type-post","status-publish","format-standard","hentry","category-evaluacion-de-alumnos","category-sevilla","tag-consuelo-velaz-de-medrano-ureta","tag-joan-mateo-andres","tag-juan-de-pablos-pons","tag-pilar-colas-bravo","tag-sergio-correa-gutierrez","tag-teresa-gonzalez-ramirez"],"_links":{"self":[{"href":"https:\/\/www.deberes.net\/tesis\/wp-json\/wp\/v2\/posts\/67445","targetHints":{"allow":["GET"]}}],"collection":[{"href":"https:\/\/www.deberes.net\/tesis\/wp-json\/wp\/v2\/posts"}],"about":[{"href":"https:\/\/www.deberes.net\/tesis\/wp-json\/wp\/v2\/types\/post"}],"author":[{"embeddable":true,"href":"https:\/\/www.deberes.net\/tesis\/wp-json\/wp\/v2\/users\/1"}],"replies":[{"embeddable":true,"href":"https:\/\/www.deberes.net\/tesis\/wp-json\/wp\/v2\/comments?post=67445"}],"version-history":[{"count":0,"href":"https:\/\/www.deberes.net\/tesis\/wp-json\/wp\/v2\/posts\/67445\/revisions"}],"wp:attachment":[{"href":"https:\/\/www.deberes.net\/tesis\/wp-json\/wp\/v2\/media?parent=67445"}],"wp:term":[{"taxonomy":"category","embeddable":true,"href":"https:\/\/www.deberes.net\/tesis\/wp-json\/wp\/v2\/categories?post=67445"},{"taxonomy":"post_tag","embeddable":true,"href":"https:\/\/www.deberes.net\/tesis\/wp-json\/wp\/v2\/tags?post=67445"}],"curies":[{"name":"wp","href":"https:\/\/api.w.org\/{rel}","templated":true}]}}