{"id":67446,"date":"2018-03-09T22:55:51","date_gmt":"2018-03-09T22:55:51","guid":{"rendered":"https:\/\/www.deberes.net\/tesis\/sin-categoria\/el-derecho-a-la-intimidad-del-trabajador-y-los-limites-en-el-ejercicio-del-poder-de-direccion-del-empresario-en-especial-respecto-a-la-utilizacion-de-medios-telematicos\/"},"modified":"2018-03-09T22:55:51","modified_gmt":"2018-03-09T22:55:51","slug":"el-derecho-a-la-intimidad-del-trabajador-y-los-limites-en-el-ejercicio-del-poder-de-direccion-del-empresario-en-especial-respecto-a-la-utilizacion-de-medios-telematicos","status":"publish","type":"post","link":"https:\/\/www.deberes.net\/tesis\/derecho-del-trabajo-y-de-la-seguridad-social\/el-derecho-a-la-intimidad-del-trabajador-y-los-limites-en-el-ejercicio-del-poder-de-direccion-del-empresario-en-especial-respecto-a-la-utilizacion-de-medios-telematicos\/","title":{"rendered":"El derecho a la intimidad del trabajador y los limites en el ejercicio del poder de direcci\u00f3n del empresario, en especial respecto a la utilizaci\u00f3n de medios telem\u00e1ticos"},"content":{"rendered":"<h2>Tesis doctoral de <strong> Fabio Tulio Correia Ribeiro <\/strong><\/h2>\n<p>En un mundo en el cual lo p\u00fablico parece ocupar todos los espacios, afirm\u00e1ndose como \u00fanica instancia en la que es posible vivir y transitar, insinu\u00e1ndose con franca y cada vez m\u00e1s  abierta desenvoltura en las instituciones sociales, como la iglesia, la familia, la f\u00e1brica, \u00c2\u00bfa\u00fan ser\u00e1 posible pensar en privacidad, aislamiento, intimidad? Esa parece ser una de las m\u00e1s candentes cuestiones enfrentadas por el derecho contempor\u00e1neo, sobre todo en aquellas circunstancias en que hay, entre los sujetos que establecen una relaci\u00f3n jur\u00eddica, dependencia econ\u00f3mica y subordinaci\u00f3n jur\u00eddica, como es el caso del trabajador respecto al empresario. Es que si hoy muchos exponen voluntariamente aquello que otrora ser\u00eda su privacy, otros tantos lo hacen no porque lo quieran, sino porque son constre\u00f1idos por personas a quien deben, por imposici\u00f3n jur\u00eddica, acatamiento. el peligro manifiesto por detr\u00e1s del ideal baconiano de dominio del hombre sobre la naturaleza y sobre lo que le cerca mediante el progreso tecnol\u00f3gico y cient\u00edfico no resulta propiamente de sus fallas, sino de su incre\u00edble acierto. El avance tecnol\u00f3gico permite realizaciones impensables, y con ellas abusos dantescos, que comprometen la intangibilidad humana y apocan a quien ya es fr\u00e1gil, como el trabajador. Los juristas, at\u00f3nitos, en contraposici\u00f3n, hablan de libertad inform\u00e1tica para referir un contrapunto, una construcci\u00f3n te\u00f3rica que permita trazar l\u00edneas demarcatorias de lo que es o no legal y leg\u00edtimo hacer al empresario, con estos aparatos tecnol\u00f3gicos. en cuanto a esto, sobresale el papel de vanguardia de las cortes judiciales, principalmente el tribunal constitucional, que deciden las tormentosas cuestiones presentadas sin que dispongan de aparato legal tan innovador o avanzado como ser\u00eda menester para hacer frente al desaf\u00edo. La primera providencia es reafirmar, con toda gallard\u00eda, el valor supremo de la persona humana como epicentro de todos los dem\u00e1s valores, para despu\u00e9s constatar que all\u00ed donde no hay derecho a estar solo, esa dignidad queda malherida. La segunda, derivada de la primera, es reconocer que el hombre solamente es hombre por su libertad, motivo por el cual la heteronimia absoluta tiende a la estratificaci\u00f3n. La tercera y no menos importante, es recoger en la constituci\u00f3n criterios ponderados de  an\u00e1lisis, que permitan una decisi\u00f3n racional y conforme al esp\u00edritu de la \u00e9poca.  palabras llaves: dignidad humana; derecho a la intimidad; derecho fundamental; poder de direcci\u00f3n; libertad inform\u00e1tica; principio de la proporcionalidad.<\/p>\n<p>&nbsp;<\/p>\n<h3>Datos acad\u00e9micos de la tesis doctoral \u00ab<strong>El derecho a la intimidad del trabajador y los limites en el ejercicio del poder de direcci\u00f3n del empresario, en especial respecto a la utilizaci\u00f3n de medios telem\u00e1ticos<\/strong>\u00ab<\/h3>\n<ul>\n<li><strong>T\u00edtulo de la tesis:<\/strong>\u00a0 El derecho a la intimidad del trabajador y los limites en el ejercicio del poder de direcci\u00f3n del empresario, en especial respecto a la utilizaci\u00f3n de medios telem\u00e1ticos <\/li>\n<li><strong>Autor:<\/strong>\u00a0 Fabio Tulio Correia Ribeiro <\/li>\n<li><strong>Universidad:<\/strong>\u00a0 Castilla-la mancha<\/li>\n<li><strong>Fecha de lectura de la tesis:<\/strong>\u00a0 16\/10\/2008<\/li>\n<\/ul>\n<p>&nbsp;<\/p>\n<h3>Direcci\u00f3n y tribunal<\/h3>\n<ul>\n<li><strong>Director de la tesis<\/strong>\n<ul>\n<li>Ana Marta Olmo Gascon<\/li>\n<\/ul>\n<\/li>\n<li><strong>Tribunal<\/strong>\n<ul>\n<li>Presidente del tribunal: Antonio Baylos grau <\/li>\n<li>Juan  ramon Paramo arguelles (vocal)<\/li>\n<li>Mar\u00eda  belen Cardona rubert (vocal)<\/li>\n<li>m. edurne Terradillos ormaetxea (vocal)<\/li>\n<\/ul>\n<\/li>\n<\/ul>\n<p>&nbsp;<\/p>\n","protected":false},"excerpt":{"rendered":"<p>Tesis doctoral de Fabio Tulio Correia Ribeiro En un mundo en el cual lo p\u00fablico parece ocupar todos los espacios, [&hellip;]<\/p>\n","protected":false},"author":1,"featured_media":0,"comment_status":"open","ping_status":"open","sticky":false,"template":"","format":"standard","meta":{"site-sidebar-layout":"default","site-content-layout":"","ast-site-content-layout":"","site-content-style":"default","site-sidebar-style":"default","ast-global-header-display":"","ast-banner-title-visibility":"","ast-main-header-display":"","ast-hfb-above-header-display":"","ast-hfb-below-header-display":"","ast-hfb-mobile-header-display":"","site-post-title":"","ast-breadcrumbs-content":"","ast-featured-img":"","footer-sml-layout":"","theme-transparent-header-meta":"","adv-header-id-meta":"","stick-header-meta":"","header-above-stick-meta":"","header-main-stick-meta":"","header-below-stick-meta":"","astra-migrate-meta-layouts":"default","ast-page-background-enabled":"default","ast-page-background-meta":{"desktop":{"background-color":"var(--ast-global-color-4)","background-image":"","background-repeat":"repeat","background-position":"center center","background-size":"auto","background-attachment":"scroll","background-type":"","background-media":"","overlay-type":"","overlay-color":"","overlay-gradient":""},"tablet":{"background-color":"","background-image":"","background-repeat":"repeat","background-position":"center center","background-size":"auto","background-attachment":"scroll","background-type":"","background-media":"","overlay-type":"","overlay-color":"","overlay-gradient":""},"mobile":{"background-color":"","background-image":"","background-repeat":"repeat","background-position":"center center","background-size":"auto","background-attachment":"scroll","background-type":"","background-media":"","overlay-type":"","overlay-color":"","overlay-gradient":""}},"ast-content-background-meta":{"desktop":{"background-color":"var(--ast-global-color-5)","background-image":"","background-repeat":"repeat","background-position":"center center","background-size":"auto","background-attachment":"scroll","background-type":"","background-media":"","overlay-type":"","overlay-color":"","overlay-gradient":""},"tablet":{"background-color":"var(--ast-global-color-5)","background-image":"","background-repeat":"repeat","background-position":"center center","background-size":"auto","background-attachment":"scroll","background-type":"","background-media":"","overlay-type":"","overlay-color":"","overlay-gradient":""},"mobile":{"background-color":"var(--ast-global-color-5)","background-image":"","background-repeat":"repeat","background-position":"center center","background-size":"auto","background-attachment":"scroll","background-type":"","background-media":"","overlay-type":"","overlay-color":"","overlay-gradient":""}},"footnotes":""},"categories":[18451,2170],"tags":[148353,18714,148352,5946,104579,94850],"class_list":["post-67446","post","type-post","status-publish","format-standard","hentry","category-castilla-la-mancha","category-derecho-del-trabajo-y-de-la-seguridad-social","tag-ana-marta-olmo-gascon","tag-antonio-baylos-grau","tag-fabio-tulio-correia-ribeiro","tag-juan-ramon-paramo-arguelles","tag-m-edurne-terradillos-ormaetxea","tag-maria-belen-cardona-rubert"],"_links":{"self":[{"href":"https:\/\/www.deberes.net\/tesis\/wp-json\/wp\/v2\/posts\/67446","targetHints":{"allow":["GET"]}}],"collection":[{"href":"https:\/\/www.deberes.net\/tesis\/wp-json\/wp\/v2\/posts"}],"about":[{"href":"https:\/\/www.deberes.net\/tesis\/wp-json\/wp\/v2\/types\/post"}],"author":[{"embeddable":true,"href":"https:\/\/www.deberes.net\/tesis\/wp-json\/wp\/v2\/users\/1"}],"replies":[{"embeddable":true,"href":"https:\/\/www.deberes.net\/tesis\/wp-json\/wp\/v2\/comments?post=67446"}],"version-history":[{"count":0,"href":"https:\/\/www.deberes.net\/tesis\/wp-json\/wp\/v2\/posts\/67446\/revisions"}],"wp:attachment":[{"href":"https:\/\/www.deberes.net\/tesis\/wp-json\/wp\/v2\/media?parent=67446"}],"wp:term":[{"taxonomy":"category","embeddable":true,"href":"https:\/\/www.deberes.net\/tesis\/wp-json\/wp\/v2\/categories?post=67446"},{"taxonomy":"post_tag","embeddable":true,"href":"https:\/\/www.deberes.net\/tesis\/wp-json\/wp\/v2\/tags?post=67446"}],"curies":[{"name":"wp","href":"https:\/\/api.w.org\/{rel}","templated":true}]}}