{"id":67467,"date":"2018-03-09T22:55:55","date_gmt":"2018-03-09T22:55:55","guid":{"rendered":"https:\/\/www.deberes.net\/tesis\/sin-categoria\/analisis-de-la-distribucion-de-ozono-troposferico-en-la-povincia-de-alicante\/"},"modified":"2018-03-09T22:55:55","modified_gmt":"2018-03-09T22:55:55","slug":"analisis-de-la-distribucion-de-ozono-troposferico-en-la-povincia-de-alicante","status":"publish","type":"post","link":"https:\/\/www.deberes.net\/tesis\/contaminacion-atmosferica\/analisis-de-la-distribucion-de-ozono-troposferico-en-la-povincia-de-alicante\/","title":{"rendered":"An\u00e1lisis de la distribuci\u00f3n de ozono troposf\u00e9rico en la povincia de alicante"},"content":{"rendered":"<h2>Tesis doctoral de <strong> Sandra Caballero Dom\u00ednguez <\/strong><\/h2>\n<p>La tesis doctoral se basa en las medidas de la concentraci\u00f3n de ozono troposf\u00e9rico realizadas durante los a\u00f1os 2003, 2004 y 2005 en la provincia de alicante, utilizando dos\u00edmetros pasivos y analizadores autom\u00e1ticos. El estudio realizado ampl\u00eda los conocimientos sobre la din\u00e1mica del ozono en la cuenca mediterr\u00e1nea, a\u00f1adiendo un detalle espacial no disponible hasta entonces. Adem\u00e1s, las medidas obtenidas han permitido desarrollar un modelo sencillo de multirregresi\u00f3n lineal para estimar los niveles de ozono en otros puntos de la comunidad Valenciana. Esto resulta especialmente \u00fatil para complementar el dise\u00f1o de la red de medidas de concentraci\u00f3n de ozono en esta zona.<\/p>\n<p>&nbsp;<\/p>\n<h3>Datos acad\u00e9micos de la tesis doctoral \u00ab<strong>An\u00e1lisis de la distribuci\u00f3n de ozono troposf\u00e9rico en la povincia de alicante<\/strong>\u00ab<\/h3>\n<ul>\n<li><strong>T\u00edtulo de la tesis:<\/strong>\u00a0 An\u00e1lisis de la distribuci\u00f3n de ozono troposf\u00e9rico en la povincia de alicante <\/li>\n<li><strong>Autor:<\/strong>\u00a0 Sandra Caballero Dom\u00ednguez <\/li>\n<li><strong>Universidad:<\/strong>\u00a0 Miguel hern\u00e1ndez de elche<\/li>\n<li><strong>Fecha de lectura de la tesis:<\/strong>\u00a0 16\/10\/2008<\/li>\n<\/ul>\n<p>&nbsp;<\/p>\n<h3>Direcci\u00f3n y tribunal<\/h3>\n<ul>\n<li><strong>Director de la tesis<\/strong>\n<ul>\n<li>Jame Javier Crespo Mira<\/li>\n<\/ul>\n<\/li>\n<li><strong>Tribunal<\/strong>\n<ul>\n<li>Presidente del tribunal: Carlos Pastor ant\u00f3n <\/li>\n<li>xavier Querol carceller (vocal)<\/li>\n<li>franco Lucarelli (vocal)<\/li>\n<li>mill\u00e1n Mill\u00e1n mu\u00f1oz (vocal)<\/li>\n<\/ul>\n<\/li>\n<\/ul>\n<p>&nbsp;<\/p>\n","protected":false},"excerpt":{"rendered":"<p>Tesis doctoral de Sandra Caballero Dom\u00ednguez La tesis doctoral se basa en las medidas de la concentraci\u00f3n de ozono troposf\u00e9rico [&hellip;]<\/p>\n","protected":false},"author":1,"featured_media":0,"comment_status":"open","ping_status":"open","sticky":false,"template":"","format":"standard","meta":{"site-sidebar-layout":"default","site-content-layout":"","ast-site-content-layout":"","site-content-style":"default","site-sidebar-style":"default","ast-global-header-display":"","ast-banner-title-visibility":"","ast-main-header-display":"","ast-hfb-above-header-display":"","ast-hfb-below-header-display":"","ast-hfb-mobile-header-display":"","site-post-title":"","ast-breadcrumbs-content":"","ast-featured-img":"","footer-sml-layout":"","theme-transparent-header-meta":"","adv-header-id-meta":"","stick-header-meta":"","header-above-stick-meta":"","header-main-stick-meta":"","header-below-stick-meta":"","astra-migrate-meta-layouts":"default","ast-page-background-enabled":"default","ast-page-background-meta":{"desktop":{"background-color":"var(--ast-global-color-4)","background-image":"","background-repeat":"repeat","background-position":"center center","background-size":"auto","background-attachment":"scroll","background-type":"","background-media":"","overlay-type":"","overlay-color":"","overlay-gradient":""},"tablet":{"background-color":"","background-image":"","background-repeat":"repeat","background-position":"center center","background-size":"auto","background-attachment":"scroll","background-type":"","background-media":"","overlay-type":"","overlay-color":"","overlay-gradient":""},"mobile":{"background-color":"","background-image":"","background-repeat":"repeat","background-position":"center center","background-size":"auto","background-attachment":"scroll","background-type":"","background-media":"","overlay-type":"","overlay-color":"","overlay-gradient":""}},"ast-content-background-meta":{"desktop":{"background-color":"var(--ast-global-color-5)","background-image":"","background-repeat":"repeat","background-position":"center center","background-size":"auto","background-attachment":"scroll","background-type":"","background-media":"","overlay-type":"","overlay-color":"","overlay-gradient":""},"tablet":{"background-color":"var(--ast-global-color-5)","background-image":"","background-repeat":"repeat","background-position":"center center","background-size":"auto","background-attachment":"scroll","background-type":"","background-media":"","overlay-type":"","overlay-color":"","overlay-gradient":""},"mobile":{"background-color":"var(--ast-global-color-5)","background-image":"","background-repeat":"repeat","background-position":"center center","background-size":"auto","background-attachment":"scroll","background-type":"","background-media":"","overlay-type":"","overlay-color":"","overlay-gradient":""}},"footnotes":""},"categories":[4520,11675,37169],"tags":[16959,148362,148361,5882,148392,32674],"class_list":["post-67467","post","type-post","status-publish","format-standard","hentry","category-contaminacion-atmosferica","category-control-de-la-contaminacion-atmosferica","category-miguel-hernandez-de-elche","tag-carlos-pastor-anton","tag-franco-lucarelli","tag-jame-javier-crespo-mira","tag-millan-millan-munoz","tag-sandra-caballero-dominguez","tag-xavier-querol-carceller"],"_links":{"self":[{"href":"https:\/\/www.deberes.net\/tesis\/wp-json\/wp\/v2\/posts\/67467","targetHints":{"allow":["GET"]}}],"collection":[{"href":"https:\/\/www.deberes.net\/tesis\/wp-json\/wp\/v2\/posts"}],"about":[{"href":"https:\/\/www.deberes.net\/tesis\/wp-json\/wp\/v2\/types\/post"}],"author":[{"embeddable":true,"href":"https:\/\/www.deberes.net\/tesis\/wp-json\/wp\/v2\/users\/1"}],"replies":[{"embeddable":true,"href":"https:\/\/www.deberes.net\/tesis\/wp-json\/wp\/v2\/comments?post=67467"}],"version-history":[{"count":0,"href":"https:\/\/www.deberes.net\/tesis\/wp-json\/wp\/v2\/posts\/67467\/revisions"}],"wp:attachment":[{"href":"https:\/\/www.deberes.net\/tesis\/wp-json\/wp\/v2\/media?parent=67467"}],"wp:term":[{"taxonomy":"category","embeddable":true,"href":"https:\/\/www.deberes.net\/tesis\/wp-json\/wp\/v2\/categories?post=67467"},{"taxonomy":"post_tag","embeddable":true,"href":"https:\/\/www.deberes.net\/tesis\/wp-json\/wp\/v2\/tags?post=67467"}],"curies":[{"name":"wp","href":"https:\/\/api.w.org\/{rel}","templated":true}]}}