{"id":67526,"date":"2018-03-09T22:55:59","date_gmt":"2018-03-09T22:55:59","guid":{"rendered":"https:\/\/www.deberes.net\/tesis\/sin-categoria\/para%c2%ads-1919-1939-escultura-cra%c2%adtica-y-revistas-de-arte\/"},"modified":"2018-03-09T22:55:59","modified_gmt":"2018-03-09T22:55:59","slug":"para%c2%ads-1919-1939-escultura-cra%c2%adtica-y-revistas-de-arte","status":"publish","type":"post","link":"https:\/\/www.deberes.net\/tesis\/sin-categoria\/para%c2%ads-1919-1939-escultura-cra%c2%adtica-y-revistas-de-arte\/","title":{"rendered":"Par\u00eds 1919-1939. escultura, cr\u00edtica y revistas de arte."},"content":{"rendered":"<h2>Tesis doctoral de <strong> Francisco Javier Ma\u00f1ero Rodicio <\/strong><\/h2>\n<p>Null el per\u00edodo de entreguerras fue para el arte el momento en que se afianz\u00f3 la modernidad, pero tambi\u00e9n un tiempo de diversidad y confluencias especialmente intenso. Par\u00eds actu\u00f3 como crisol de tales procesos sincr\u00e9ticos. Sus revistas de arte, de toda or ientaci\u00f3n est\u00e9tica, tuvieron dimensi\u00f3n internacional actuando como difusoras de las renovaciones modernas y de las rupturas vanguardistas. Su importancia, as\u00ed como la de las personas y la cr\u00edtica que les dieron forma, se reconoce cada d\u00eda mayor, pues  solo considerando su acci\u00f3n pueden valorarse factores tenidos hoy por cruciales como la recepci\u00f3n de la obra art\u00edstica y los procesos de retroalimentaci\u00f3n vinculados a la difusi\u00f3n cultural. Sin embargo, apenas hay estudios de conjunto centrados en e stos medios y sus influyentes cr\u00edticos son hoy, por lo general, desconocidos.   la escultura ocupa un lugar diferenciado dentro de los procesos renovadores del arte. Su acceso a la modernidad siempre se ha reconocido como conflictivo y subsidiario de l medio pict\u00f3rico. Tal \u00c2\u00bfdificultad moderna\u00c2\u00bf de lo escult\u00f3rico es una hip\u00f3tesis presente en este estudio, pero lejos de entender ese d\u00e9ficit moderno como negativo, se percibe como una tendencia consustancial al medio que le permitir\u00e1 ya en los a\u00f1os 30 , pero sobre todo m\u00e1s adelante, potenciarse como \u00e1mbito id\u00f3neo de las contestaciones al modernismo (modernism). Por otra parte, la escultura de entreguerras se acoge a renovaciones de muy diversa \u00edndole, algunas, las vanguardistas, perfectamente cono cidas hoy, pero otras, las clasicistas, obviadas, incluso olvidadas sino es por la relevancia otorgada a unos pocos artistas. con tales elementos y con las premisas cr\u00edticas que respecto a la escultura o la recepci\u00f3n se acaban de expresar, este estud io efect\u00faa un recorrido amplio por la est\u00e9tica, la cr\u00edtica y, especialmente, la escultura del par\u00eds de entreguerras interrogando casi exclusivamente a las fuentes ofrecidas por el propio per\u00edodo. Tras concretar el contexto est\u00e9tico e ideol\u00f3gico propi o de los diversos ambientes y medios art\u00edsticos, se traza un panorama completo de la producci\u00f3n escult\u00f3rica en el que nada -ni obras ni artistas- que tuviera relevancia en su momento, por mucho que la cr\u00edtica posterior lo haya rechazado, deja de ser considerado y analizado en su preciso contexto de \u00e9poca.  la voluntad de inmediatez e inmersi\u00f3n en el per\u00edodo, se ha materializado en el uso de las revistas coet\u00e1neas de arte y est\u00e9tica m\u00e1s influyentes del \u00e1mbito franc\u00e9s como fuente primordial de la<\/p>\n<p>&nbsp;<\/p>\n<h3>Datos acad\u00e9micos de la tesis doctoral \u00ab<strong>Par\u00eds 1919-1939. escultura, cr\u00edtica y revistas de arte.<\/strong>\u00ab<\/h3>\n<ul>\n<li><strong>T\u00edtulo de la tesis:<\/strong>\u00a0 Par\u00eds 1919-1939. escultura, cr\u00edtica y revistas de arte. <\/li>\n<li><strong>Autor:<\/strong>\u00a0 Francisco Javier Ma\u00f1ero Rodicio <\/li>\n<li><strong>Universidad:<\/strong>\u00a0 Complutense de Madrid<\/li>\n<li><strong>Fecha de lectura de la tesis:<\/strong>\u00a0 20\/10\/2008<\/li>\n<\/ul>\n<p>&nbsp;<\/p>\n<h3>Direcci\u00f3n y tribunal<\/h3>\n<ul>\n<li><strong>Director de la tesis<\/strong>\n<ul>\n<li>Mercedes Replinger Gonzalez<\/li>\n<\/ul>\n<\/li>\n<li><strong>Tribunal<\/strong>\n<ul>\n<li>Presidente del tribunal: v\u00edctor Borrego nadal <\/li>\n<li>  (vocal)<\/li>\n<li>  (vocal)<\/li>\n<li>  (vocal)<\/li>\n<\/ul>\n<\/li>\n<\/ul>\n<p>&nbsp;<\/p>\n","protected":false},"excerpt":{"rendered":"<p>Tesis doctoral de Francisco Javier Ma\u00f1ero Rodicio Null el per\u00edodo de entreguerras fue para el arte el momento en que [&hellip;]<\/p>\n","protected":false},"author":1,"featured_media":0,"comment_status":"open","ping_status":"open","sticky":false,"template":"","format":"standard","meta":{"site-sidebar-layout":"default","site-content-layout":"","ast-site-content-layout":"","site-content-style":"default","site-sidebar-style":"default","ast-global-header-display":"","ast-banner-title-visibility":"","ast-main-header-display":"","ast-hfb-above-header-display":"","ast-hfb-below-header-display":"","ast-hfb-mobile-header-display":"","site-post-title":"","ast-breadcrumbs-content":"","ast-featured-img":"","footer-sml-layout":"","theme-transparent-header-meta":"","adv-header-id-meta":"","stick-header-meta":"","header-above-stick-meta":"","header-main-stick-meta":"","header-below-stick-meta":"","astra-migrate-meta-layouts":"default","ast-page-background-enabled":"default","ast-page-background-meta":{"desktop":{"background-color":"var(--ast-global-color-4)","background-image":"","background-repeat":"repeat","background-position":"center center","background-size":"auto","background-attachment":"scroll","background-type":"","background-media":"","overlay-type":"","overlay-color":"","overlay-gradient":""},"tablet":{"background-color":"","background-image":"","background-repeat":"repeat","background-position":"center center","background-size":"auto","background-attachment":"scroll","background-type":"","background-media":"","overlay-type":"","overlay-color":"","overlay-gradient":""},"mobile":{"background-color":"","background-image":"","background-repeat":"repeat","background-position":"center center","background-size":"auto","background-attachment":"scroll","background-type":"","background-media":"","overlay-type":"","overlay-color":"","overlay-gradient":""}},"ast-content-background-meta":{"desktop":{"background-color":"var(--ast-global-color-5)","background-image":"","background-repeat":"repeat","background-position":"center center","background-size":"auto","background-attachment":"scroll","background-type":"","background-media":"","overlay-type":"","overlay-color":"","overlay-gradient":""},"tablet":{"background-color":"var(--ast-global-color-5)","background-image":"","background-repeat":"repeat","background-position":"center center","background-size":"auto","background-attachment":"scroll","background-type":"","background-media":"","overlay-type":"","overlay-color":"","overlay-gradient":""},"mobile":{"background-color":"var(--ast-global-color-5)","background-image":"","background-repeat":"repeat","background-position":"center center","background-size":"auto","background-attachment":"scroll","background-type":"","background-media":"","overlay-type":"","overlay-color":"","overlay-gradient":""}},"footnotes":""},"categories":[1],"tags":[148492,67667,22841],"class_list":["post-67526","post","type-post","status-publish","format-standard","hentry","category-sin-categoria","tag-francisco-javier-manero-rodicio","tag-mercedes-replinger-gonzalez","tag-victor-borrego-nadal"],"_links":{"self":[{"href":"https:\/\/www.deberes.net\/tesis\/wp-json\/wp\/v2\/posts\/67526","targetHints":{"allow":["GET"]}}],"collection":[{"href":"https:\/\/www.deberes.net\/tesis\/wp-json\/wp\/v2\/posts"}],"about":[{"href":"https:\/\/www.deberes.net\/tesis\/wp-json\/wp\/v2\/types\/post"}],"author":[{"embeddable":true,"href":"https:\/\/www.deberes.net\/tesis\/wp-json\/wp\/v2\/users\/1"}],"replies":[{"embeddable":true,"href":"https:\/\/www.deberes.net\/tesis\/wp-json\/wp\/v2\/comments?post=67526"}],"version-history":[{"count":0,"href":"https:\/\/www.deberes.net\/tesis\/wp-json\/wp\/v2\/posts\/67526\/revisions"}],"wp:attachment":[{"href":"https:\/\/www.deberes.net\/tesis\/wp-json\/wp\/v2\/media?parent=67526"}],"wp:term":[{"taxonomy":"category","embeddable":true,"href":"https:\/\/www.deberes.net\/tesis\/wp-json\/wp\/v2\/categories?post=67526"},{"taxonomy":"post_tag","embeddable":true,"href":"https:\/\/www.deberes.net\/tesis\/wp-json\/wp\/v2\/tags?post=67526"}],"curies":[{"name":"wp","href":"https:\/\/api.w.org\/{rel}","templated":true}]}}