{"id":67591,"date":"2018-03-09T22:56:03","date_gmt":"2018-03-09T22:56:03","guid":{"rendered":"https:\/\/www.deberes.net\/tesis\/sin-categoria\/las-disparidades-territoriales-en-el-peru-una-vision-de-crecimiento-divergente-y-de-las-interacciones-con-microdatos-1997-2006\/"},"modified":"2018-03-09T22:56:03","modified_gmt":"2018-03-09T22:56:03","slug":"las-disparidades-territoriales-en-el-peru-una-vision-de-crecimiento-divergente-y-de-las-interacciones-con-microdatos-1997-2006","status":"publish","type":"post","link":"https:\/\/www.deberes.net\/tesis\/modelos-econometricos\/las-disparidades-territoriales-en-el-peru-una-vision-de-crecimiento-divergente-y-de-las-interacciones-con-microdatos-1997-2006\/","title":{"rendered":"Las disparidades territoriales en el peru: una vision de crecimiento divergente y de las interacciones con microdatos (1997-2006)"},"content":{"rendered":"<h2>Tesis doctoral de <strong> Mar\u00eda  Teresa Gallo Rivera <\/strong><\/h2>\n<p>El prop\u00f3sito de esta investigaci\u00f3n es analizar las disparidades territoriales en el per\u00fa, con el objetivo de contrastar la hip\u00f3tesis de crecimiento divergente en el per\u00edodo 1997-2006. La investigaci\u00f3n ofrece elementos que permiten corroborar dicha hip\u00f3tesis a partir de las aproximaciones micro y del enfoque basado en los activos, que condicionan la evoluci\u00f3n de los ingresos y gastos regionales y por tanto el desigual crecimiento regional. Por tanto, la principal aportaci\u00f3n de la investigaci\u00f3n reside en comprobar emp\u00edricamente la evoluci\u00f3n del crecimiento divergente en el per\u00fa en los \u00faltimos diez a\u00f1os a partir de sus fundamentos microecon\u00f3micos.  en efecto, detr\u00e1s del comportamiento de los grandes agregados macroecon\u00f3micos, se encuentra un conjunto de decisiones que se adoptan b\u00e1sicamente en el contexto familiar o individual y que  terminan afectando de una manera compleja a las variables econ\u00f3micas a nivel agregado. La conclusi\u00f3n general es que las caracter\u00edsticas y activos de los hogares afectan de manera clave a la evoluci\u00f3n del ingreso y por tanto a la capacidad de gasto de las regiones, por lo que el enfoque macroecon\u00f3mico no es s\u00f3lo oportuno, sino b\u00e1sico para entender en este tipo de econom\u00edas como la peruana la verdadera situaci\u00f3n de las disparidades interregionales. por otro lado como la literatura emp\u00edrica ha demostrado la existencia de evidencia de interacciones y proximidades espaciales entre regiones. Como sucede en un gran n\u00famero de fen\u00f3menos de todo tipo, el crecimiento regional tiene una clara componente espacial subyacente  que es relevante para mejorar la comprensi\u00f3n de su din\u00e1mica. Su consideraci\u00f3n en la estimaci\u00f3n de los modelos de crecimiento del gasto regional, aprovechando las nuevas metodolog\u00edas derivadas del avance de la econometr\u00eda y de las fuentes de datos constituye otro importante aporte de la investigaci\u00f3n que se presenta, corroborando para el caso de las regiones peruanas la existencia de interacci\u00f3n espacial.<\/p>\n<p>&nbsp;<\/p>\n<h3>Datos acad\u00e9micos de la tesis doctoral \u00ab<strong>Las disparidades territoriales en el peru: una vision de crecimiento divergente y de las interacciones con microdatos (1997-2006)<\/strong>\u00ab<\/h3>\n<ul>\n<li><strong>T\u00edtulo de la tesis:<\/strong>\u00a0 Las disparidades territoriales en el peru: una vision de crecimiento divergente y de las interacciones con microdatos (1997-2006) <\/li>\n<li><strong>Autor:<\/strong>\u00a0 Mar\u00eda  Teresa Gallo Rivera <\/li>\n<li><strong>Universidad:<\/strong>\u00a0 Alcal\u00e1<\/li>\n<li><strong>Fecha de lectura de la tesis:<\/strong>\u00a0 23\/10\/2008<\/li>\n<\/ul>\n<p>&nbsp;<\/p>\n<h3>Direcci\u00f3n y tribunal<\/h3>\n<ul>\n<li><strong>Director de la tesis<\/strong>\n<ul>\n<li>Ruben Garrido Yserte<\/li>\n<\/ul>\n<\/li>\n<li><strong>Tribunal<\/strong>\n<ul>\n<li>Presidente del tribunal: Juan  ramon Cuadrado roura <\/li>\n<li>joaquin Aurioles martin (vocal)<\/li>\n<li>JavierMar\u00eda Igui\u00f1iz echevarria (vocal)<\/li>\n<li>jordi Suri\u00f1ach caralt (vocal)<\/li>\n<\/ul>\n<\/li>\n<\/ul>\n<p>&nbsp;<\/p>\n","protected":false},"excerpt":{"rendered":"<p>Tesis doctoral de Mar\u00eda Teresa Gallo Rivera El prop\u00f3sito de esta investigaci\u00f3n es analizar las disparidades territoriales en el per\u00fa, [&hellip;]<\/p>\n","protected":false},"author":1,"featured_media":0,"comment_status":"open","ping_status":"open","sticky":false,"template":"","format":"standard","meta":{"site-sidebar-layout":"default","site-content-layout":"","ast-site-content-layout":"","site-content-style":"default","site-sidebar-style":"default","ast-global-header-display":"","ast-banner-title-visibility":"","ast-main-header-display":"","ast-hfb-above-header-display":"","ast-hfb-below-header-display":"","ast-hfb-mobile-header-display":"","site-post-title":"","ast-breadcrumbs-content":"","ast-featured-img":"","footer-sml-layout":"","theme-transparent-header-meta":"","adv-header-id-meta":"","stick-header-meta":"","header-above-stick-meta":"","header-main-stick-meta":"","header-below-stick-meta":"","astra-migrate-meta-layouts":"default","ast-page-background-enabled":"default","ast-page-background-meta":{"desktop":{"background-color":"var(--ast-global-color-4)","background-image":"","background-repeat":"repeat","background-position":"center center","background-size":"auto","background-attachment":"scroll","background-type":"","background-media":"","overlay-type":"","overlay-color":"","overlay-gradient":""},"tablet":{"background-color":"","background-image":"","background-repeat":"repeat","background-position":"center center","background-size":"auto","background-attachment":"scroll","background-type":"","background-media":"","overlay-type":"","overlay-color":"","overlay-gradient":""},"mobile":{"background-color":"","background-image":"","background-repeat":"repeat","background-position":"center center","background-size":"auto","background-attachment":"scroll","background-type":"","background-media":"","overlay-type":"","overlay-color":"","overlay-gradient":""}},"ast-content-background-meta":{"desktop":{"background-color":"var(--ast-global-color-5)","background-image":"","background-repeat":"repeat","background-position":"center center","background-size":"auto","background-attachment":"scroll","background-type":"","background-media":"","overlay-type":"","overlay-color":"","overlay-gradient":""},"tablet":{"background-color":"var(--ast-global-color-5)","background-image":"","background-repeat":"repeat","background-position":"center center","background-size":"auto","background-attachment":"scroll","background-type":"","background-media":"","overlay-type":"","overlay-color":"","overlay-gradient":""},"mobile":{"background-color":"var(--ast-global-color-5)","background-image":"","background-repeat":"repeat","background-position":"center center","background-size":"auto","background-attachment":"scroll","background-type":"","background-media":"","overlay-type":"","overlay-color":"","overlay-gradient":""}},"footnotes":""},"categories":[17426,11756,524,890,9216],"tags":[148635,24768,20293,11760,148634,79342],"class_list":["post-67591","post","type-post","status-publish","format-standard","hentry","category-alcala","category-geografia-del-desarrollo-regional","category-modelos-econometricos","category-teoria-del-crecimiento-economico","category-teoria-microeconomica","tag-javiermaria-iguiniz-echevarria","tag-joaquin-aurioles-martin","tag-jordi-surinach-caralt","tag-juan-ramon-cuadrado-roura","tag-maria-teresa-gallo-rivera","tag-ruben-garrido-yserte"],"_links":{"self":[{"href":"https:\/\/www.deberes.net\/tesis\/wp-json\/wp\/v2\/posts\/67591","targetHints":{"allow":["GET"]}}],"collection":[{"href":"https:\/\/www.deberes.net\/tesis\/wp-json\/wp\/v2\/posts"}],"about":[{"href":"https:\/\/www.deberes.net\/tesis\/wp-json\/wp\/v2\/types\/post"}],"author":[{"embeddable":true,"href":"https:\/\/www.deberes.net\/tesis\/wp-json\/wp\/v2\/users\/1"}],"replies":[{"embeddable":true,"href":"https:\/\/www.deberes.net\/tesis\/wp-json\/wp\/v2\/comments?post=67591"}],"version-history":[{"count":0,"href":"https:\/\/www.deberes.net\/tesis\/wp-json\/wp\/v2\/posts\/67591\/revisions"}],"wp:attachment":[{"href":"https:\/\/www.deberes.net\/tesis\/wp-json\/wp\/v2\/media?parent=67591"}],"wp:term":[{"taxonomy":"category","embeddable":true,"href":"https:\/\/www.deberes.net\/tesis\/wp-json\/wp\/v2\/categories?post=67591"},{"taxonomy":"post_tag","embeddable":true,"href":"https:\/\/www.deberes.net\/tesis\/wp-json\/wp\/v2\/tags?post=67591"}],"curies":[{"name":"wp","href":"https:\/\/api.w.org\/{rel}","templated":true}]}}