{"id":67623,"date":"2018-03-09T22:56:03","date_gmt":"2018-03-09T22:56:03","guid":{"rendered":"https:\/\/www.deberes.net\/tesis\/sin-categoria\/la-banda-municipal-de-musica-de-albacete-desde-sus-ora%c2%adgenes-hasta-la-primera-decada-del-siglo-xx\/"},"modified":"2018-03-09T22:56:03","modified_gmt":"2018-03-09T22:56:03","slug":"la-banda-municipal-de-musica-de-albacete-desde-sus-ora%c2%adgenes-hasta-la-primera-decada-del-siglo-xx","status":"publish","type":"post","link":"https:\/\/www.deberes.net\/tesis\/historia-de-la-musica\/la-banda-municipal-de-musica-de-albacete-desde-sus-ora%c2%adgenes-hasta-la-primera-decada-del-siglo-xx\/","title":{"rendered":"La banda municipal de m\u00fasica de albacete: desde sus or\u00edgenes hasta la primera d\u00e9cada del siglo xx"},"content":{"rendered":"<h2>Tesis doctoral de <strong> Olga S\u00e1nchez Huedo <\/strong><\/h2>\n<p>La banda municipal de m\u00fasica de albacete: desde sus or\u00edgenes hasta la primera d\u00e9cada del siglo xx<\/p>\n<p>&nbsp;<\/p>\n<h3>Datos acad\u00e9micos de la tesis doctoral \u00ab<strong>La banda municipal de m\u00fasica de albacete: desde sus or\u00edgenes hasta la primera d\u00e9cada del siglo xx<\/strong>\u00ab<\/h3>\n<ul>\n<li><strong>T\u00edtulo de la tesis:<\/strong>\u00a0 La banda municipal de m\u00fasica de albacete: desde sus or\u00edgenes hasta la primera d\u00e9cada del siglo xx <\/li>\n<li><strong>Autor:<\/strong>\u00a0 Olga S\u00e1nchez Huedo <\/li>\n<li><strong>Universidad:<\/strong>\u00a0 Salamanca<\/li>\n<li><strong>Fecha de lectura de la tesis:<\/strong>\u00a0 24\/10\/2008<\/li>\n<\/ul>\n<p>&nbsp;<\/p>\n<h3>Direcci\u00f3n y tribunal<\/h3>\n<ul>\n<li><strong>Director de la tesis<\/strong>\n<ul>\n<li>Sara Ma\u00edllo Salgado<\/li>\n<\/ul>\n<\/li>\n<li><strong>Tribunal<\/strong>\n<ul>\n<li>Presidente del tribunal: Jos\u00e9 Mar\u00eda Garcia laborda <\/li>\n<li>francesc Cort\u00e9s mir (vocal)<\/li>\n<li>Rafael Prieto alberola (vocal)<\/li>\n<li>  (vocal)<\/li>\n<\/ul>\n<\/li>\n<\/ul>\n<p>&nbsp;<\/p>\n","protected":false},"excerpt":{"rendered":"<p>Tesis doctoral de Olga S\u00e1nchez Huedo La banda municipal de m\u00fasica de albacete: desde sus or\u00edgenes hasta la primera d\u00e9cada [&hellip;]<\/p>\n","protected":false},"author":1,"featured_media":0,"comment_status":"open","ping_status":"open","sticky":false,"template":"","format":"standard","meta":{"site-sidebar-layout":"default","site-content-layout":"","ast-site-content-layout":"","site-content-style":"default","site-sidebar-style":"default","ast-global-header-display":"","ast-banner-title-visibility":"","ast-main-header-display":"","ast-hfb-above-header-display":"","ast-hfb-below-header-display":"","ast-hfb-mobile-header-display":"","site-post-title":"","ast-breadcrumbs-content":"","ast-featured-img":"","footer-sml-layout":"","theme-transparent-header-meta":"","adv-header-id-meta":"","stick-header-meta":"","header-above-stick-meta":"","header-main-stick-meta":"","header-below-stick-meta":"","astra-migrate-meta-layouts":"default","ast-page-background-enabled":"default","ast-page-background-meta":{"desktop":{"background-color":"var(--ast-global-color-4)","background-image":"","background-repeat":"repeat","background-position":"center center","background-size":"auto","background-attachment":"scroll","background-type":"","background-media":"","overlay-type":"","overlay-color":"","overlay-gradient":""},"tablet":{"background-color":"","background-image":"","background-repeat":"repeat","background-position":"center center","background-size":"auto","background-attachment":"scroll","background-type":"","background-media":"","overlay-type":"","overlay-color":"","overlay-gradient":""},"mobile":{"background-color":"","background-image":"","background-repeat":"repeat","background-position":"center center","background-size":"auto","background-attachment":"scroll","background-type":"","background-media":"","overlay-type":"","overlay-color":"","overlay-gradient":""}},"ast-content-background-meta":{"desktop":{"background-color":"var(--ast-global-color-5)","background-image":"","background-repeat":"repeat","background-position":"center center","background-size":"auto","background-attachment":"scroll","background-type":"","background-media":"","overlay-type":"","overlay-color":"","overlay-gradient":""},"tablet":{"background-color":"var(--ast-global-color-5)","background-image":"","background-repeat":"repeat","background-position":"center center","background-size":"auto","background-attachment":"scroll","background-type":"","background-media":"","overlay-type":"","overlay-color":"","overlay-gradient":""},"mobile":{"background-color":"var(--ast-global-color-5)","background-image":"","background-repeat":"repeat","background-position":"center center","background-size":"auto","background-attachment":"scroll","background-type":"","background-media":"","overlay-type":"","overlay-color":"","overlay-gradient":""}},"footnotes":""},"categories":[7632,9132,9386],"tags":[13803,49905,148697,148698,9721],"class_list":["post-67623","post","type-post","status-publish","format-standard","hentry","category-historia-de-la-musica","category-musica-y-musicologia","category-salamanca","tag-francesc-cortes-mir","tag-jose-maria-garcia-laborda","tag-olga-sanchez-huedo","tag-rafael-prieto-alberola","tag-sara-maillo-salgado"],"_links":{"self":[{"href":"https:\/\/www.deberes.net\/tesis\/wp-json\/wp\/v2\/posts\/67623","targetHints":{"allow":["GET"]}}],"collection":[{"href":"https:\/\/www.deberes.net\/tesis\/wp-json\/wp\/v2\/posts"}],"about":[{"href":"https:\/\/www.deberes.net\/tesis\/wp-json\/wp\/v2\/types\/post"}],"author":[{"embeddable":true,"href":"https:\/\/www.deberes.net\/tesis\/wp-json\/wp\/v2\/users\/1"}],"replies":[{"embeddable":true,"href":"https:\/\/www.deberes.net\/tesis\/wp-json\/wp\/v2\/comments?post=67623"}],"version-history":[{"count":0,"href":"https:\/\/www.deberes.net\/tesis\/wp-json\/wp\/v2\/posts\/67623\/revisions"}],"wp:attachment":[{"href":"https:\/\/www.deberes.net\/tesis\/wp-json\/wp\/v2\/media?parent=67623"}],"wp:term":[{"taxonomy":"category","embeddable":true,"href":"https:\/\/www.deberes.net\/tesis\/wp-json\/wp\/v2\/categories?post=67623"},{"taxonomy":"post_tag","embeddable":true,"href":"https:\/\/www.deberes.net\/tesis\/wp-json\/wp\/v2\/tags?post=67623"}],"curies":[{"name":"wp","href":"https:\/\/api.w.org\/{rel}","templated":true}]}}