{"id":67673,"date":"2018-03-09T22:56:07","date_gmt":"2018-03-09T22:56:07","guid":{"rendered":"https:\/\/www.deberes.net\/tesis\/sin-categoria\/autoconcepto-fa%c2%adsico-imagen-corporal-y-practica-fa%c2%adsico-deportiva-en-alumnos-y-alumnas-de-educacion-secundaria\/"},"modified":"2018-03-09T22:56:07","modified_gmt":"2018-03-09T22:56:07","slug":"autoconcepto-fa%c2%adsico-imagen-corporal-y-practica-fa%c2%adsico-deportiva-en-alumnos-y-alumnas-de-educacion-secundaria","status":"publish","type":"post","link":"https:\/\/www.deberes.net\/tesis\/psicologia-del-nino-y-del-adolescente\/autoconcepto-fa%c2%adsico-imagen-corporal-y-practica-fa%c2%adsico-deportiva-en-alumnos-y-alumnas-de-educacion-secundaria\/","title":{"rendered":"Autoconcepto f\u00edsico, imagen corporal y pr\u00e1ctica f\u00edsico-deportiva en alumnos y alumnas de educaci\u00f3n secundaria"},"content":{"rendered":"<h2>Tesis doctoral de <strong> Juan  Gregorio Fern\u00e1ndez Bustos <\/strong><\/h2>\n<p>Con esta investigaci\u00f3n pretend\u00edamos establecer las posibles relaciones entre el autoconcepto f\u00edsico, sus dimensiones, la imagen corporal y la pr\u00e1ctica f\u00edsico-deportiva. Relaciones que fueron m\u00faltiples, en diversos planos y de distinta \u00edndole seg\u00fan el sexo, la edad, el tipo de actividad f\u00edsica practicada o la motivaci\u00f3n hacia \u00e9sta. En el estudio participaron 652 alumnos de educaci\u00f3n secundaria obligatoria y primero de bachillerato, a los que se les administraron diferentes cuestionarios para valorar el autoconcepto f\u00edsico, la imagen corporal y la pr\u00e1ctica fisicodeportiva. Los resultados mostraron la relaci\u00f3n positiva del autoconcepto f\u00edsico y sus subdimensiones con las distintas variables de pr\u00e1ctica fisicodeportiva (duraci\u00f3n, frecuencia, a\u00f1os de pr\u00e1ctica, inter\u00e9s por el deporte, satisfacci\u00f3n con la pr\u00e1ctica, etc). Adem\u00e1s, se encontraron indicios de asociar el tipo de deporte practicado y determinados motivos hacia la pr\u00e1ctica, con la insatisfacci\u00f3n corporal y con percepciones m\u00e1s bajas de autoconcepto f\u00edsico y general. Se hall\u00f3 una relaci\u00f3n negativa entre la insatisfacci\u00f3n corporal y todas las subdimensiones del autoconcepto f\u00edsico (excepto fuerza).  Precisamente la insatisfacci\u00f3n fue el factor de mayor influencia sobre el atractivo, el autoconcepto f\u00edsico y el general, mientras que la pr\u00e1ctica fisicodeportiva influ\u00eda de manera positiva principalmente en las percepciones de habilidad y condici\u00f3n f\u00edsica.<\/p>\n<p>&nbsp;<\/p>\n<h3>Datos acad\u00e9micos de la tesis doctoral \u00ab<strong>Autoconcepto f\u00edsico, imagen corporal y pr\u00e1ctica f\u00edsico-deportiva en alumnos y alumnas de educaci\u00f3n secundaria<\/strong>\u00ab<\/h3>\n<ul>\n<li><strong>T\u00edtulo de la tesis:<\/strong>\u00a0 Autoconcepto f\u00edsico, imagen corporal y pr\u00e1ctica f\u00edsico-deportiva en alumnos y alumnas de educaci\u00f3n secundaria <\/li>\n<li><strong>Autor:<\/strong>\u00a0 Juan  Gregorio Fern\u00e1ndez Bustos <\/li>\n<li><strong>Universidad:<\/strong>\u00a0 Castilla-la mancha<\/li>\n<li><strong>Fecha de lectura de la tesis:<\/strong>\u00a0 28\/10\/2008<\/li>\n<\/ul>\n<p>&nbsp;<\/p>\n<h3>Direcci\u00f3n y tribunal<\/h3>\n<ul>\n<li><strong>Director de la tesis<\/strong>\n<ul>\n<li>Onofre Ricardo Contreras Jordan<\/li>\n<\/ul>\n<\/li>\n<li><strong>Tribunal<\/strong>\n<ul>\n<li>Presidente del tribunal: Jos\u00e9 Antonio Arruza gabilondo <\/li>\n<li>Juan Monta\u00f1\u00e9s rodr\u00edguez (vocal)<\/li>\n<li>Mar\u00eda Luisa Zagalaz s\u00e1nchez (vocal)<\/li>\n<li>carmina Pascual ba\u00f1os (vocal)<\/li>\n<\/ul>\n<\/li>\n<\/ul>\n<p>&nbsp;<\/p>\n","protected":false},"excerpt":{"rendered":"<p>Tesis doctoral de Juan Gregorio Fern\u00e1ndez Bustos Con esta investigaci\u00f3n pretend\u00edamos establecer las posibles relaciones entre el autoconcepto f\u00edsico, sus [&hellip;]<\/p>\n","protected":false},"author":1,"featured_media":0,"comment_status":"open","ping_status":"open","sticky":false,"template":"","format":"standard","meta":{"site-sidebar-layout":"default","site-content-layout":"","ast-site-content-layout":"","site-content-style":"default","site-sidebar-style":"default","ast-global-header-display":"","ast-banner-title-visibility":"","ast-main-header-display":"","ast-hfb-above-header-display":"","ast-hfb-below-header-display":"","ast-hfb-mobile-header-display":"","site-post-title":"","ast-breadcrumbs-content":"","ast-featured-img":"","footer-sml-layout":"","theme-transparent-header-meta":"","adv-header-id-meta":"","stick-header-meta":"","header-above-stick-meta":"","header-main-stick-meta":"","header-below-stick-meta":"","astra-migrate-meta-layouts":"default","ast-page-background-enabled":"default","ast-page-background-meta":{"desktop":{"background-color":"var(--ast-global-color-4)","background-image":"","background-repeat":"repeat","background-position":"center center","background-size":"auto","background-attachment":"scroll","background-type":"","background-media":"","overlay-type":"","overlay-color":"","overlay-gradient":""},"tablet":{"background-color":"","background-image":"","background-repeat":"repeat","background-position":"center center","background-size":"auto","background-attachment":"scroll","background-type":"","background-media":"","overlay-type":"","overlay-color":"","overlay-gradient":""},"mobile":{"background-color":"","background-image":"","background-repeat":"repeat","background-position":"center center","background-size":"auto","background-attachment":"scroll","background-type":"","background-media":"","overlay-type":"","overlay-color":"","overlay-gradient":""}},"ast-content-background-meta":{"desktop":{"background-color":"var(--ast-global-color-5)","background-image":"","background-repeat":"repeat","background-position":"center center","background-size":"auto","background-attachment":"scroll","background-type":"","background-media":"","overlay-type":"","overlay-color":"","overlay-gradient":""},"tablet":{"background-color":"var(--ast-global-color-5)","background-image":"","background-repeat":"repeat","background-position":"center center","background-size":"auto","background-attachment":"scroll","background-type":"","background-media":"","overlay-type":"","overlay-color":"","overlay-gradient":""},"mobile":{"background-color":"var(--ast-global-color-5)","background-image":"","background-repeat":"repeat","background-position":"center center","background-size":"auto","background-attachment":"scroll","background-type":"","background-media":"","overlay-type":"","overlay-color":"","overlay-gradient":""}},"footnotes":""},"categories":[18451,32400,1175,970,996],"tags":[148788,28072,148787,27531,48164,27403],"class_list":["post-67673","post","type-post","status-publish","format-standard","hentry","category-castilla-la-mancha","category-desarrollo-de-la-personalidad","category-evaluacion-y-diagnostico-en-psicologia","category-psicologia-del-nino-y-del-adolescente","category-psicologia-social","tag-carmina-pascual-banos","tag-jose-antonio-arruza-gabilondo","tag-juan-gregorio-fernandez-bustos","tag-juan-montanes-rodriguez","tag-maria-luisa-zagalaz-sanchez","tag-onofre-ricardo-contreras-jordan"],"_links":{"self":[{"href":"https:\/\/www.deberes.net\/tesis\/wp-json\/wp\/v2\/posts\/67673","targetHints":{"allow":["GET"]}}],"collection":[{"href":"https:\/\/www.deberes.net\/tesis\/wp-json\/wp\/v2\/posts"}],"about":[{"href":"https:\/\/www.deberes.net\/tesis\/wp-json\/wp\/v2\/types\/post"}],"author":[{"embeddable":true,"href":"https:\/\/www.deberes.net\/tesis\/wp-json\/wp\/v2\/users\/1"}],"replies":[{"embeddable":true,"href":"https:\/\/www.deberes.net\/tesis\/wp-json\/wp\/v2\/comments?post=67673"}],"version-history":[{"count":0,"href":"https:\/\/www.deberes.net\/tesis\/wp-json\/wp\/v2\/posts\/67673\/revisions"}],"wp:attachment":[{"href":"https:\/\/www.deberes.net\/tesis\/wp-json\/wp\/v2\/media?parent=67673"}],"wp:term":[{"taxonomy":"category","embeddable":true,"href":"https:\/\/www.deberes.net\/tesis\/wp-json\/wp\/v2\/categories?post=67673"},{"taxonomy":"post_tag","embeddable":true,"href":"https:\/\/www.deberes.net\/tesis\/wp-json\/wp\/v2\/tags?post=67673"}],"curies":[{"name":"wp","href":"https:\/\/api.w.org\/{rel}","templated":true}]}}