{"id":67685,"date":"2018-03-09T22:56:07","date_gmt":"2018-03-09T22:56:07","guid":{"rendered":"https:\/\/www.deberes.net\/tesis\/sin-categoria\/adolescencia-y-psicoterapia-analisis-de-significados-a-traves-de-grupos-de-discusion\/"},"modified":"2018-03-09T22:56:07","modified_gmt":"2018-03-09T22:56:07","slug":"adolescencia-y-psicoterapia-analisis-de-significados-a-traves-de-grupos-de-discusion","status":"publish","type":"post","link":"https:\/\/www.deberes.net\/tesis\/salamanca\/adolescencia-y-psicoterapia-analisis-de-significados-a-traves-de-grupos-de-discusion\/","title":{"rendered":"Adolescencia y psicoterapia: an\u00e1lisis de significados a traves de grupos de discusi\u00f3n"},"content":{"rendered":"<h2>Tesis doctoral de <strong> Mar\u00eda De Los \u00e1ngeles P\u00e1ramo Raimondo <\/strong><\/h2>\n<p>Este trabajo se centra en la adolescencia y psicoterapia, an\u00e1lisis de significados a trav\u00e9s de grupos de discusi\u00f3n.<\/p>\n<p>&nbsp;<\/p>\n<h3>Datos acad\u00e9micos de la tesis doctoral \u00ab<strong>Adolescencia y psicoterapia: an\u00e1lisis de significados a traves de grupos de discusi\u00f3n<\/strong>\u00ab<\/h3>\n<ul>\n<li><strong>T\u00edtulo de la tesis:<\/strong>\u00a0 Adolescencia y psicoterapia: an\u00e1lisis de significados a traves de grupos de discusi\u00f3n <\/li>\n<li><strong>Autor:<\/strong>\u00a0 Mar\u00eda De Los \u00e1ngeles P\u00e1ramo Raimondo <\/li>\n<li><strong>Universidad:<\/strong>\u00a0 Salamanca<\/li>\n<li><strong>Fecha de lectura de la tesis:<\/strong>\u00a0 29\/10\/2008<\/li>\n<\/ul>\n<p>&nbsp;<\/p>\n<h3>Direcci\u00f3n y tribunal<\/h3>\n<ul>\n<li><strong>Director de la tesis<\/strong>\n<ul>\n<li>Alejandro Avila Espada<\/li>\n<\/ul>\n<\/li>\n<li><strong>Tribunal<\/strong>\n<ul>\n<li>Presidente del tribunal: cristina Jenaro r\u00edo <\/li>\n<li>carmen Moreno rosset (vocal)<\/li>\n<li>merc\u00e9 Mitjavila garcia (vocal)<\/li>\n<li>Jos\u00e9 Luis Martorell ypi\u00e9ns (vocal)<\/li>\n<\/ul>\n<\/li>\n<\/ul>\n<p>&nbsp;<\/p>\n","protected":false},"excerpt":{"rendered":"<p>Tesis doctoral de Mar\u00eda De Los \u00e1ngeles P\u00e1ramo Raimondo Este trabajo se centra en la adolescencia y psicoterapia, an\u00e1lisis de [&hellip;]<\/p>\n","protected":false},"author":1,"featured_media":0,"comment_status":"open","ping_status":"open","sticky":false,"template":"","format":"standard","meta":{"site-sidebar-layout":"default","site-content-layout":"","ast-site-content-layout":"","site-content-style":"default","site-sidebar-style":"default","ast-global-header-display":"","ast-banner-title-visibility":"","ast-main-header-display":"","ast-hfb-above-header-display":"","ast-hfb-below-header-display":"","ast-hfb-mobile-header-display":"","site-post-title":"","ast-breadcrumbs-content":"","ast-featured-img":"","footer-sml-layout":"","theme-transparent-header-meta":"","adv-header-id-meta":"","stick-header-meta":"","header-above-stick-meta":"","header-main-stick-meta":"","header-below-stick-meta":"","astra-migrate-meta-layouts":"default","ast-page-background-enabled":"default","ast-page-background-meta":{"desktop":{"background-color":"var(--ast-global-color-4)","background-image":"","background-repeat":"repeat","background-position":"center center","background-size":"auto","background-attachment":"scroll","background-type":"","background-media":"","overlay-type":"","overlay-color":"","overlay-gradient":""},"tablet":{"background-color":"","background-image":"","background-repeat":"repeat","background-position":"center center","background-size":"auto","background-attachment":"scroll","background-type":"","background-media":"","overlay-type":"","overlay-color":"","overlay-gradient":""},"mobile":{"background-color":"","background-image":"","background-repeat":"repeat","background-position":"center center","background-size":"auto","background-attachment":"scroll","background-type":"","background-media":"","overlay-type":"","overlay-color":"","overlay-gradient":""}},"ast-content-background-meta":{"desktop":{"background-color":"var(--ast-global-color-5)","background-image":"","background-repeat":"repeat","background-position":"center center","background-size":"auto","background-attachment":"scroll","background-type":"","background-media":"","overlay-type":"","overlay-color":"","overlay-gradient":""},"tablet":{"background-color":"var(--ast-global-color-5)","background-image":"","background-repeat":"repeat","background-position":"center center","background-size":"auto","background-attachment":"scroll","background-type":"","background-media":"","overlay-type":"","overlay-color":"","overlay-gradient":""},"mobile":{"background-color":"var(--ast-global-color-5)","background-image":"","background-repeat":"repeat","background-position":"center center","background-size":"auto","background-attachment":"scroll","background-type":"","background-media":"","overlay-type":"","overlay-color":"","overlay-gradient":""}},"footnotes":""},"categories":[9386],"tags":[7073,68463,46009,143796,148809,13807],"class_list":["post-67685","post","type-post","status-publish","format-standard","hentry","category-salamanca","tag-alejandro-avila-espada","tag-carmen-moreno-rosset","tag-cristina-jenaro-rio","tag-jose-luis-martorell-ypiens","tag-maria-de-los-angeles-paramo-raimondo","tag-merce-mitjavila-garcia"],"_links":{"self":[{"href":"https:\/\/www.deberes.net\/tesis\/wp-json\/wp\/v2\/posts\/67685","targetHints":{"allow":["GET"]}}],"collection":[{"href":"https:\/\/www.deberes.net\/tesis\/wp-json\/wp\/v2\/posts"}],"about":[{"href":"https:\/\/www.deberes.net\/tesis\/wp-json\/wp\/v2\/types\/post"}],"author":[{"embeddable":true,"href":"https:\/\/www.deberes.net\/tesis\/wp-json\/wp\/v2\/users\/1"}],"replies":[{"embeddable":true,"href":"https:\/\/www.deberes.net\/tesis\/wp-json\/wp\/v2\/comments?post=67685"}],"version-history":[{"count":0,"href":"https:\/\/www.deberes.net\/tesis\/wp-json\/wp\/v2\/posts\/67685\/revisions"}],"wp:attachment":[{"href":"https:\/\/www.deberes.net\/tesis\/wp-json\/wp\/v2\/media?parent=67685"}],"wp:term":[{"taxonomy":"category","embeddable":true,"href":"https:\/\/www.deberes.net\/tesis\/wp-json\/wp\/v2\/categories?post=67685"},{"taxonomy":"post_tag","embeddable":true,"href":"https:\/\/www.deberes.net\/tesis\/wp-json\/wp\/v2\/tags?post=67685"}],"curies":[{"name":"wp","href":"https:\/\/api.w.org\/{rel}","templated":true}]}}