{"id":67724,"date":"2018-03-09T22:56:10","date_gmt":"2018-03-09T22:56:10","guid":{"rendered":"https:\/\/www.deberes.net\/tesis\/sin-categoria\/aestrategias-de-prevencion-y-deberes-de-control-en-la-criminalidad-intraaempresarial-especial-referencia-al-delito-de-descubrimiento-y-revelacion-de-secretos-en-su-aplicacion-al-control-d\/"},"modified":"2018-03-09T22:56:10","modified_gmt":"2018-03-09T22:56:10","slug":"aestrategias-de-prevencion-y-deberes-de-control-en-la-criminalidad-intraaempresarial-especial-referencia-al-delito-de-descubrimiento-y-revelacion-de-secretos-en-su-aplicacion-al-control-d","status":"publish","type":"post","link":"https:\/\/www.deberes.net\/tesis\/derecho-penal\/aestrategias-de-prevencion-y-deberes-de-control-en-la-criminalidad-intraaempresarial-especial-referencia-al-delito-de-descubrimiento-y-revelacion-de-secretos-en-su-aplicacion-al-control-d\/","title":{"rendered":"\u00c2\u00abestrategias de prevenci\u00f3n y deberes de control en la criminalidad intra\u00c2\u00bfempresarial. especial referencia al delito de descubrimiento y revelaci\u00f3n de secretos en su aplicaci\u00f3n al control del correo electr\u00f3nico del trabajador\u00c2\u00bb"},"content":{"rendered":"<h2>Tesis doctoral de <strong> Jos\u00e9 Ramon Agustina Sanllehi <\/strong><\/h2>\n<p>En el marco de la criminalidad intra-empresarial, se configuran ciertos deberes de vigilancia y control del empresario respecto de aquellos delitos que se cometen en su esfera de organizaci\u00f3n, en virtud de los cuales puede llegar a imput\u00e1rsele distintos grados de responsabilidad. Junto a ello, se erigen tambi\u00e9n determinados l\u00edmites que derivan del debido respeto a la privacidad del trabajador, de forma que la implementaci\u00f3n de estrategias de prevenci\u00f3n y control debe realizarse conforme a ciertos principios que tiendan a un equilibrio entre los intereses contrapuestos, sin que puedan desarrollarse ilimitadamente. En este contexto, tiene particular incidencia el modo en que se debe interpretar las condiciones en que se considere que se realiza el tipo penal relativo al delito de descubrimiento y revelaci\u00f3n de secretos en su aplicaci\u00f3n al control del correo electr\u00f3nico del trabajador. El an\u00e1lisis de las causas de justificaci\u00f3n que pueden tener virtualidad en algunos casos-l\u00edmite no puede realizarse sin atender a las particularidades del entorno empresarial, al car\u00e1cter oculto de la agresi\u00f3n y al modo en que la amenaza que supone el delito del trabajador deja al empresario sin los medios necesarios para defenderse del ataque.<\/p>\n<p>&nbsp;<\/p>\n<h3>Datos acad\u00e9micos de la tesis doctoral \u00ab<strong>\u00c2\u00abestrategias de prevenci\u00f3n y deberes de control en la criminalidad intra\u00c2\u00bfempresarial. especial referencia al delito de descubrimiento y revelaci\u00f3n de secretos en su aplicaci\u00f3n al control del correo electr\u00f3nico del trabajador\u00c2\u00bb<\/strong>\u00ab<\/h3>\n<ul>\n<li><strong>T\u00edtulo de la tesis:<\/strong>\u00a0 \u00c2\u00abestrategias de prevenci\u00f3n y deberes de control en la criminalidad intra\u00c2\u00bfempresarial. especial referencia al delito de descubrimiento y revelaci\u00f3n de secretos en su aplicaci\u00f3n al control del correo electr\u00f3nico del trabajador\u00c2\u00bb <\/li>\n<li><strong>Autor:<\/strong>\u00a0 Jos\u00e9 Ramon Agustina Sanllehi <\/li>\n<li><strong>Universidad:<\/strong>\u00a0 Pompeu fabra<\/li>\n<li><strong>Fecha de lectura de la tesis:<\/strong>\u00a0 31\/10\/2008<\/li>\n<\/ul>\n<p>&nbsp;<\/p>\n<h3>Direcci\u00f3n y tribunal<\/h3>\n<ul>\n<li><strong>Director de la tesis<\/strong>\n<ul>\n<li>Jes\u00fas Mar\u00eda Silva S\u00e1nchez<\/li>\n<\/ul>\n<\/li>\n<li><strong>Tribunal<\/strong>\n<ul>\n<li>Presidente del tribunal: Mar\u00eda  teresa Casti\u00f1eira palou <\/li>\n<li>Jos\u00e9 Luis De la cuesta arzamendi (vocal)<\/li>\n<li>andrew Von hirsch (vocal)<\/li>\n<li>esteban Sola reche (vocal)<\/li>\n<\/ul>\n<\/li>\n<\/ul>\n<p>&nbsp;<\/p>\n","protected":false},"excerpt":{"rendered":"<p>Tesis doctoral de Jos\u00e9 Ramon Agustina Sanllehi En el marco de la criminalidad intra-empresarial, se configuran ciertos deberes de vigilancia [&hellip;]<\/p>\n","protected":false},"author":1,"featured_media":0,"comment_status":"open","ping_status":"open","sticky":false,"template":"","format":"standard","meta":{"site-sidebar-layout":"default","site-content-layout":"","ast-site-content-layout":"","site-content-style":"default","site-sidebar-style":"default","ast-global-header-display":"","ast-banner-title-visibility":"","ast-main-header-display":"","ast-hfb-above-header-display":"","ast-hfb-below-header-display":"","ast-hfb-mobile-header-display":"","site-post-title":"","ast-breadcrumbs-content":"","ast-featured-img":"","footer-sml-layout":"","theme-transparent-header-meta":"","adv-header-id-meta":"","stick-header-meta":"","header-above-stick-meta":"","header-main-stick-meta":"","header-below-stick-meta":"","astra-migrate-meta-layouts":"default","ast-page-background-enabled":"default","ast-page-background-meta":{"desktop":{"background-color":"var(--ast-global-color-4)","background-image":"","background-repeat":"repeat","background-position":"center center","background-size":"auto","background-attachment":"scroll","background-type":"","background-media":"","overlay-type":"","overlay-color":"","overlay-gradient":""},"tablet":{"background-color":"","background-image":"","background-repeat":"repeat","background-position":"center center","background-size":"auto","background-attachment":"scroll","background-type":"","background-media":"","overlay-type":"","overlay-color":"","overlay-gradient":""},"mobile":{"background-color":"","background-image":"","background-repeat":"repeat","background-position":"center center","background-size":"auto","background-attachment":"scroll","background-type":"","background-media":"","overlay-type":"","overlay-color":"","overlay-gradient":""}},"ast-content-background-meta":{"desktop":{"background-color":"var(--ast-global-color-5)","background-image":"","background-repeat":"repeat","background-position":"center center","background-size":"auto","background-attachment":"scroll","background-type":"","background-media":"","overlay-type":"","overlay-color":"","overlay-gradient":""},"tablet":{"background-color":"var(--ast-global-color-5)","background-image":"","background-repeat":"repeat","background-position":"center center","background-size":"auto","background-attachment":"scroll","background-type":"","background-media":"","overlay-type":"","overlay-color":"","overlay-gradient":""},"mobile":{"background-color":"var(--ast-global-color-5)","background-image":"","background-repeat":"repeat","background-position":"center center","background-size":"auto","background-attachment":"scroll","background-type":"","background-media":"","overlay-type":"","overlay-color":"","overlay-gradient":""}},"footnotes":""},"categories":[2170,613,17874,7570,18712],"tags":[148880,26230,4561,50382,148879,71189],"class_list":["post-67724","post","type-post","status-publish","format-standard","hentry","category-derecho-del-trabajo-y-de-la-seguridad-social","category-derecho-penal","category-etica-economica","category-gestion-de-recursos-humanos","category-pompeu-fabra","tag-andrew-von-hirsch","tag-esteban-sola-reche","tag-jesus-maria-silva-sanchez","tag-jose-luis-de-la-cuesta-arzamendi","tag-jose-ramon-agustina-sanllehi","tag-maria-teresa-castineira-palou"],"_links":{"self":[{"href":"https:\/\/www.deberes.net\/tesis\/wp-json\/wp\/v2\/posts\/67724","targetHints":{"allow":["GET"]}}],"collection":[{"href":"https:\/\/www.deberes.net\/tesis\/wp-json\/wp\/v2\/posts"}],"about":[{"href":"https:\/\/www.deberes.net\/tesis\/wp-json\/wp\/v2\/types\/post"}],"author":[{"embeddable":true,"href":"https:\/\/www.deberes.net\/tesis\/wp-json\/wp\/v2\/users\/1"}],"replies":[{"embeddable":true,"href":"https:\/\/www.deberes.net\/tesis\/wp-json\/wp\/v2\/comments?post=67724"}],"version-history":[{"count":0,"href":"https:\/\/www.deberes.net\/tesis\/wp-json\/wp\/v2\/posts\/67724\/revisions"}],"wp:attachment":[{"href":"https:\/\/www.deberes.net\/tesis\/wp-json\/wp\/v2\/media?parent=67724"}],"wp:term":[{"taxonomy":"category","embeddable":true,"href":"https:\/\/www.deberes.net\/tesis\/wp-json\/wp\/v2\/categories?post=67724"},{"taxonomy":"post_tag","embeddable":true,"href":"https:\/\/www.deberes.net\/tesis\/wp-json\/wp\/v2\/tags?post=67724"}],"curies":[{"name":"wp","href":"https:\/\/api.w.org\/{rel}","templated":true}]}}