{"id":67742,"date":"2018-03-09T22:56:10","date_gmt":"2018-03-09T22:56:10","guid":{"rendered":"https:\/\/www.deberes.net\/tesis\/sin-categoria\/el-autoconcepto-fisico-y-el-bienestar-malestar-psicologico-en-la-adolescencia\/"},"modified":"2018-03-09T22:56:10","modified_gmt":"2018-03-09T22:56:10","slug":"el-autoconcepto-fisico-y-el-bienestar-malestar-psicologico-en-la-adolescencia","status":"publish","type":"post","link":"https:\/\/www.deberes.net\/tesis\/psicopatologia\/el-autoconcepto-fisico-y-el-bienestar-malestar-psicologico-en-la-adolescencia\/","title":{"rendered":"El autoconcepto fisico y el bienestar\/malestar psicologico en la adolescencia"},"content":{"rendered":"<h2>Tesis doctoral de <strong> Arantzazu Rodriguez Fernandez <\/strong><\/h2>\n<p>El autoconcepto f\u00edsico, en cuanto dominio independiente del autoconcepto general, empieza a ser objeto de estudio a partir de los a\u00f1os noventa del pasado siglo, conoci\u00e9ndose su asociaci\u00f3n con la pr\u00e1ctica deportiva y con imagen corporal o sus cambios en funci\u00f3n del sexo y de la edad. En cambio, nada se hab\u00eda indagado sobre las relaciones que guarda el autoconcepto f\u00edsico con el bienestar y con el malestar psicol\u00f3gicos; de ah\u00ed la novedad y originalidad de la tem\u00e1tica de esta tesis. se trata de un estudio, de car\u00e1cter b\u00e1sicamente correlacional, con tres objetivos fundamentales: estudiar la relaci\u00f3n entre el autoconcepto f\u00edsico y el bienestar psicol\u00f3gico, identificar la relaci\u00f3n entre el autoconcepto f\u00edsico y la ansiedad y depresi\u00f3n, y analizar las relaciones entre el autoconcepto f\u00edsico y los trastornos alimentarios. Participaron en el estudio 1959 sujetos adolescentes de entre 12 y 23 a\u00f1os, de los cuales 48 son pacientes diagnosticadas de alg\u00fan tipo de trastorno de la conducta alimentaria. Se relacionan las respuestas dadas al cuestionario de autoconcepto f\u00edsico (caf), de go\u00f1i, ruiz de az\u00faz y rodr\u00edguez (2006) con: a) las respuestas a los cuestionarios ebp, pna, swls y slsw para la evaluaci\u00f3n del bienestar y sus dimensiones; b) las respuestas a las escalas stai, bdi y cdi para la medici\u00f3n de la ansiedad y la depresi\u00f3n; y c) las respuestas al edi-2 para el examen del riesgo de trastornos de la conducta alimentaria. los datos obtenidos indican que el autoconcepto f\u00edsico guarda una relaci\u00f3n de signo positivo con el bienestar psicol\u00f3gico y una relaci\u00f3n negativa con el malestar psicol\u00f3gico, de tal forma que cuanto m\u00e1s elevado sea el yo-f\u00edsico percibido, mayor bienestar experimenta la persona, menores niveles de ansiedad y depresi\u00f3n o menor riesgo posee de padecer un trastorno de la conducta alimentaria presenta. Tambi\u00e9n se han analizado esas relaciones en funci\u00f3n de variables como la edad, el g\u00e9nero o la actividad f\u00edsico-deportiva, encontr\u00e1ndose, como norma general, que los adolescentes varones frente a las mujeres, los adolescentes de 12-14 a\u00f1os frente a los de 15-17 a\u00f1os o a los mayores de 18 a\u00f1os, y los que hacen actividad f\u00edsica frente a quienes no la hacen, ofrecen unas puntuaciones m\u00e1s elevadas en bienestar psicol\u00f3gico asociado al autoconcepto f\u00edsico, y unas puntuaciones menores en malestar psicol\u00f3gico relacionado con el yo-f\u00edsico percibido. estas relaciones permiten identificar la capacidad predictiva del autoconcepto f\u00edsico sobre el malestar as\u00ed como su incidencia sobre el bienestar psicol\u00f3gico, y sus relaciones con los trastornos de la conducta alimentaria en pacientes diagnosticadas de anorexia o bulimia nerviosa.<\/p>\n<p>&nbsp;<\/p>\n<h3>Datos acad\u00e9micos de la tesis doctoral \u00ab<strong>El autoconcepto fisico y el bienestar\/malestar psicologico en la adolescencia<\/strong>\u00ab<\/h3>\n<ul>\n<li><strong>T\u00edtulo de la tesis:<\/strong>\u00a0 El autoconcepto fisico y el bienestar\/malestar psicologico en la adolescencia <\/li>\n<li><strong>Autor:<\/strong>\u00a0 Arantzazu Rodriguez Fernandez <\/li>\n<li><strong>Universidad:<\/strong>\u00a0 Pa\u00eds vasco\/euskal herriko unibertsitatea<\/li>\n<li><strong>Fecha de lectura de la tesis:<\/strong>\u00a0 31\/10\/2008<\/li>\n<\/ul>\n<p>&nbsp;<\/p>\n<h3>Direcci\u00f3n y tribunal<\/h3>\n<ul>\n<li><strong>Director de la tesis<\/strong>\n<ul>\n<li>Alfredo Go\u00f1i Grandmontagne<\/li>\n<\/ul>\n<\/li>\n<li><strong>Tribunal<\/strong>\n<ul>\n<li>Presidente del tribunal: Jos\u00e9 Mar\u00eda Roman sanchez <\/li>\n<li>Antonio Fraile aranda (vocal)<\/li>\n<li>Jos\u00e9 Ortega esteban (vocal)<\/li>\n<li>pedro Miguel Apodaca urquijo (vocal)<\/li>\n<\/ul>\n<\/li>\n<\/ul>\n<p>&nbsp;<\/p>\n","protected":false},"excerpt":{"rendered":"<p>Tesis doctoral de Arantzazu Rodriguez Fernandez El autoconcepto f\u00edsico, en cuanto dominio independiente del autoconcepto general, empieza a ser objeto [&hellip;]<\/p>\n","protected":false},"author":1,"featured_media":0,"comment_status":"open","ping_status":"open","sticky":false,"template":"","format":"standard","meta":{"site-sidebar-layout":"default","site-content-layout":"","ast-site-content-layout":"","site-content-style":"default","site-sidebar-style":"default","ast-global-header-display":"","ast-banner-title-visibility":"","ast-main-header-display":"","ast-hfb-above-header-display":"","ast-hfb-below-header-display":"","ast-hfb-mobile-header-display":"","site-post-title":"","ast-breadcrumbs-content":"","ast-featured-img":"","footer-sml-layout":"","theme-transparent-header-meta":"","adv-header-id-meta":"","stick-header-meta":"","header-above-stick-meta":"","header-main-stick-meta":"","header-below-stick-meta":"","astra-migrate-meta-layouts":"default","ast-page-background-enabled":"default","ast-page-background-meta":{"desktop":{"background-color":"var(--ast-global-color-4)","background-image":"","background-repeat":"repeat","background-position":"center center","background-size":"auto","background-attachment":"scroll","background-type":"","background-media":"","overlay-type":"","overlay-color":"","overlay-gradient":""},"tablet":{"background-color":"","background-image":"","background-repeat":"repeat","background-position":"center center","background-size":"auto","background-attachment":"scroll","background-type":"","background-media":"","overlay-type":"","overlay-color":"","overlay-gradient":""},"mobile":{"background-color":"","background-image":"","background-repeat":"repeat","background-position":"center center","background-size":"auto","background-attachment":"scroll","background-type":"","background-media":"","overlay-type":"","overlay-color":"","overlay-gradient":""}},"ast-content-background-meta":{"desktop":{"background-color":"var(--ast-global-color-5)","background-image":"","background-repeat":"repeat","background-position":"center center","background-size":"auto","background-attachment":"scroll","background-type":"","background-media":"","overlay-type":"","overlay-color":"","overlay-gradient":""},"tablet":{"background-color":"var(--ast-global-color-5)","background-image":"","background-repeat":"repeat","background-position":"center center","background-size":"auto","background-attachment":"scroll","background-type":"","background-media":"","overlay-type":"","overlay-color":"","overlay-gradient":""},"mobile":{"background-color":"var(--ast-global-color-5)","background-image":"","background-repeat":"repeat","background-position":"center center","background-size":"auto","background-attachment":"scroll","background-type":"","background-media":"","overlay-type":"","overlay-color":"","overlay-gradient":""}},"footnotes":""},"categories":[32400,12909,2758,325,4128],"tags":[28063,1293,148916,5139,9765,42293],"class_list":["post-67742","post","type-post","status-publish","format-standard","hentry","category-desarrollo-de-la-personalidad","category-pais-vasco-euskal-herriko-unibertsitatea","category-psicologia-evolutiva","category-psicopatologia","category-validacion-del-test","tag-alfredo-goni-grandmontagne","tag-antonio-fraile-aranda","tag-arantzazu-rodriguez-fernandez","tag-jose-maria-roman-sanchez","tag-jose-ortega-esteban","tag-pedro-miguel-apodaca-urquijo"],"_links":{"self":[{"href":"https:\/\/www.deberes.net\/tesis\/wp-json\/wp\/v2\/posts\/67742","targetHints":{"allow":["GET"]}}],"collection":[{"href":"https:\/\/www.deberes.net\/tesis\/wp-json\/wp\/v2\/posts"}],"about":[{"href":"https:\/\/www.deberes.net\/tesis\/wp-json\/wp\/v2\/types\/post"}],"author":[{"embeddable":true,"href":"https:\/\/www.deberes.net\/tesis\/wp-json\/wp\/v2\/users\/1"}],"replies":[{"embeddable":true,"href":"https:\/\/www.deberes.net\/tesis\/wp-json\/wp\/v2\/comments?post=67742"}],"version-history":[{"count":0,"href":"https:\/\/www.deberes.net\/tesis\/wp-json\/wp\/v2\/posts\/67742\/revisions"}],"wp:attachment":[{"href":"https:\/\/www.deberes.net\/tesis\/wp-json\/wp\/v2\/media?parent=67742"}],"wp:term":[{"taxonomy":"category","embeddable":true,"href":"https:\/\/www.deberes.net\/tesis\/wp-json\/wp\/v2\/categories?post=67742"},{"taxonomy":"post_tag","embeddable":true,"href":"https:\/\/www.deberes.net\/tesis\/wp-json\/wp\/v2\/tags?post=67742"}],"curies":[{"name":"wp","href":"https:\/\/api.w.org\/{rel}","templated":true}]}}