{"id":67769,"date":"2018-03-09T22:56:14","date_gmt":"2018-03-09T22:56:14","guid":{"rendered":"https:\/\/www.deberes.net\/tesis\/sin-categoria\/el-carmen-de-prouidentia-dei-estudio-historico-y-doctrinal\/"},"modified":"2018-03-09T22:56:14","modified_gmt":"2018-03-09T22:56:14","slug":"el-carmen-de-prouidentia-dei-estudio-historico-y-doctrinal","status":"publish","type":"post","link":"https:\/\/www.deberes.net\/tesis\/historias-especializadas\/el-carmen-de-prouidentia-dei-estudio-historico-y-doctrinal\/","title":{"rendered":"El carmen de prouidentia dei. estudio hist\u00f3rico y doctrinal"},"content":{"rendered":"<h2>Tesis doctoral de <strong> Raul Villegas Marin <\/strong><\/h2>\n<p>El objetivo del presente estudio es la contextualizaci\u00f3n hist\u00f3rica del carmen de prouidentia dei, composici\u00f3n po\u00e9tica cristiana escrita en la \u00e9poca de las primeras grandes oleadas de pueblos germ\u00e1nicos sobre territorio galorromano (principios de siglo v) y com\u00fanmente atribuida al c\u00e1lamo del historiador y te\u00f3logo prospero de aquitania. Hemos tratado de reevaluar el valor de esta obra en cuanto testimonio del impacto de las invasiones b\u00e1rbaras sobre lo que hemos dado en llamar la \u00abconciencia colectiva\u00bb de la \u00e9poca, as\u00ed como analizar la contribuci\u00f3n de su autor a la reflexi\u00f3n sobre la vigencia de los principios  de la teolog\u00eda pol\u00edtica dise\u00f1ada por eusebio de cesarea un siglo antes, fundamento ideol\u00f3gico del imperio romano cristiano. Por otra parte, analizamos la aportaci\u00f3n del poema al conocimiento de las grandes controversias teol\u00f3gicas que convulsionaron las iglesias galas durante este periodo, debates centrados en los grandes temas de la libertad human y de la cristolog\u00eda. Tambi\u00e9n sometemos a an\u00e1lisis cr\u00edtico las principales hip\u00f3tesis formuladas hasta el momento respecto a la autoria del poema, el \u00e1mbito geogr\u00e1fico de su composici\u00f3n y su cronolog\u00eda, para proponer finalmente nuestra propia hip\u00f3tesis al respecto.<\/p>\n<p>&nbsp;<\/p>\n<h3>Datos acad\u00e9micos de la tesis doctoral \u00ab<strong>El carmen de prouidentia dei. estudio hist\u00f3rico y doctrinal<\/strong>\u00ab<\/h3>\n<ul>\n<li><strong>T\u00edtulo de la tesis:<\/strong>\u00a0 El carmen de prouidentia dei. estudio hist\u00f3rico y doctrinal <\/li>\n<li><strong>Autor:<\/strong>\u00a0 Raul Villegas Marin <\/li>\n<li><strong>Universidad:<\/strong>\u00a0 Barcelona<\/li>\n<li><strong>Fecha de lectura de la tesis:<\/strong>\u00a0 31\/10\/2008<\/li>\n<\/ul>\n<p>&nbsp;<\/p>\n<h3>Direcci\u00f3n y tribunal<\/h3>\n<ul>\n<li><strong>Director de la tesis<\/strong>\n<ul>\n<li>Josep Vilella Masana<\/li>\n<\/ul>\n<\/li>\n<li><strong>Tribunal<\/strong>\n<ul>\n<li>Presidente del tribunal: ramon Teja casuso <\/li>\n<li>otto Wermelinger (vocal)<\/li>\n<li>Mar\u00eda  victoria Escribano pa\u00f1o (vocal)<\/li>\n<li>jean-marie Salamito (vocal)<\/li>\n<\/ul>\n<\/li>\n<\/ul>\n<p>&nbsp;<\/p>\n","protected":false},"excerpt":{"rendered":"<p>Tesis doctoral de Raul Villegas Marin El objetivo del presente estudio es la contextualizaci\u00f3n hist\u00f3rica del carmen de prouidentia dei, [&hellip;]<\/p>\n","protected":false},"author":1,"featured_media":0,"comment_status":"open","ping_status":"open","sticky":false,"template":"","format":"standard","meta":{"site-sidebar-layout":"default","site-content-layout":"","ast-site-content-layout":"","site-content-style":"default","site-sidebar-style":"default","ast-global-header-display":"","ast-banner-title-visibility":"","ast-main-header-display":"","ast-hfb-above-header-display":"","ast-hfb-below-header-display":"","ast-hfb-mobile-header-display":"","site-post-title":"","ast-breadcrumbs-content":"","ast-featured-img":"","footer-sml-layout":"","theme-transparent-header-meta":"","adv-header-id-meta":"","stick-header-meta":"","header-above-stick-meta":"","header-main-stick-meta":"","header-below-stick-meta":"","astra-migrate-meta-layouts":"default","ast-page-background-enabled":"default","ast-page-background-meta":{"desktop":{"background-color":"var(--ast-global-color-4)","background-image":"","background-repeat":"repeat","background-position":"center center","background-size":"auto","background-attachment":"scroll","background-type":"","background-media":"","overlay-type":"","overlay-color":"","overlay-gradient":""},"tablet":{"background-color":"","background-image":"","background-repeat":"repeat","background-position":"center center","background-size":"auto","background-attachment":"scroll","background-type":"","background-media":"","overlay-type":"","overlay-color":"","overlay-gradient":""},"mobile":{"background-color":"","background-image":"","background-repeat":"repeat","background-position":"center center","background-size":"auto","background-attachment":"scroll","background-type":"","background-media":"","overlay-type":"","overlay-color":"","overlay-gradient":""}},"ast-content-background-meta":{"desktop":{"background-color":"var(--ast-global-color-5)","background-image":"","background-repeat":"repeat","background-position":"center center","background-size":"auto","background-attachment":"scroll","background-type":"","background-media":"","overlay-type":"","overlay-color":"","overlay-gradient":""},"tablet":{"background-color":"var(--ast-global-color-5)","background-image":"","background-repeat":"repeat","background-position":"center center","background-size":"auto","background-attachment":"scroll","background-type":"","background-media":"","overlay-type":"","overlay-color":"","overlay-gradient":""},"mobile":{"background-color":"var(--ast-global-color-5)","background-image":"","background-repeat":"repeat","background-position":"center center","background-size":"auto","background-attachment":"scroll","background-type":"","background-media":"","overlay-type":"","overlay-color":"","overlay-gradient":""}},"footnotes":""},"categories":[951,2142,569,7220,222],"tags":[148974,45016,24178,148973,7209,148972],"class_list":["post-67769","post","type-post","status-publish","format-standard","hentry","category-barcelona","category-filologia","category-historia-antigua","category-historia-de-las-religiones","category-historias-especializadas","tag-jean-marie-salamito","tag-josep-vilella-masana","tag-maria-victoria-escribano-pano","tag-otto-wermelinger","tag-ramon-teja-casuso","tag-raul-villegas-marin"],"_links":{"self":[{"href":"https:\/\/www.deberes.net\/tesis\/wp-json\/wp\/v2\/posts\/67769","targetHints":{"allow":["GET"]}}],"collection":[{"href":"https:\/\/www.deberes.net\/tesis\/wp-json\/wp\/v2\/posts"}],"about":[{"href":"https:\/\/www.deberes.net\/tesis\/wp-json\/wp\/v2\/types\/post"}],"author":[{"embeddable":true,"href":"https:\/\/www.deberes.net\/tesis\/wp-json\/wp\/v2\/users\/1"}],"replies":[{"embeddable":true,"href":"https:\/\/www.deberes.net\/tesis\/wp-json\/wp\/v2\/comments?post=67769"}],"version-history":[{"count":0,"href":"https:\/\/www.deberes.net\/tesis\/wp-json\/wp\/v2\/posts\/67769\/revisions"}],"wp:attachment":[{"href":"https:\/\/www.deberes.net\/tesis\/wp-json\/wp\/v2\/media?parent=67769"}],"wp:term":[{"taxonomy":"category","embeddable":true,"href":"https:\/\/www.deberes.net\/tesis\/wp-json\/wp\/v2\/categories?post=67769"},{"taxonomy":"post_tag","embeddable":true,"href":"https:\/\/www.deberes.net\/tesis\/wp-json\/wp\/v2\/tags?post=67769"}],"curies":[{"name":"wp","href":"https:\/\/api.w.org\/{rel}","templated":true}]}}