{"id":67824,"date":"2008-05-11T00:00:00","date_gmt":"2008-05-11T00:00:00","guid":{"rendered":"https:\/\/www.deberes.net\/tesis\/sin-categoria\/las-edades-de-la-razon-metaforas-culturales-de-la-infancia\/"},"modified":"2008-05-11T00:00:00","modified_gmt":"2008-05-11T00:00:00","slug":"las-edades-de-la-razon-metaforas-culturales-de-la-infancia","status":"publish","type":"post","link":"https:\/\/www.deberes.net\/tesis\/simbolismo\/las-edades-de-la-razon-metaforas-culturales-de-la-infancia\/","title":{"rendered":"Las edades de la raz\u00f3n. met\u00e1foras culturales de la infancia"},"content":{"rendered":"<h2>Tesis doctoral de <strong> M\u00aa Carmen Garc\u00eda Alonso <\/strong><\/h2>\n<p>La presente tesis reflexiona sobe algunos mecanismos de construcci\u00f3n en espa\u00f1a de esa edad de la vida que llamamos infancia. El tiempo biogr\u00e1fico, que ordena las vidas individuales, tiene un v\u00ednculo con otros tiempos que organizan la vida colectiva: especialmente el tiempo biol\u00f3gico, para el que la ontogenia reproduce la filogenia, y el tiempo hist\u00f3rico, que tambi\u00e9n est\u00e1 dividido en edades. Esta vinculaci\u00f3n permite que las trayectorias vitales avancen en un doble proceso: aquel por el cual el cuerpo crece y ese otro por el cual evoluciona. El doble proceso de crecimiento y evoluci\u00f3n se encuentra reflejado en espa\u00f1ol en la distinci\u00f3n entre los conceptos de infancia y ni\u00f1ez, pubertad y adolescencia, ancianidad y vejez. Estos pares de conceptos suelen ser vividos a la par seg\u00fan el ritmo que cada sociedad considere conveniente, pero en determinadas circunstancias ambos procesos se disocian, como en el caso de los ni\u00f1os salvajes, en los que el crecimiento de los cuerpos no se corresponde con un similar dominio de las habilidades sociales, o cuando las guerras, las cat\u00e1strofes naturales, las desgracias familiares, etc. Obligan a las personas a asumir responsabilidades impropias de su edad biol\u00f3gica. La ciencia y el sentido com\u00fan occidental consideran que el homo sapiens sapiens es un animal, pero que debe desgajarse de este tronco animal al que se encuentra vinculado para poder convertirse en una persona, en un verdadero hombre. La infancia es el per\u00edodo de la vida en el que se realizan esas transformaciones alqu\u00edmicas. En este camino que lleva a los cachorros de hombre hasta la civilizaci\u00f3n juega un importante papel  lo que se ha llamado uso de raz\u00f3n. A partir de la especulaci\u00f3n te\u00f3rica y de la experiencia de campo con informantes de distintas edades, se presentan tambi\u00e9n distintos modelos de organizaci\u00f3n de las narrativas biogr\u00e1ficas, especialmente de aquellas relatadas en primera persona. Algunos de estos modelos son herederos de una tradici\u00f3n discursiva de larga duraci\u00f3n en espa\u00f1a y han resultado \u00fatiles a las distintas generaciones para periodizar su experiencia vivida, se\u00f1alando en ella algunos hitos recurrentes que funcionan como marcadores de un cambio de edad.<\/p>\n<p>&nbsp;<\/p>\n<h3>Datos acad\u00e9micos de la tesis doctoral \u00ab<strong>Las edades de la raz\u00f3n. met\u00e1foras culturales de la infancia<\/strong>\u00ab<\/h3>\n<ul>\n<li><strong>T\u00edtulo de la tesis:<\/strong>\u00a0 Las edades de la raz\u00f3n. met\u00e1foras culturales de la infancia <\/li>\n<li><strong>Autor:<\/strong>\u00a0 M\u00aa Carmen Garc\u00eda Alonso <\/li>\n<li><strong>Universidad:<\/strong>\u00a0 Nacional de educaci\u00f3n a distancia<\/li>\n<li><strong>Fecha de lectura de la tesis:<\/strong>\u00a0 05\/11\/2008<\/li>\n<\/ul>\n<p>&nbsp;<\/p>\n<h3>Direcci\u00f3n y tribunal<\/h3>\n<ul>\n<li><strong>Director de la tesis<\/strong>\n<ul>\n<li>Manuel Guti\u00e9rrez Est\u00e9vez<\/li>\n<\/ul>\n<\/li>\n<li><strong>Tribunal<\/strong>\n<ul>\n<li>Presidente del tribunal: honorio manuel Velasco ma\u00edllo <\/li>\n<li>Francisco Jos\u00e9 Ferrandiz mart\u00edn (vocal)<\/li>\n<li>Juli\u00e1n L\u00f3pez Garc\u00eda (vocal)<\/li>\n<li>gabriela Ossenbach sauter (vocal)<\/li>\n<\/ul>\n<\/li>\n<\/ul>\n<p>&nbsp;<\/p>\n","protected":false},"excerpt":{"rendered":"<p>Tesis doctoral de M\u00aa Carmen Garc\u00eda Alonso La presente tesis reflexiona sobe algunos mecanismos de construcci\u00f3n en espa\u00f1a de esa [&hellip;]<\/p>\n","protected":false},"author":1,"featured_media":0,"comment_status":"open","ping_status":"open","sticky":false,"template":"","format":"standard","meta":{"site-sidebar-layout":"default","site-content-layout":"","ast-site-content-layout":"","site-content-style":"default","site-sidebar-style":"default","ast-global-header-display":"","ast-banner-title-visibility":"","ast-main-header-display":"","ast-hfb-above-header-display":"","ast-hfb-below-header-display":"","ast-hfb-mobile-header-display":"","site-post-title":"","ast-breadcrumbs-content":"","ast-featured-img":"","footer-sml-layout":"","theme-transparent-header-meta":"","adv-header-id-meta":"","stick-header-meta":"","header-above-stick-meta":"","header-main-stick-meta":"","header-below-stick-meta":"","astra-migrate-meta-layouts":"default","ast-page-background-enabled":"default","ast-page-background-meta":{"desktop":{"background-color":"var(--ast-global-color-4)","background-image":"","background-repeat":"repeat","background-position":"center center","background-size":"auto","background-attachment":"scroll","background-type":"","background-media":"","overlay-type":"","overlay-color":"","overlay-gradient":""},"tablet":{"background-color":"","background-image":"","background-repeat":"repeat","background-position":"center center","background-size":"auto","background-attachment":"scroll","background-type":"","background-media":"","overlay-type":"","overlay-color":"","overlay-gradient":""},"mobile":{"background-color":"","background-image":"","background-repeat":"repeat","background-position":"center center","background-size":"auto","background-attachment":"scroll","background-type":"","background-media":"","overlay-type":"","overlay-color":"","overlay-gradient":""}},"ast-content-background-meta":{"desktop":{"background-color":"var(--ast-global-color-5)","background-image":"","background-repeat":"repeat","background-position":"center center","background-size":"auto","background-attachment":"scroll","background-type":"","background-media":"","overlay-type":"","overlay-color":"","overlay-gradient":""},"tablet":{"background-color":"var(--ast-global-color-5)","background-image":"","background-repeat":"repeat","background-position":"center center","background-size":"auto","background-attachment":"scroll","background-type":"","background-media":"","overlay-type":"","overlay-color":"","overlay-gradient":""},"mobile":{"background-color":"var(--ast-global-color-5)","background-image":"","background-repeat":"repeat","background-position":"center center","background-size":"auto","background-attachment":"scroll","background-type":"","background-media":"","overlay-type":"","overlay-color":"","overlay-gradient":""}},"footnotes":""},"categories":[17070,12919],"tags":[130180,39507,14767,6481,5151,149072],"class_list":["post-67824","post","type-post","status-publish","format-standard","hentry","category-nacional-de-educacion-a-distancia","category-simbolismo","tag-francisco-jose-ferrandiz-martin","tag-gabriela-ossenbach-sauter","tag-honorio-manuel-velasco-maillo","tag-julian-lopez-garcia","tag-manuel-gutierrez-estevez","tag-ma-carmen-garcia-alonso"],"_links":{"self":[{"href":"https:\/\/www.deberes.net\/tesis\/wp-json\/wp\/v2\/posts\/67824","targetHints":{"allow":["GET"]}}],"collection":[{"href":"https:\/\/www.deberes.net\/tesis\/wp-json\/wp\/v2\/posts"}],"about":[{"href":"https:\/\/www.deberes.net\/tesis\/wp-json\/wp\/v2\/types\/post"}],"author":[{"embeddable":true,"href":"https:\/\/www.deberes.net\/tesis\/wp-json\/wp\/v2\/users\/1"}],"replies":[{"embeddable":true,"href":"https:\/\/www.deberes.net\/tesis\/wp-json\/wp\/v2\/comments?post=67824"}],"version-history":[{"count":0,"href":"https:\/\/www.deberes.net\/tesis\/wp-json\/wp\/v2\/posts\/67824\/revisions"}],"wp:attachment":[{"href":"https:\/\/www.deberes.net\/tesis\/wp-json\/wp\/v2\/media?parent=67824"}],"wp:term":[{"taxonomy":"category","embeddable":true,"href":"https:\/\/www.deberes.net\/tesis\/wp-json\/wp\/v2\/categories?post=67824"},{"taxonomy":"post_tag","embeddable":true,"href":"https:\/\/www.deberes.net\/tesis\/wp-json\/wp\/v2\/tags?post=67824"}],"curies":[{"name":"wp","href":"https:\/\/api.w.org\/{rel}","templated":true}]}}