{"id":67828,"date":"2008-06-11T00:00:00","date_gmt":"2008-06-11T00:00:00","guid":{"rendered":"https:\/\/www.deberes.net\/tesis\/sin-categoria\/la-casa-de-borbon-y-la-ordenes-militares-durante-el-siglo-xviii-1700-1809\/"},"modified":"2008-06-11T00:00:00","modified_gmt":"2008-06-11T00:00:00","slug":"la-casa-de-borbon-y-la-ordenes-militares-durante-el-siglo-xviii-1700-1809","status":"publish","type":"post","link":"https:\/\/www.deberes.net\/tesis\/sin-categoria\/la-casa-de-borbon-y-la-ordenes-militares-durante-el-siglo-xviii-1700-1809\/","title":{"rendered":"La casa de borb\u00f3n y la \u00f3rdenes militares durante el siglo xviii (1700-1809)."},"content":{"rendered":"<h2>Tesis doctoral de <strong> Juan  De Avila Gijon Granados <\/strong><\/h2>\n<p>Null se trata de la relaci\u00f3n de la casa de borb\u00f3n espa\u00f1ola con las instituciones militares-religiosas que hab\u00edan evolucionado desde los tiempos medievales y los siglos xvi-xvii. Reyes e infantes tuvieron derechos jur\u00eddicos y econ\u00f3micos en los territorios de las \u00f3rdenes militares como herencia del pasado. La conversi\u00f3n de las encomiendas concedidas a los infantes en un nuevo tipo de se\u00f1or\u00edo denominado \u00abreal encomienda\u00bb y la concesi\u00f3n de m\u00e1s de medio centenar de estas encomiendas entre los infantes y r eyes supuso una absorci\u00f3n patrimonial muy destacada en una pol\u00edtica de intervencionismo mon\u00e1rquico que evolucion\u00f3 durante toda la etapa estudiada.<\/p>\n<p>&nbsp;<\/p>\n<h3>Datos acad\u00e9micos de la tesis doctoral \u00ab<strong>La casa de borb\u00f3n y la \u00f3rdenes militares durante el siglo xviii (1700-1809).<\/strong>\u00ab<\/h3>\n<ul>\n<li><strong>T\u00edtulo de la tesis:<\/strong>\u00a0 La casa de borb\u00f3n y la \u00f3rdenes militares durante el siglo xviii (1700-1809). <\/li>\n<li><strong>Autor:<\/strong>\u00a0 Juan  De Avila Gijon Granados <\/li>\n<li><strong>Universidad:<\/strong>\u00a0 Complutense de Madrid<\/li>\n<li><strong>Fecha de lectura de la tesis:<\/strong>\u00a0 06\/11\/2008<\/li>\n<\/ul>\n<p>&nbsp;<\/p>\n<h3>Direcci\u00f3n y tribunal<\/h3>\n<ul>\n<li><strong>Director de la tesis<\/strong>\n<ul>\n<li>cordon Cortezo Lopez<\/li>\n<\/ul>\n<\/li>\n<li><strong>Tribunal<\/strong>\n<ul>\n<li>Presidente del tribunal: Mar\u00eda teresa (secretario) Nava rodr\u00edguez <\/li>\n<li>  (vocal)<\/li>\n<li>  (vocal)<\/li>\n<li>  (vocal)<\/li>\n<\/ul>\n<\/li>\n<\/ul>\n<p>&nbsp;<\/p>\n","protected":false},"excerpt":{"rendered":"<p>Tesis doctoral de Juan De Avila Gijon Granados Null se trata de la relaci\u00f3n de la casa de borb\u00f3n espa\u00f1ola [&hellip;]<\/p>\n","protected":false},"author":1,"featured_media":0,"comment_status":"open","ping_status":"open","sticky":false,"template":"","format":"standard","meta":{"site-sidebar-layout":"default","site-content-layout":"","ast-site-content-layout":"","site-content-style":"default","site-sidebar-style":"default","ast-global-header-display":"","ast-banner-title-visibility":"","ast-main-header-display":"","ast-hfb-above-header-display":"","ast-hfb-below-header-display":"","ast-hfb-mobile-header-display":"","site-post-title":"","ast-breadcrumbs-content":"","ast-featured-img":"","footer-sml-layout":"","theme-transparent-header-meta":"","adv-header-id-meta":"","stick-header-meta":"","header-above-stick-meta":"","header-main-stick-meta":"","header-below-stick-meta":"","astra-migrate-meta-layouts":"default","ast-page-background-enabled":"default","ast-page-background-meta":{"desktop":{"background-color":"var(--ast-global-color-4)","background-image":"","background-repeat":"repeat","background-position":"center center","background-size":"auto","background-attachment":"scroll","background-type":"","background-media":"","overlay-type":"","overlay-color":"","overlay-gradient":""},"tablet":{"background-color":"","background-image":"","background-repeat":"repeat","background-position":"center center","background-size":"auto","background-attachment":"scroll","background-type":"","background-media":"","overlay-type":"","overlay-color":"","overlay-gradient":""},"mobile":{"background-color":"","background-image":"","background-repeat":"repeat","background-position":"center center","background-size":"auto","background-attachment":"scroll","background-type":"","background-media":"","overlay-type":"","overlay-color":"","overlay-gradient":""}},"ast-content-background-meta":{"desktop":{"background-color":"var(--ast-global-color-5)","background-image":"","background-repeat":"repeat","background-position":"center center","background-size":"auto","background-attachment":"scroll","background-type":"","background-media":"","overlay-type":"","overlay-color":"","overlay-gradient":""},"tablet":{"background-color":"var(--ast-global-color-5)","background-image":"","background-repeat":"repeat","background-position":"center center","background-size":"auto","background-attachment":"scroll","background-type":"","background-media":"","overlay-type":"","overlay-color":"","overlay-gradient":""},"mobile":{"background-color":"var(--ast-global-color-5)","background-image":"","background-repeat":"repeat","background-position":"center center","background-size":"auto","background-attachment":"scroll","background-type":"","background-media":"","overlay-type":"","overlay-color":"","overlay-gradient":""}},"footnotes":""},"categories":[1],"tags":[7494,149077,149078],"class_list":["post-67828","post","type-post","status-publish","format-standard","hentry","category-sin-categoria","tag-cordon-cortezo-lopez","tag-juan-de-avila-gijon-granados","tag-maria-teresa-secretario-nava-rodriguez"],"_links":{"self":[{"href":"https:\/\/www.deberes.net\/tesis\/wp-json\/wp\/v2\/posts\/67828","targetHints":{"allow":["GET"]}}],"collection":[{"href":"https:\/\/www.deberes.net\/tesis\/wp-json\/wp\/v2\/posts"}],"about":[{"href":"https:\/\/www.deberes.net\/tesis\/wp-json\/wp\/v2\/types\/post"}],"author":[{"embeddable":true,"href":"https:\/\/www.deberes.net\/tesis\/wp-json\/wp\/v2\/users\/1"}],"replies":[{"embeddable":true,"href":"https:\/\/www.deberes.net\/tesis\/wp-json\/wp\/v2\/comments?post=67828"}],"version-history":[{"count":0,"href":"https:\/\/www.deberes.net\/tesis\/wp-json\/wp\/v2\/posts\/67828\/revisions"}],"wp:attachment":[{"href":"https:\/\/www.deberes.net\/tesis\/wp-json\/wp\/v2\/media?parent=67828"}],"wp:term":[{"taxonomy":"category","embeddable":true,"href":"https:\/\/www.deberes.net\/tesis\/wp-json\/wp\/v2\/categories?post=67828"},{"taxonomy":"post_tag","embeddable":true,"href":"https:\/\/www.deberes.net\/tesis\/wp-json\/wp\/v2\/tags?post=67828"}],"curies":[{"name":"wp","href":"https:\/\/api.w.org\/{rel}","templated":true}]}}