{"id":67856,"date":"2008-07-11T00:00:00","date_gmt":"2008-07-11T00:00:00","guid":{"rendered":"https:\/\/www.deberes.net\/tesis\/sin-categoria\/la-guerra-de-la-oreja-de-jenkins-un-conflicto-colonial-1739-1748\/"},"modified":"2008-07-11T00:00:00","modified_gmt":"2008-07-11T00:00:00","slug":"la-guerra-de-la-oreja-de-jenkins-un-conflicto-colonial-1739-1748","status":"publish","type":"post","link":"https:\/\/www.deberes.net\/tesis\/historia-de-la-guerra\/la-guerra-de-la-oreja-de-jenkins-un-conflicto-colonial-1739-1748\/","title":{"rendered":"La guerra de la oreja de jenkins: un conflicto colonial (1739-1748)"},"content":{"rendered":"<h2>Tesis doctoral de <strong> Jorge Cerd\u00e1 Crespo <\/strong><\/h2>\n<p>Conflicto colonial entre las monarqu\u00edas espa\u00f1ola e inglesa, provocado fundamentalmente por el comercio ilegal y los intentos de la monarqu\u00eda espa\u00f1ola de acabar con el mismo. El hecho m\u00e1s destacable ser\u00eda la batalla de cartagena del a\u00f1o  1741. El periodo que comprende el conflicto es 1739-1748.<\/p>\n<p>&nbsp;<\/p>\n<h3>Datos acad\u00e9micos de la tesis doctoral \u00ab<strong>La guerra de la oreja de jenkins: un conflicto colonial (1739-1748)<\/strong>\u00ab<\/h3>\n<ul>\n<li><strong>T\u00edtulo de la tesis:<\/strong>\u00a0 La guerra de la oreja de jenkins: un conflicto colonial (1739-1748) <\/li>\n<li><strong>Autor:<\/strong>\u00a0 Jorge Cerd\u00e1 Crespo <\/li>\n<li><strong>Universidad:<\/strong>\u00a0 Alicante<\/li>\n<li><strong>Fecha de lectura de la tesis:<\/strong>\u00a0 07\/11\/2008<\/li>\n<\/ul>\n<p>&nbsp;<\/p>\n<h3>Direcci\u00f3n y tribunal<\/h3>\n<ul>\n<li><strong>Director de la tesis<\/strong>\n<ul>\n<li>Enrique Gim\u00e9nez L\u00f3pez<\/li>\n<\/ul>\n<\/li>\n<li><strong>Tribunal<\/strong>\n<ul>\n<li>Presidente del tribunal: enrique Mart\u00ednez ruiz <\/li>\n<li>M\u00aa carmen Saavedra v\u00e1zquez (vocal)<\/li>\n<li>Francisco And\u00fajar castillo (vocal)<\/li>\n<li>manuel-reyes Garc\u00eda hurtado (vocal)<\/li>\n<\/ul>\n<\/li>\n<\/ul>\n<p>&nbsp;<\/p>\n","protected":false},"excerpt":{"rendered":"<p>Tesis doctoral de Jorge Cerd\u00e1 Crespo Conflicto colonial entre las monarqu\u00edas espa\u00f1ola e inglesa, provocado fundamentalmente por el comercio ilegal [&hellip;]<\/p>\n","protected":false},"author":1,"featured_media":0,"comment_status":"open","ping_status":"open","sticky":false,"template":"","format":"standard","meta":{"site-sidebar-layout":"default","site-content-layout":"","ast-site-content-layout":"","site-content-style":"default","site-sidebar-style":"default","ast-global-header-display":"","ast-banner-title-visibility":"","ast-main-header-display":"","ast-hfb-above-header-display":"","ast-hfb-below-header-display":"","ast-hfb-mobile-header-display":"","site-post-title":"","ast-breadcrumbs-content":"","ast-featured-img":"","footer-sml-layout":"","theme-transparent-header-meta":"","adv-header-id-meta":"","stick-header-meta":"","header-above-stick-meta":"","header-main-stick-meta":"","header-below-stick-meta":"","astra-migrate-meta-layouts":"default","ast-page-background-enabled":"default","ast-page-background-meta":{"desktop":{"background-color":"var(--ast-global-color-4)","background-image":"","background-repeat":"repeat","background-position":"center center","background-size":"auto","background-attachment":"scroll","background-type":"","background-media":"","overlay-type":"","overlay-color":"","overlay-gradient":""},"tablet":{"background-color":"","background-image":"","background-repeat":"repeat","background-position":"center center","background-size":"auto","background-attachment":"scroll","background-type":"","background-media":"","overlay-type":"","overlay-color":"","overlay-gradient":""},"mobile":{"background-color":"","background-image":"","background-repeat":"repeat","background-position":"center center","background-size":"auto","background-attachment":"scroll","background-type":"","background-media":"","overlay-type":"","overlay-color":"","overlay-gradient":""}},"ast-content-background-meta":{"desktop":{"background-color":"var(--ast-global-color-5)","background-image":"","background-repeat":"repeat","background-position":"center center","background-size":"auto","background-attachment":"scroll","background-type":"","background-media":"","overlay-type":"","overlay-color":"","overlay-gradient":""},"tablet":{"background-color":"var(--ast-global-color-5)","background-image":"","background-repeat":"repeat","background-position":"center center","background-size":"auto","background-attachment":"scroll","background-type":"","background-media":"","overlay-type":"","overlay-color":"","overlay-gradient":""},"mobile":{"background-color":"var(--ast-global-color-5)","background-image":"","background-repeat":"repeat","background-position":"center center","background-size":"auto","background-attachment":"scroll","background-type":"","background-media":"","overlay-type":"","overlay-color":"","overlay-gradient":""}},"footnotes":""},"categories":[19166,42358,413,989,4073],"tags":[4940,4939,21864,149139,149141,149140],"class_list":["post-67856","post","type-post","status-publish","format-standard","hentry","category-alicante","category-guerra","category-historia-de-la-guerra","category-historia-moderna","category-relaciones-internacionales","tag-enrique-gimenez-lopez","tag-enrique-Martinez-ruiz","tag-francisco-andujar-castillo","tag-jorge-cerda-crespo","tag-manuel-reyes-garcia-hurtado","tag-ma-carmen-saavedra-vazquez"],"_links":{"self":[{"href":"https:\/\/www.deberes.net\/tesis\/wp-json\/wp\/v2\/posts\/67856","targetHints":{"allow":["GET"]}}],"collection":[{"href":"https:\/\/www.deberes.net\/tesis\/wp-json\/wp\/v2\/posts"}],"about":[{"href":"https:\/\/www.deberes.net\/tesis\/wp-json\/wp\/v2\/types\/post"}],"author":[{"embeddable":true,"href":"https:\/\/www.deberes.net\/tesis\/wp-json\/wp\/v2\/users\/1"}],"replies":[{"embeddable":true,"href":"https:\/\/www.deberes.net\/tesis\/wp-json\/wp\/v2\/comments?post=67856"}],"version-history":[{"count":0,"href":"https:\/\/www.deberes.net\/tesis\/wp-json\/wp\/v2\/posts\/67856\/revisions"}],"wp:attachment":[{"href":"https:\/\/www.deberes.net\/tesis\/wp-json\/wp\/v2\/media?parent=67856"}],"wp:term":[{"taxonomy":"category","embeddable":true,"href":"https:\/\/www.deberes.net\/tesis\/wp-json\/wp\/v2\/categories?post=67856"},{"taxonomy":"post_tag","embeddable":true,"href":"https:\/\/www.deberes.net\/tesis\/wp-json\/wp\/v2\/tags?post=67856"}],"curies":[{"name":"wp","href":"https:\/\/api.w.org\/{rel}","templated":true}]}}