{"id":67913,"date":"2008-10-11T00:00:00","date_gmt":"2008-10-11T00:00:00","guid":{"rendered":"https:\/\/www.deberes.net\/tesis\/sin-categoria\/el-teatro-en-la-ciudad-de-valencia-reconstruccion-de-la-cartelera-valenciana-1936-1939\/"},"modified":"2008-10-11T00:00:00","modified_gmt":"2008-10-11T00:00:00","slug":"el-teatro-en-la-ciudad-de-valencia-reconstruccion-de-la-cartelera-valenciana-1936-1939","status":"publish","type":"post","link":"https:\/\/www.deberes.net\/tesis\/ciencias-de-las-artes-y-las-letras\/el-teatro-en-la-ciudad-de-valencia-reconstruccion-de-la-cartelera-valenciana-1936-1939\/","title":{"rendered":"El teatro en la ciudad de Valencia. reconstrucci\u00f3n de la cartelera Valenciana (1936-1939)"},"content":{"rendered":"<h2>Tesis doctoral de <strong> Mar\u00eda Dolores Cosme Ferr\u00eds <\/strong><\/h2>\n<p>Esta tesis se centra en la vida teatral de la ciudad de Valencia. El per\u00edodo que trata son los treinta y dos meses que dur\u00f3 la contienda que comprenden desde julio de 1936 a marzo de 1939. Hemos realizado la reconstrucci\u00f3n de la cartelera Valenciana de las salas comerciales, as\u00ed como la recepci\u00f3n de las obras por parte del p\u00fablico y de la cr\u00edtica de la \u00e9poca, tambi\u00e9n hemos elaborado una teor\u00eda teatral. en el per\u00edodo que hemos investigado tuvo lugar un hecho muy violento como fue el de la guerra civil y hemos querido conocer las causas que condujeron a ese hecho tan violento, as\u00ed como los motivos por los que se produjo. Para ello hemos analizado los antecedentes culturales e hist\u00f3ricos, y tambi\u00e9n c\u00f3mo \u00e9sta influy\u00f3 en los espect\u00e1culos p\u00fablicos. esta tesis consta de dos partes en la primera parte hemos analizado los estudios m\u00e1s importantes sobre el hecho teatral de las principales ciudades republicanas Madrid, barcelona y Valencia. En la segunda parte hemos realizado un trabajo de campo con la elaboraci\u00f3n de una base de datos con el vaciado de la cartelera de tres peri\u00f3dicos: fragua social, el mercantil Valenciano y verdad. Una vez realizado el vaciado hemos elaborado una serie de tablas con los resultados. Las tablas ponen en contacto diferentes campos recogidos con lo que muestra en detalle la descripci\u00f3n de todos loes elementos de las representaciones que se realizaron en los teatros comerciales de la ciudad de Valencia. para conocer la recepci\u00f3n que tuvo el p\u00fablico y la cr\u00edtica del momento de estas representaciones hemos realizado la copia literal  y el estudio de los art\u00edculos de cr\u00edtica teatral de los tres peri\u00f3dicos antes citados.  fragua social era el \u00f3rgano de expresi\u00f3n de la cnt y desde  el principio de la guerra civil, cuando naci\u00f3 esta publicaci\u00f3n, en sus art\u00edculos teatrales muestra su preocupaci\u00f3n por mostrar la importancia del teatro en la revoluci\u00f3n. Apostaban por la renovaci\u00f3n de las carteleras, para que estuvieran m\u00e1s acorde con el momento tan grave que estaban viviendo. Ped\u00edan a los autores que crearan obras nuevas que reflejaran las inquietudes y los valores de la nueva sociedad por la que estaban luchando, una sociedad m\u00e1s justa y m\u00e1s libre.  el mercantil Valenciano presentaba una gran cantidad de art\u00edculos sobre los espect\u00e1culos teatrales y era muy benevolente en sus cr\u00edticas. Cuando se representaba una obra que supon\u00eda una renovaci\u00f3n teatral la apoyaban de forma incondicional. verdad dedicaba menos art\u00edculos al hecho teatral, y los que hab\u00eda, mostraban la renovaci\u00f3n que propon\u00edan desde las instituciones.  de la copia literal de los art\u00edculos que hemos seleccionado sobre el hecho teatral en la revista sem\u00e1foro hemos elaborado una teor\u00eda teatral.  por \u00faltimo hemos realizado unas conclusiones por cada peri\u00f3dico estudiado y finalmente una conclusi\u00f3n global.<\/p>\n<p>&nbsp;<\/p>\n<h3>Datos acad\u00e9micos de la tesis doctoral \u00ab<strong>El teatro en la ciudad de Valencia. reconstrucci\u00f3n de la cartelera Valenciana (1936-1939)<\/strong>\u00ab<\/h3>\n<ul>\n<li><strong>T\u00edtulo de la tesis:<\/strong>\u00a0 El teatro en la ciudad de Valencia. reconstrucci\u00f3n de la cartelera Valenciana (1936-1939) <\/li>\n<li><strong>Autor:<\/strong>\u00a0 Mar\u00eda Dolores Cosme Ferr\u00eds <\/li>\n<li><strong>Universidad:<\/strong>\u00a0 Universitat de val\u00e9ncia (estudi general)<\/li>\n<li><strong>Fecha de lectura de la tesis:<\/strong>\u00a0 10\/11\/2008<\/li>\n<\/ul>\n<p>&nbsp;<\/p>\n<h3>Direcci\u00f3n y tribunal<\/h3>\n<ul>\n<li><strong>Director de la tesis<\/strong>\n<ul>\n<li>Josep LLuis Sirera Turo<\/li>\n<\/ul>\n<\/li>\n<li><strong>Tribunal<\/strong>\n<ul>\n<li>Presidente del tribunal: manuel Aznar soler <\/li>\n<li>angel Berenguer castellary (vocal)<\/li>\n<li>Mar\u00eda no de Paco moya (vocal)<\/li>\n<li>john London (vocal)<\/li>\n<\/ul>\n<\/li>\n<\/ul>\n<p>&nbsp;<\/p>\n","protected":false},"excerpt":{"rendered":"<p>Tesis doctoral de Mar\u00eda Dolores Cosme Ferr\u00eds Esta tesis se centra en la vida teatral de la ciudad de Valencia. [&hellip;]<\/p>\n","protected":false},"author":1,"featured_media":0,"comment_status":"open","ping_status":"open","sticky":false,"template":"","format":"standard","meta":{"site-sidebar-layout":"default","site-content-layout":"","ast-site-content-layout":"","site-content-style":"default","site-sidebar-style":"default","ast-global-header-display":"","ast-banner-title-visibility":"","ast-main-header-display":"","ast-hfb-above-header-display":"","ast-hfb-below-header-display":"","ast-hfb-mobile-header-display":"","site-post-title":"","ast-breadcrumbs-content":"","ast-featured-img":"","footer-sml-layout":"","theme-transparent-header-meta":"","adv-header-id-meta":"","stick-header-meta":"","header-above-stick-meta":"","header-main-stick-meta":"","header-below-stick-meta":"","astra-migrate-meta-layouts":"default","ast-page-background-enabled":"default","ast-page-background-meta":{"desktop":{"background-color":"var(--ast-global-color-4)","background-image":"","background-repeat":"repeat","background-position":"center center","background-size":"auto","background-attachment":"scroll","background-type":"","background-media":"","overlay-type":"","overlay-color":"","overlay-gradient":""},"tablet":{"background-color":"","background-image":"","background-repeat":"repeat","background-position":"center center","background-size":"auto","background-attachment":"scroll","background-type":"","background-media":"","overlay-type":"","overlay-color":"","overlay-gradient":""},"mobile":{"background-color":"","background-image":"","background-repeat":"repeat","background-position":"center center","background-size":"auto","background-attachment":"scroll","background-type":"","background-media":"","overlay-type":"","overlay-color":"","overlay-gradient":""}},"ast-content-background-meta":{"desktop":{"background-color":"var(--ast-global-color-5)","background-image":"","background-repeat":"repeat","background-position":"center center","background-size":"auto","background-attachment":"scroll","background-type":"","background-media":"","overlay-type":"","overlay-color":"","overlay-gradient":""},"tablet":{"background-color":"var(--ast-global-color-5)","background-image":"","background-repeat":"repeat","background-position":"center center","background-size":"auto","background-attachment":"scroll","background-type":"","background-media":"","overlay-type":"","overlay-color":"","overlay-gradient":""},"mobile":{"background-color":"var(--ast-global-color-5)","background-image":"","background-repeat":"repeat","background-position":"center center","background-size":"auto","background-attachment":"scroll","background-type":"","background-media":"","overlay-type":"","overlay-color":"","overlay-gradient":""}},"footnotes":""},"categories":[147,3925,1110],"tags":[11560,149267,11559,13642,149266,8643],"class_list":["post-67913","post","type-post","status-publish","format-standard","hentry","category-ciencias-de-las-artes-y-las-letras","category-estilo-y-retorica","category-teatro","tag-angel-berenguer-castellary","tag-john-london","tag-josep-lluis-sirera-turo","tag-manuel-aznar-soler","tag-maria-dolores-cosme-ferris","tag-maria-no-de-paco-moya"],"_links":{"self":[{"href":"https:\/\/www.deberes.net\/tesis\/wp-json\/wp\/v2\/posts\/67913","targetHints":{"allow":["GET"]}}],"collection":[{"href":"https:\/\/www.deberes.net\/tesis\/wp-json\/wp\/v2\/posts"}],"about":[{"href":"https:\/\/www.deberes.net\/tesis\/wp-json\/wp\/v2\/types\/post"}],"author":[{"embeddable":true,"href":"https:\/\/www.deberes.net\/tesis\/wp-json\/wp\/v2\/users\/1"}],"replies":[{"embeddable":true,"href":"https:\/\/www.deberes.net\/tesis\/wp-json\/wp\/v2\/comments?post=67913"}],"version-history":[{"count":0,"href":"https:\/\/www.deberes.net\/tesis\/wp-json\/wp\/v2\/posts\/67913\/revisions"}],"wp:attachment":[{"href":"https:\/\/www.deberes.net\/tesis\/wp-json\/wp\/v2\/media?parent=67913"}],"wp:term":[{"taxonomy":"category","embeddable":true,"href":"https:\/\/www.deberes.net\/tesis\/wp-json\/wp\/v2\/categories?post=67913"},{"taxonomy":"post_tag","embeddable":true,"href":"https:\/\/www.deberes.net\/tesis\/wp-json\/wp\/v2\/tags?post=67913"}],"curies":[{"name":"wp","href":"https:\/\/api.w.org\/{rel}","templated":true}]}}