{"id":67977,"date":"2018-03-09T22:56:26","date_gmt":"2018-03-09T22:56:26","guid":{"rendered":"https:\/\/www.deberes.net\/tesis\/sin-categoria\/trazando-la-arquitectura-cerebral-funcional-combinando-imagenes-de-resonancia-magnetica-funcional-i-de-difusion\/"},"modified":"2018-03-09T22:56:26","modified_gmt":"2018-03-09T22:56:26","slug":"trazando-la-arquitectura-cerebral-funcional-combinando-imagenes-de-resonancia-magnetica-funcional-i-de-difusion","status":"publish","type":"post","link":"https:\/\/www.deberes.net\/tesis\/barcelona\/trazando-la-arquitectura-cerebral-funcional-combinando-imagenes-de-resonancia-magnetica-funcional-i-de-difusion\/","title":{"rendered":"Trazando la arquitectura cerebral funcional combinando im\u00e1genes de resonancia magn\u00e9tica funcional i de difusi\u00f3n"},"content":{"rendered":"<h2>Tesis doctoral de <strong> Estela Camara Mancha <\/strong><\/h2>\n<p>La mayor\u00eda de las funciones cognitivas de alto nivel, como el aprendizaje, el lenguaje o la memoria est\u00e1n sostenidas por circuitos funcionales distribuidos que interact\u00faan entre s\u00ed en el cerebro humano. La integraci\u00f3n de estas unidades funcionales a trav\u00e9s de haces espec\u00edficos de sustancia blanca modular\u00edan el flujo de informaci\u00f3n dentro de la red neuronal, dando lugar al procesamiento de diferentes funciones cognitivas. En este marco, la din\u00e1mica y arquitectura funcional son esenciales para el estudio de los procesos cognitivos. El objetivo de esta tesis es explorar posibles interacciones entre funci\u00f3n y microestructura aplicando la t\u00e9cnica de resonancia magn\u00e9tica (rm); concretamente, combinando im\u00e1genes de rm funcional y tensor de difusi\u00f3n. De este modo se pretende profundizar en la comprensi\u00f3n de la organizaci\u00f3n y la din\u00e1mica de los diferentes sistemas neurales que sustentan las funciones cognitivas y por ende el comportamiento humano. A trav\u00e9s de esta aproximaci\u00f3n hemos podido evidenciar como la estructura cerebral, y sobretodo, la interconectividad cerebral son un factor clave para interpretar, estudiar y caracterizar el procesamiento cognitivo. Hemos observado diferencias funcionales partiendo de los an\u00e1lisis regionales cl\u00e1sicos y aplicando an\u00e1lisis de conectividad cerebral enfatizando as\u00ed la importancia de utilizar las dos informaciones como complementarias en el estudio de los correlatos funcionales. Por otro lado, hemos podido evidenciar correlaciones anat\u00f3micas con la respuesta bold y con medidas conductuales y los niveles de anisotrop\u00eda mostrando la importancia de trazar la arquitectura funcional cerebral. Finalmente, el trabajo de esta tesis muestra tambi\u00e9n que estas relaciones se ven moduladas por diferencias individuales (edad, genotipo, niveles de rendimiento). En su conjunto la tesis abre l\u00edneas de exploraci\u00f3n sobre la relaci\u00f3n que existe entre estructura cerebral y funciones mentales.<\/p>\n<p>&nbsp;<\/p>\n<h3>Datos acad\u00e9micos de la tesis doctoral \u00ab<strong>Trazando la arquitectura cerebral funcional combinando im\u00e1genes de resonancia magn\u00e9tica funcional i de difusi\u00f3n<\/strong>\u00ab<\/h3>\n<ul>\n<li><strong>T\u00edtulo de la tesis:<\/strong>\u00a0 Trazando la arquitectura cerebral funcional combinando im\u00e1genes de resonancia magn\u00e9tica funcional i de difusi\u00f3n <\/li>\n<li><strong>Autor:<\/strong>\u00a0 Estela Camara Mancha <\/li>\n<li><strong>Universidad:<\/strong>\u00a0 Barcelona<\/li>\n<li><strong>Fecha de lectura de la tesis:<\/strong>\u00a0 13\/11\/2008<\/li>\n<\/ul>\n<p>&nbsp;<\/p>\n<h3>Direcci\u00f3n y tribunal<\/h3>\n<ul>\n<li><strong>Director de la tesis<\/strong>\n<ul>\n<li>Antonio Rodr\u00edguez Fornells<\/li>\n<\/ul>\n<\/li>\n<li><strong>Tribunal<\/strong>\n<ul>\n<li>Presidente del tribunal: thomas Muente <\/li>\n<li>raimon Salvador civil (vocal)<\/li>\n<li>nils Bodammer (vocal)<\/li>\n<li>Fernando Maestu unturbe (vocal)<\/li>\n<\/ul>\n<\/li>\n<\/ul>\n<p>&nbsp;<\/p>\n","protected":false},"excerpt":{"rendered":"<p>Tesis doctoral de Estela Camara Mancha La mayor\u00eda de las funciones cognitivas de alto nivel, como el aprendizaje, el lenguaje [&hellip;]<\/p>\n","protected":false},"author":1,"featured_media":0,"comment_status":"open","ping_status":"open","sticky":false,"template":"","format":"standard","meta":{"site-sidebar-layout":"default","site-content-layout":"","ast-site-content-layout":"","site-content-style":"default","site-sidebar-style":"default","ast-global-header-display":"","ast-banner-title-visibility":"","ast-main-header-display":"","ast-hfb-above-header-display":"","ast-hfb-below-header-display":"","ast-hfb-mobile-header-display":"","site-post-title":"","ast-breadcrumbs-content":"","ast-featured-img":"","footer-sml-layout":"","theme-transparent-header-meta":"","adv-header-id-meta":"","stick-header-meta":"","header-above-stick-meta":"","header-main-stick-meta":"","header-below-stick-meta":"","astra-migrate-meta-layouts":"default","ast-page-background-enabled":"default","ast-page-background-meta":{"desktop":{"background-color":"var(--ast-global-color-4)","background-image":"","background-repeat":"repeat","background-position":"center center","background-size":"auto","background-attachment":"scroll","background-type":"","background-media":"","overlay-type":"","overlay-color":"","overlay-gradient":""},"tablet":{"background-color":"","background-image":"","background-repeat":"repeat","background-position":"center center","background-size":"auto","background-attachment":"scroll","background-type":"","background-media":"","overlay-type":"","overlay-color":"","overlay-gradient":""},"mobile":{"background-color":"","background-image":"","background-repeat":"repeat","background-position":"center center","background-size":"auto","background-attachment":"scroll","background-type":"","background-media":"","overlay-type":"","overlay-color":"","overlay-gradient":""}},"ast-content-background-meta":{"desktop":{"background-color":"var(--ast-global-color-5)","background-image":"","background-repeat":"repeat","background-position":"center center","background-size":"auto","background-attachment":"scroll","background-type":"","background-media":"","overlay-type":"","overlay-color":"","overlay-gradient":""},"tablet":{"background-color":"var(--ast-global-color-5)","background-image":"","background-repeat":"repeat","background-position":"center center","background-size":"auto","background-attachment":"scroll","background-type":"","background-media":"","overlay-type":"","overlay-color":"","overlay-gradient":""},"mobile":{"background-color":"var(--ast-global-color-5)","background-image":"","background-repeat":"repeat","background-position":"center center","background-size":"auto","background-attachment":"scroll","background-type":"","background-media":"","overlay-type":"","overlay-color":"","overlay-gradient":""}},"footnotes":""},"categories":[951,11527,13227],"tags":[128681,149392,81094,149393,38124,79033],"class_list":["post-67977","post","type-post","status-publish","format-standard","hentry","category-barcelona","category-series-temporales","category-simulacion","tag-antonio-rodriguez-fornells","tag-estela-camara-mancha","tag-fernando-maestu-unturbe","tag-nils-bodammer","tag-raimon-salvador-civil","tag-thomas-muente"],"_links":{"self":[{"href":"https:\/\/www.deberes.net\/tesis\/wp-json\/wp\/v2\/posts\/67977","targetHints":{"allow":["GET"]}}],"collection":[{"href":"https:\/\/www.deberes.net\/tesis\/wp-json\/wp\/v2\/posts"}],"about":[{"href":"https:\/\/www.deberes.net\/tesis\/wp-json\/wp\/v2\/types\/post"}],"author":[{"embeddable":true,"href":"https:\/\/www.deberes.net\/tesis\/wp-json\/wp\/v2\/users\/1"}],"replies":[{"embeddable":true,"href":"https:\/\/www.deberes.net\/tesis\/wp-json\/wp\/v2\/comments?post=67977"}],"version-history":[{"count":0,"href":"https:\/\/www.deberes.net\/tesis\/wp-json\/wp\/v2\/posts\/67977\/revisions"}],"wp:attachment":[{"href":"https:\/\/www.deberes.net\/tesis\/wp-json\/wp\/v2\/media?parent=67977"}],"wp:term":[{"taxonomy":"category","embeddable":true,"href":"https:\/\/www.deberes.net\/tesis\/wp-json\/wp\/v2\/categories?post=67977"},{"taxonomy":"post_tag","embeddable":true,"href":"https:\/\/www.deberes.net\/tesis\/wp-json\/wp\/v2\/tags?post=67977"}],"curies":[{"name":"wp","href":"https:\/\/api.w.org\/{rel}","templated":true}]}}