{"id":67994,"date":"2018-03-09T22:56:26","date_gmt":"2018-03-09T22:56:26","guid":{"rendered":"https:\/\/www.deberes.net\/tesis\/sin-categoria\/modulacion-subcortical-del-bulbo-olfatorio\/"},"modified":"2018-03-09T22:56:26","modified_gmt":"2018-03-09T22:56:26","slug":"modulacion-subcortical-del-bulbo-olfatorio","status":"publish","type":"post","link":"https:\/\/www.deberes.net\/tesis\/biologia-celular\/modulacion-subcortical-del-bulbo-olfatorio\/","title":{"rendered":"Modulaci\u00f3n subcortical del bulbo olfatorio"},"content":{"rendered":"<h2>Tesis doctoral de <strong> Francisco Javier Gracia Llanes <\/strong><\/h2>\n<p>En los mam\u00edferos, las se\u00f1ales olfatorias recibidas en la mucosa olfatoria son traducidas por receptores sensoriales que env\u00edan sus axones a trav\u00e9s del nervio olfatorio hasta el bulbo olfatorio. En el bulbo olfatorio, los axones del nervio establecen contactos sin\u00e1pticos con las dendritas de las c\u00e9lulas principales que son quienes integran la informaci\u00f3n sensorial recibida para elaborar una respuesta y enviarla a otros centros cerebrales superiores donde ser\u00e1 procesada. La elaboraci\u00f3n de esta respuesta por parte del bulbo est\u00e1 modulada a trav\u00e9s de diferentes poblaciones de interneuronas gaba\u00e9rgicas del propio bulbo y a trav\u00e9s de proyecciones centr\u00edfugas que le llegan desde centros nerviosos superiores. Entre estas proyecciones centr\u00edfugas, destacan por su importancia las procedentes de tres \u00e1reas subcorticales que incluyen: a las aferencias colin\u00e9rgicas y gaba\u00e9rgicas procedentes del septo-banda diagonal, a las serotonin\u00e9rgicas procedentes del rafe y a las noradren\u00e9rgicas procedentes del locus coeruleus. recientemente se ha demostrado que las proyecciones subcorticales que llegan al bulbo olfatorio ejercen un papel relevante en fen\u00f3menos de habituaci\u00f3n y aprendizaje olfatorio, as\u00ed como en la consolidaci\u00f3n del aprendizaje en forma de memoria a corto y a largo plazo. Sin embargo, hasta el momento no hay estudios que detallen cuales son los circuitos neuronales implicados en estos fen\u00f3menos. En la mayor\u00eda de los casos ni siquiera se conocen las dianas sobre las que act\u00faan los axones colin\u00e9rgicos, gaba\u00e9rgicos, serotonin\u00e9rgicos o noradren\u00e9rgicos dentro del bulbo olfatorio. en esta tesis doctoral hemos investigado la conectividad sin\u00e1ptica, y en su caso las relaciones extrasin\u00e1pticas, de los circuitos neuronales implicados en la modulaci\u00f3n subcortical del bulbo olfatorio. Combinando t\u00e9cnicas inmunocitoqu\u00edmicas y t\u00e9cnicas de trazado anter\u00f3grado con la microscop\u00eda \u00f3ptica y electr\u00f3nica de transmisi\u00f3n, podremos establecer sobre qu\u00e9 poblaciones neuronales concretas del bulbo se ejerce la modulaci\u00f3n desde el septo, rafe y locus coeruleus, cu\u00e1les son los receptores implicados y si la modulaci\u00f3n se realiza a trav\u00e9s de relaciones sin\u00e1pticas o hay tambi\u00e9n mecanismos extrasin\u00e1pticos envueltos. Conocer todos estos datos es fundamental para entender los fen\u00f3menos de plasticidad necesarios en los procesos de aprendizaje y memoria olfativa en los que intervienen estos circuitos.<\/p>\n<p>&nbsp;<\/p>\n<h3>Datos acad\u00e9micos de la tesis doctoral \u00ab<strong>Modulaci\u00f3n subcortical del bulbo olfatorio<\/strong>\u00ab<\/h3>\n<ul>\n<li><strong>T\u00edtulo de la tesis:<\/strong>\u00a0 Modulaci\u00f3n subcortical del bulbo olfatorio <\/li>\n<li><strong>Autor:<\/strong>\u00a0 Francisco Javier Gracia Llanes <\/li>\n<li><strong>Universidad:<\/strong>\u00a0 Universitat de val\u00e9ncia (estudi general)<\/li>\n<li><strong>Fecha de lectura de la tesis:<\/strong>\u00a0 14\/11\/2008<\/li>\n<\/ul>\n<p>&nbsp;<\/p>\n<h3>Direcci\u00f3n y tribunal<\/h3>\n<ul>\n<li><strong>Director de la tesis<\/strong>\n<ul>\n<li>Carlos Crespo Ruperez<\/li>\n<\/ul>\n<\/li>\n<li><strong>Tribunal<\/strong>\n<ul>\n<li>Presidente del tribunal: Carlos L\u00f3pez Garc\u00eda <\/li>\n<li>angel Fernando Porteros herrero (vocal)<\/li>\n<li>rosario Arevalo arevalo (vocal)<\/li>\n<li>pablo S\u00e1nchez quinteiro (vocal)<\/li>\n<\/ul>\n<\/li>\n<\/ul>\n<p>&nbsp;<\/p>\n","protected":false},"excerpt":{"rendered":"<p>Tesis doctoral de Francisco Javier Gracia Llanes En los mam\u00edferos, las se\u00f1ales olfatorias recibidas en la mucosa olfatoria son traducidas [&hellip;]<\/p>\n","protected":false},"author":1,"featured_media":0,"comment_status":"open","ping_status":"open","sticky":false,"template":"","format":"standard","meta":{"site-sidebar-layout":"default","site-content-layout":"","ast-site-content-layout":"","site-content-style":"default","site-sidebar-style":"default","ast-global-header-display":"","ast-banner-title-visibility":"","ast-main-header-display":"","ast-hfb-above-header-display":"","ast-hfb-below-header-display":"","ast-hfb-mobile-header-display":"","site-post-title":"","ast-breadcrumbs-content":"","ast-featured-img":"","footer-sml-layout":"","theme-transparent-header-meta":"","adv-header-id-meta":"","stick-header-meta":"","header-above-stick-meta":"","header-main-stick-meta":"","header-below-stick-meta":"","astra-migrate-meta-layouts":"default","ast-page-background-enabled":"default","ast-page-background-meta":{"desktop":{"background-color":"var(--ast-global-color-4)","background-image":"","background-repeat":"repeat","background-position":"center center","background-size":"auto","background-attachment":"scroll","background-type":"","background-media":"","overlay-type":"","overlay-color":"","overlay-gradient":""},"tablet":{"background-color":"","background-image":"","background-repeat":"repeat","background-position":"center center","background-size":"auto","background-attachment":"scroll","background-type":"","background-media":"","overlay-type":"","overlay-color":"","overlay-gradient":""},"mobile":{"background-color":"","background-image":"","background-repeat":"repeat","background-position":"center center","background-size":"auto","background-attachment":"scroll","background-type":"","background-media":"","overlay-type":"","overlay-color":"","overlay-gradient":""}},"ast-content-background-meta":{"desktop":{"background-color":"var(--ast-global-color-5)","background-image":"","background-repeat":"repeat","background-position":"center center","background-size":"auto","background-attachment":"scroll","background-type":"","background-media":"","overlay-type":"","overlay-color":"","overlay-gradient":""},"tablet":{"background-color":"var(--ast-global-color-5)","background-image":"","background-repeat":"repeat","background-position":"center center","background-size":"auto","background-attachment":"scroll","background-type":"","background-media":"","overlay-type":"","overlay-color":"","overlay-gradient":""},"mobile":{"background-color":"var(--ast-global-color-5)","background-image":"","background-repeat":"repeat","background-position":"center center","background-size":"auto","background-attachment":"scroll","background-type":"","background-media":"","overlay-type":"","overlay-color":"","overlay-gradient":""}},"footnotes":""},"categories":[849,4275,4274],"tags":[131593,37917,19461,149433,21614,25755],"class_list":["post-67994","post","type-post","status-publish","format-standard","hentry","category-biologia-celular","category-neurociencias","category-neurofisiologia","tag-angel-fernando-porteros-herrero","tag-carlos-crespo-ruperez","tag-carlos-lopez-garcia","tag-francisco-javier-gracia-llanes","tag-pablo-sanchez-quinteiro","tag-rosario-arevalo-arevalo"],"_links":{"self":[{"href":"https:\/\/www.deberes.net\/tesis\/wp-json\/wp\/v2\/posts\/67994","targetHints":{"allow":["GET"]}}],"collection":[{"href":"https:\/\/www.deberes.net\/tesis\/wp-json\/wp\/v2\/posts"}],"about":[{"href":"https:\/\/www.deberes.net\/tesis\/wp-json\/wp\/v2\/types\/post"}],"author":[{"embeddable":true,"href":"https:\/\/www.deberes.net\/tesis\/wp-json\/wp\/v2\/users\/1"}],"replies":[{"embeddable":true,"href":"https:\/\/www.deberes.net\/tesis\/wp-json\/wp\/v2\/comments?post=67994"}],"version-history":[{"count":0,"href":"https:\/\/www.deberes.net\/tesis\/wp-json\/wp\/v2\/posts\/67994\/revisions"}],"wp:attachment":[{"href":"https:\/\/www.deberes.net\/tesis\/wp-json\/wp\/v2\/media?parent=67994"}],"wp:term":[{"taxonomy":"category","embeddable":true,"href":"https:\/\/www.deberes.net\/tesis\/wp-json\/wp\/v2\/categories?post=67994"},{"taxonomy":"post_tag","embeddable":true,"href":"https:\/\/www.deberes.net\/tesis\/wp-json\/wp\/v2\/tags?post=67994"}],"curies":[{"name":"wp","href":"https:\/\/api.w.org\/{rel}","templated":true}]}}