{"id":68035,"date":"2018-03-09T22:56:30","date_gmt":"2018-03-09T22:56:30","guid":{"rendered":"https:\/\/www.deberes.net\/tesis\/sin-categoria\/necesidades-de-formacion-permanente-del-personal-docente-en-relacion-con-el-uso-de-las-tecnologa%c2%adas-de-informacion-y-comunicacion\/"},"modified":"2018-03-09T22:56:30","modified_gmt":"2018-03-09T22:56:30","slug":"necesidades-de-formacion-permanente-del-personal-docente-en-relacion-con-el-uso-de-las-tecnologa%c2%adas-de-informacion-y-comunicacion","status":"publish","type":"post","link":"https:\/\/www.deberes.net\/tesis\/preparacion-de-profesores\/necesidades-de-formacion-permanente-del-personal-docente-en-relacion-con-el-uso-de-las-tecnologa%c2%adas-de-informacion-y-comunicacion\/","title":{"rendered":"Necesidades de formaci\u00f3n permanente del personal docente en relaci\u00f3n con el uso de las tecnolog\u00edas de informaci\u00f3n y comunicaci\u00f3n"},"content":{"rendered":"<h2>Tesis doctoral de <strong> Enrique Alfonso Su\u00e1rez Paz <\/strong><\/h2>\n<p>El presente trabajo de investigaci\u00f3n, tuvo como prop\u00f3sito fundamental determinar las necesidades de formaci\u00f3n permanente del profesorado de la facultad de humanidades y educaci\u00f3n (fhe) de la universidad del zulia (luz), a partir del uso de las tecnolog\u00edas de informaci\u00f3n y comunicaci\u00f3n como apoyo acad\u00e9mico a su labor docente, y proponer lineamientos que orienten la preparaci\u00f3n acad\u00e9mica de los mismos. Despu\u00e9s de haber estudiado el contexto problem\u00e1tico, se procedi\u00f3 a construir un marco te\u00f3rico mediante la revisi\u00f3n y an\u00e1lisis de fuentes bibliogr\u00e1ficas, documentales y referencias electr\u00f3nicas. El tipo de investigaci\u00f3n fue tipo descriptivo con un dise\u00f1o no experimental con una calificaci\u00f3n transeccional. Se elabor\u00f3 un instrumento de recolecci\u00f3n de datos tipo cuestionario dividido en dos partes: la primera en una escala de cuatro alternativas m\u00faltiples, constituida por cuarenta y tres (43) itemes, divididos a su vez en dos fases: una de veinticuatro (24) itemes, y la segunda fase de diecinueve (19) itemes; y la segunda parte: conformada por diecisiete (17) itemes. El instrumento fue validado por expertos, y su confiabilidad fue determinada mediante el desarrollo de la f\u00f3rmula de cronbach; obteniendo un coeficiente de 0,908 y 0,80 en la primera parte; y en la segunda parte de 0,779. Posteriormente, el cuestionario fue aplicado a 78 unidades de muestras representativas del personal docente y de investigaci\u00f3n, recibiendo un tratamiento descriptivo y calificando sus resultados en contraste con las teor\u00edas en el marco te\u00f3rico. Los resultados obtenidos indican que: a) se requiere promover iniciativas para el equipamiento tecnol\u00f3gico de \u00faltima generaci\u00f3n as\u00ed como la formaci\u00f3n actualizada en el uso de las tic; b) urge la necesidad de implementar la integraci\u00f3n de los pares para armonizar el uso de las tic con estrategias tecnol\u00f3gicas tradicionales y c) las demandas de multihabilidades tecnol\u00f3gicas se consideran muy importantes para la formaci\u00f3n permanente del docente.<\/p>\n<p>&nbsp;<\/p>\n<h3>Datos acad\u00e9micos de la tesis doctoral \u00ab<strong>Necesidades de formaci\u00f3n permanente del personal docente en relaci\u00f3n con el uso de las tecnolog\u00edas de informaci\u00f3n y comunicaci\u00f3n<\/strong>\u00ab<\/h3>\n<ul>\n<li><strong>T\u00edtulo de la tesis:<\/strong>\u00a0 Necesidades de formaci\u00f3n permanente del personal docente en relaci\u00f3n con el uso de las tecnolog\u00edas de informaci\u00f3n y comunicaci\u00f3n <\/li>\n<li><strong>Autor:<\/strong>\u00a0 Enrique Alfonso Su\u00e1rez Paz <\/li>\n<li><strong>Universidad:<\/strong>\u00a0 M\u00e1laga<\/li>\n<li><strong>Fecha de lectura de la tesis:<\/strong>\u00a0 15\/11\/2008<\/li>\n<\/ul>\n<p>&nbsp;<\/p>\n<h3>Direcci\u00f3n y tribunal<\/h3>\n<ul>\n<li><strong>Director de la tesis<\/strong>\n<ul>\n<li>Manuel Cebri\u00e1n De La Serna<\/li>\n<\/ul>\n<\/li>\n<li><strong>Tribunal<\/strong>\n<ul>\n<li>Presidente del tribunal: jose Serrano angulo <\/li>\n<li>M\u00aa Jes\u00fas Gallego arrufat (vocal)<\/li>\n<li>manuela Raposo rivas (vocal)<\/li>\n<li>Mar\u00eda  teresa Castilla mesa (vocal)<\/li>\n<\/ul>\n<\/li>\n<\/ul>\n<p>&nbsp;<\/p>\n","protected":false},"excerpt":{"rendered":"<p>Tesis doctoral de Enrique Alfonso Su\u00e1rez Paz El presente trabajo de investigaci\u00f3n, tuvo como prop\u00f3sito fundamental determinar las necesidades de [&hellip;]<\/p>\n","protected":false},"author":1,"featured_media":0,"comment_status":"open","ping_status":"open","sticky":false,"template":"","format":"standard","meta":{"site-sidebar-layout":"default","site-content-layout":"","ast-site-content-layout":"","site-content-style":"default","site-sidebar-style":"default","ast-global-header-display":"","ast-banner-title-visibility":"","ast-main-header-display":"","ast-hfb-above-header-display":"","ast-hfb-below-header-display":"","ast-hfb-mobile-header-display":"","site-post-title":"","ast-breadcrumbs-content":"","ast-featured-img":"","footer-sml-layout":"","theme-transparent-header-meta":"","adv-header-id-meta":"","stick-header-meta":"","header-above-stick-meta":"","header-main-stick-meta":"","header-below-stick-meta":"","astra-migrate-meta-layouts":"default","ast-page-background-enabled":"default","ast-page-background-meta":{"desktop":{"background-color":"var(--ast-global-color-4)","background-image":"","background-repeat":"repeat","background-position":"center center","background-size":"auto","background-attachment":"scroll","background-type":"","background-media":"","overlay-type":"","overlay-color":"","overlay-gradient":""},"tablet":{"background-color":"","background-image":"","background-repeat":"repeat","background-position":"center center","background-size":"auto","background-attachment":"scroll","background-type":"","background-media":"","overlay-type":"","overlay-color":"","overlay-gradient":""},"mobile":{"background-color":"","background-image":"","background-repeat":"repeat","background-position":"center center","background-size":"auto","background-attachment":"scroll","background-type":"","background-media":"","overlay-type":"","overlay-color":"","overlay-gradient":""}},"ast-content-background-meta":{"desktop":{"background-color":"var(--ast-global-color-5)","background-image":"","background-repeat":"repeat","background-position":"center center","background-size":"auto","background-attachment":"scroll","background-type":"","background-media":"","overlay-type":"","overlay-color":"","overlay-gradient":""},"tablet":{"background-color":"var(--ast-global-color-5)","background-image":"","background-repeat":"repeat","background-position":"center center","background-size":"auto","background-attachment":"scroll","background-type":"","background-media":"","overlay-type":"","overlay-color":"","overlay-gradient":""},"mobile":{"background-color":"var(--ast-global-color-5)","background-image":"","background-repeat":"repeat","background-position":"center center","background-size":"auto","background-attachment":"scroll","background-type":"","background-media":"","overlay-type":"","overlay-color":"","overlay-gradient":""}},"footnotes":""},"categories":[7834,4907,7611,1288],"tags":[149510,56541,5525,57188,117095,73676],"class_list":["post-68035","post","type-post","status-publish","format-standard","hentry","category-malaga","category-metodos-audiovisuales-en-pedagogia","category-organizacion-y-direccion-de-las-instituciones-educativas","category-preparacion-de-profesores","tag-enrique-alfonso-suarez-paz","tag-jose-serrano-angulo","tag-manuel-cebrian-de-la-serna","tag-manuela-raposo-rivas","tag-maria-teresa-castilla-mesa","tag-ma-jesus-gallego-arrufat"],"_links":{"self":[{"href":"https:\/\/www.deberes.net\/tesis\/wp-json\/wp\/v2\/posts\/68035","targetHints":{"allow":["GET"]}}],"collection":[{"href":"https:\/\/www.deberes.net\/tesis\/wp-json\/wp\/v2\/posts"}],"about":[{"href":"https:\/\/www.deberes.net\/tesis\/wp-json\/wp\/v2\/types\/post"}],"author":[{"embeddable":true,"href":"https:\/\/www.deberes.net\/tesis\/wp-json\/wp\/v2\/users\/1"}],"replies":[{"embeddable":true,"href":"https:\/\/www.deberes.net\/tesis\/wp-json\/wp\/v2\/comments?post=68035"}],"version-history":[{"count":0,"href":"https:\/\/www.deberes.net\/tesis\/wp-json\/wp\/v2\/posts\/68035\/revisions"}],"wp:attachment":[{"href":"https:\/\/www.deberes.net\/tesis\/wp-json\/wp\/v2\/media?parent=68035"}],"wp:term":[{"taxonomy":"category","embeddable":true,"href":"https:\/\/www.deberes.net\/tesis\/wp-json\/wp\/v2\/categories?post=68035"},{"taxonomy":"post_tag","embeddable":true,"href":"https:\/\/www.deberes.net\/tesis\/wp-json\/wp\/v2\/tags?post=68035"}],"curies":[{"name":"wp","href":"https:\/\/api.w.org\/{rel}","templated":true}]}}