{"id":68039,"date":"2018-03-09T22:56:30","date_gmt":"2018-03-09T22:56:30","guid":{"rendered":"https:\/\/www.deberes.net\/tesis\/sin-categoria\/los-directivos-publicos-en-el-escenario-de-la-reforma-modernizacion-administrativa\/"},"modified":"2018-03-09T22:56:30","modified_gmt":"2018-03-09T22:56:30","slug":"los-directivos-publicos-en-el-escenario-de-la-reforma-modernizacion-administrativa","status":"publish","type":"post","link":"https:\/\/www.deberes.net\/tesis\/derecho-administrativo\/los-directivos-publicos-en-el-escenario-de-la-reforma-modernizacion-administrativa\/","title":{"rendered":"Los directivos p\u00fablicos en el escenario de la reforma-modernizaci\u00f3n administrativa"},"content":{"rendered":"<h2>Tesis doctoral de <strong> Lu\u00eds Francisco Maeso Seco <\/strong><\/h2>\n<p>En este trabajo el autor aborda el dif\u00edcil tema del r\u00e9gimen jur\u00eddico de los s entre pol\u00edtica y administraci\u00f3n. Un sistema de relaciones que es necesario repensar antes de emprender cualquier tentativa de cambio profundo y serio del estrato directivo en nuestras administraciones. A continuaci\u00f3n, directivos p\u00fablicos espa\u00f1oles en el marco de los programas de reforma-modernizaci\u00f3n administrativa puestos en marcha en nuestro pa\u00eds; y, en particular, el grado de adaptaci\u00f3n del primero a los segundos. Para ello, y tras examinar las dificultades que acompa\u00f1an al objeto de estudio, el autor, en primer lugar, explica c\u00f3mo el debate de fondo gira en torno al sistema de relacione y en segundo lugar, el redactor de este trabajo explica el doble v\u00ednculo (como sujeto-activo y objeto-pasivo) que une el debate directivo a estos procesos de cambio. Procesos que vienen desarroll\u00e1ndose en espa\u00f1a, como una eterna cuesti\u00f3n pendiente- desde mediados de los a\u00f1os sesenta hasta la actualidad, y que han puesto de manifiesto la necesidad de que el nivel directivo p\u00fablico se adec\u00fae a las nuevas necesidades de una administraci\u00f3n que se proclama eficaz, eficiente y de calidad. Este hecho, como es l\u00f3gico, ha llevado al autor a interrogarse acerca de si el modelo directivo espa\u00f1ol y vigente se adec\u00faa, y en qu\u00e9 medida, a estos procesos y a los nuevos valores de eficacia, eficiencia y calidad que aquellos pregonan. Un interrogante del que han nacido tres preguntas que le han conducido a tres conclusiones b\u00e1sicas. A saber: a) que el r\u00e9gimen jur\u00eddico de directivos espa\u00f1ol y vigente puede calificarse en nuestros d\u00edas, como de spoil system cerrado o prevalentemente funcionarial; b) que este r\u00e9gimen no se adec\u00faa una administraci\u00f3n, ni a unos procesos de cambio-modernizaci\u00f3n regidos por los valores de eficacia, eficiencia y calidad; y c) que el legislador administrativo, ante esta circunstancia ha articulado una serie de respuestas normativas entre las que destaca el art\u00edculo 13 de la ley 7\/2007, de 12 de abril. Un art\u00edculo que instituye al personal directivo, pero cuyo r\u00e9gimen jur\u00eddico a\u00fan est\u00e1 por establecer, lo cual no va a resultar una tarea sencillo. Cabalmente, el autor ofrece algunas pistas acerca de c\u00f3mo podr\u00eda articularse este \u00abnuevo\u00bb modelo de personal directivo, explorando, asimismo, las f\u00f3rmulas directivas ensayadas en otros pa\u00edses de nuestro entorno, como lo son: francia, italia, reino unido e, incluso, la propia administraci\u00f3n comunitaria. En suma, el estudio presentado constituye un an\u00e1lisis pormenorizado y riguroso del sistema de directivos vigente en espa\u00f1a y puede resultar ciertamente \u00fatil, tanto a la comunidad cient\u00edfica, como a los ejecutivos-legisladores estatal y auton\u00f3mico, llegado el momento de reflexionar o establecer, si as\u00ed lo desean, el r\u00e9gimen jur\u00eddico de ese nuevo personal directivo nacido del ebep en clave profesional.<\/p>\n<p>&nbsp;<\/p>\n<h3>Datos acad\u00e9micos de la tesis doctoral \u00ab<strong>Los directivos p\u00fablicos en el escenario de la reforma-modernizaci\u00f3n administrativa<\/strong>\u00ab<\/h3>\n<ul>\n<li><strong>T\u00edtulo de la tesis:<\/strong>\u00a0 Los directivos p\u00fablicos en el escenario de la reforma-modernizaci\u00f3n administrativa <\/li>\n<li><strong>Autor:<\/strong>\u00a0 Lu\u00eds Francisco Maeso Seco <\/li>\n<li><strong>Universidad:<\/strong>\u00a0 Castilla-la mancha<\/li>\n<li><strong>Fecha de lectura de la tesis:<\/strong>\u00a0 17\/11\/2008<\/li>\n<\/ul>\n<p>&nbsp;<\/p>\n<h3>Direcci\u00f3n y tribunal<\/h3>\n<ul>\n<li><strong>Director de la tesis<\/strong>\n<ul>\n<li>Lu\u00eds Ignacio Ortega \u00e1lvarez<\/li>\n<\/ul>\n<\/li>\n<li><strong>Tribunal<\/strong>\n<ul>\n<li>Presidente del tribunal: Miguel S\u00e1nchez mor\u00f3n <\/li>\n<li>Manuel Villoria mendieta (vocal)<\/li>\n<li>Rafael Jimenez asensio (vocal)<\/li>\n<li>Alberto Palomar olmeda (vocal)<\/li>\n<\/ul>\n<\/li>\n<\/ul>\n<p>&nbsp;<\/p>\n","protected":false},"excerpt":{"rendered":"<p>Tesis doctoral de Lu\u00eds Francisco Maeso Seco En este trabajo el autor aborda el dif\u00edcil tema del r\u00e9gimen jur\u00eddico de [&hellip;]<\/p>\n","protected":false},"author":1,"featured_media":0,"comment_status":"open","ping_status":"open","sticky":false,"template":"","format":"standard","meta":{"site-sidebar-layout":"default","site-content-layout":"","ast-site-content-layout":"","site-content-style":"default","site-sidebar-style":"default","ast-global-header-display":"","ast-banner-title-visibility":"","ast-main-header-display":"","ast-hfb-above-header-display":"","ast-hfb-below-header-display":"","ast-hfb-mobile-header-display":"","site-post-title":"","ast-breadcrumbs-content":"","ast-featured-img":"","footer-sml-layout":"","theme-transparent-header-meta":"","adv-header-id-meta":"","stick-header-meta":"","header-above-stick-meta":"","header-main-stick-meta":"","header-below-stick-meta":"","astra-migrate-meta-layouts":"default","ast-page-background-enabled":"default","ast-page-background-meta":{"desktop":{"background-color":"var(--ast-global-color-4)","background-image":"","background-repeat":"repeat","background-position":"center center","background-size":"auto","background-attachment":"scroll","background-type":"","background-media":"","overlay-type":"","overlay-color":"","overlay-gradient":""},"tablet":{"background-color":"","background-image":"","background-repeat":"repeat","background-position":"center center","background-size":"auto","background-attachment":"scroll","background-type":"","background-media":"","overlay-type":"","overlay-color":"","overlay-gradient":""},"mobile":{"background-color":"","background-image":"","background-repeat":"repeat","background-position":"center center","background-size":"auto","background-attachment":"scroll","background-type":"","background-media":"","overlay-type":"","overlay-color":"","overlay-gradient":""}},"ast-content-background-meta":{"desktop":{"background-color":"var(--ast-global-color-5)","background-image":"","background-repeat":"repeat","background-position":"center center","background-size":"auto","background-attachment":"scroll","background-type":"","background-media":"","overlay-type":"","overlay-color":"","overlay-gradient":""},"tablet":{"background-color":"var(--ast-global-color-5)","background-image":"","background-repeat":"repeat","background-position":"center center","background-size":"auto","background-attachment":"scroll","background-type":"","background-media":"","overlay-type":"","overlay-color":"","overlay-gradient":""},"mobile":{"background-color":"var(--ast-global-color-5)","background-image":"","background-repeat":"repeat","background-position":"center center","background-size":"auto","background-attachment":"scroll","background-type":"","background-media":"","overlay-type":"","overlay-color":"","overlay-gradient":""}},"footnotes":""},"categories":[18451,1442],"tags":[79867,149516,6454,57054,18560,79799],"class_list":["post-68039","post","type-post","status-publish","format-standard","hentry","category-castilla-la-mancha","category-derecho-administrativo","tag-alberto-palomar-olmeda","tag-luis-francisco-maeso-seco","tag-luis-ignacio-ortega-alvarez","tag-manuel-villoria-mendieta","tag-miguel-sanchez-moron","tag-rafael-jimenez-asensio"],"_links":{"self":[{"href":"https:\/\/www.deberes.net\/tesis\/wp-json\/wp\/v2\/posts\/68039","targetHints":{"allow":["GET"]}}],"collection":[{"href":"https:\/\/www.deberes.net\/tesis\/wp-json\/wp\/v2\/posts"}],"about":[{"href":"https:\/\/www.deberes.net\/tesis\/wp-json\/wp\/v2\/types\/post"}],"author":[{"embeddable":true,"href":"https:\/\/www.deberes.net\/tesis\/wp-json\/wp\/v2\/users\/1"}],"replies":[{"embeddable":true,"href":"https:\/\/www.deberes.net\/tesis\/wp-json\/wp\/v2\/comments?post=68039"}],"version-history":[{"count":0,"href":"https:\/\/www.deberes.net\/tesis\/wp-json\/wp\/v2\/posts\/68039\/revisions"}],"wp:attachment":[{"href":"https:\/\/www.deberes.net\/tesis\/wp-json\/wp\/v2\/media?parent=68039"}],"wp:term":[{"taxonomy":"category","embeddable":true,"href":"https:\/\/www.deberes.net\/tesis\/wp-json\/wp\/v2\/categories?post=68039"},{"taxonomy":"post_tag","embeddable":true,"href":"https:\/\/www.deberes.net\/tesis\/wp-json\/wp\/v2\/tags?post=68039"}],"curies":[{"name":"wp","href":"https:\/\/api.w.org\/{rel}","templated":true}]}}