{"id":68095,"date":"2018-03-09T22:56:33","date_gmt":"2018-03-09T22:56:33","guid":{"rendered":"https:\/\/www.deberes.net\/tesis\/sin-categoria\/integracion-de-herramientas-para-la-modelizacion-preventiva-y-socioeconomica-del-paisaje-forestal-frente-a-los-incendios-en-relacion-con-el-cambio-climatico\/"},"modified":"2018-03-09T22:56:33","modified_gmt":"2018-03-09T22:56:33","slug":"integracion-de-herramientas-para-la-modelizacion-preventiva-y-socioeconomica-del-paisaje-forestal-frente-a-los-incendios-en-relacion-con-el-cambio-climatico","status":"publish","type":"post","link":"https:\/\/www.deberes.net\/tesis\/sector-de-agricultura-silvicultura-ganaderia-y-pesca\/integracion-de-herramientas-para-la-modelizacion-preventiva-y-socioeconomica-del-paisaje-forestal-frente-a-los-incendios-en-relacion-con-el-cambio-climatico\/","title":{"rendered":"Integraci\u00f3n de herramientas para la modelizaci\u00f3n preventiva y socioecon\u00f3mica del paisaje forestal frente a los incendios en relaci\u00f3n con el cambio clim\u00e1tico"},"content":{"rendered":"<h2>Tesis doctoral de <strong> Juan  Ram\u00f3n Molina Martinez <\/strong><\/h2>\n<p>El desarrollo en la organizaci\u00f3n y gesti\u00f3n del medio forestal ante los incendios forestales deamnda un mejor conocimiento entre los presupuestos invertidos y los resultados alcanzados. Hist\u00f3ricamente la asignaci\u00f3n presupuestaria no se ha fundamentado en criterios objetivos, cient\u00edficos y justificativos; careciendo de una planificaci\u00f3n de las inversiones a largo plazo basadas en criterios anal\u00edticos o cient\u00edficos. la importancia de modelos evaluadores de las consecuencias en t\u00e9rminos socioecon\u00f3micos de los incendios, permite abordar una valoraci\u00f3n integral de los ecosistemas (bienes y servicios ambientales), facilitando informaci\u00f3n de naturaleza preventiva y permitiendo una planificaci\u00f3n de las actuaciones de manejo y gesti\u00f3n con objeto de una minimizaci\u00f3n del impacto de los incen dios forestales. En esta l\u00ednea de trabajo se motiva la realizaci\u00f3n de esta tesis, con la idea de aglutinar, interpretar y relacionar el conjunto de variables descriptoras de los ecosistemas y actividades asociadas con la gesti\u00f3n de los programas de defensa contra incendios forestales. Dentro de las actividades de planificaci\u00f3n y gesti\u00f3n de estos programas, adquiere gran importancia la determinaci\u00f3n de la vulnerabilidad socioecon\u00f3mica del medio natural. la vulnerabilidad socioecon\u00f3mica se presenta como un \u00edndice de naturaleza sint\u00e9tica e integradora de todos los recursos tangibles e intangibles presentes en el medio. Este trabajo realizar\u00e1 una investigaci\u00f3n encaminada a la determinaci\u00f3n objetiva de las relaciones existentes entre el comportamiento potencial del fuego y las alteraciones del sistema forestal desde una perspectiva socioecon\u00f3mica. El reconocimiento en campo y posterior desarrollo de \u00edndices sint\u00e9ticos de vulnerabilidad incluir\u00e1n un an\u00e1lisis de las consecuencias alcanzadas en t\u00e9rminos de calidad y cantidad de los recursos afectados tras el paso de las llamas. aunque el desarrollo del modelo completo de an\u00e1lisis potencial de vulnerabilidad socioecon\u00f3mica de los sistemas forestales frente a los incedios forestales se desarrolla para la provincia de c\u00f3rdoba, est\u00e1 fundamentada en una base te\u00f3rica s\u00f3lida y polivalente de cara a la exportaci\u00f3n de los resultados del modelo.<\/p>\n<p>&nbsp;<\/p>\n<h3>Datos acad\u00e9micos de la tesis doctoral \u00ab<strong>Integraci\u00f3n de herramientas para la modelizaci\u00f3n preventiva y socioecon\u00f3mica del paisaje forestal frente a los incendios en relaci\u00f3n con el cambio clim\u00e1tico<\/strong>\u00ab<\/h3>\n<ul>\n<li><strong>T\u00edtulo de la tesis:<\/strong>\u00a0 Integraci\u00f3n de herramientas para la modelizaci\u00f3n preventiva y socioecon\u00f3mica del paisaje forestal frente a los incendios en relaci\u00f3n con el cambio clim\u00e1tico <\/li>\n<li><strong>Autor:<\/strong>\u00a0 Juan  Ram\u00f3n Molina Martinez <\/li>\n<li><strong>Universidad:<\/strong>\u00a0 C\u00f3rdoba<\/li>\n<li><strong>Fecha de lectura de la tesis:<\/strong>\u00a0 20\/11\/2008<\/li>\n<\/ul>\n<p>&nbsp;<\/p>\n<h3>Direcci\u00f3n y tribunal<\/h3>\n<ul>\n<li><strong>Director de la tesis<\/strong>\n<ul>\n<li>Francisco Rodr\u00edguez Y Silva<\/li>\n<\/ul>\n<\/li>\n<li><strong>Tribunal<\/strong>\n<ul>\n<li>Presidente del tribunal: Francisco Jes\u00fas Lopez gimenez <\/li>\n<li>ricardo Velez mu\u00f1oz (vocal)<\/li>\n<li>guillermo Julio alvear (vocal)<\/li>\n<li> Vega hidalgo Jos\u00e9 Antonio (vocal)<\/li>\n<\/ul>\n<\/li>\n<\/ul>\n<p>&nbsp;<\/p>\n","protected":false},"excerpt":{"rendered":"<p>Tesis doctoral de Juan Ram\u00f3n Molina Martinez El desarrollo en la organizaci\u00f3n y gesti\u00f3n del medio forestal ante los incendios [&hellip;]<\/p>\n","protected":false},"author":1,"featured_media":0,"comment_status":"open","ping_status":"open","sticky":false,"template":"","format":"standard","meta":{"site-sidebar-layout":"default","site-content-layout":"","ast-site-content-layout":"","site-content-style":"default","site-sidebar-style":"default","ast-global-header-display":"","ast-banner-title-visibility":"","ast-main-header-display":"","ast-hfb-above-header-display":"","ast-hfb-below-header-display":"","ast-hfb-mobile-header-display":"","site-post-title":"","ast-breadcrumbs-content":"","ast-featured-img":"","footer-sml-layout":"","theme-transparent-header-meta":"","adv-header-id-meta":"","stick-header-meta":"","header-above-stick-meta":"","header-main-stick-meta":"","header-below-stick-meta":"","astra-migrate-meta-layouts":"default","ast-page-background-enabled":"default","ast-page-background-meta":{"desktop":{"background-color":"var(--ast-global-color-4)","background-image":"","background-repeat":"repeat","background-position":"center center","background-size":"auto","background-attachment":"scroll","background-type":"","background-media":"","overlay-type":"","overlay-color":"","overlay-gradient":""},"tablet":{"background-color":"","background-image":"","background-repeat":"repeat","background-position":"center center","background-size":"auto","background-attachment":"scroll","background-type":"","background-media":"","overlay-type":"","overlay-color":"","overlay-gradient":""},"mobile":{"background-color":"","background-image":"","background-repeat":"repeat","background-position":"center center","background-size":"auto","background-attachment":"scroll","background-type":"","background-media":"","overlay-type":"","overlay-color":"","overlay-gradient":""}},"ast-content-background-meta":{"desktop":{"background-color":"var(--ast-global-color-5)","background-image":"","background-repeat":"repeat","background-position":"center center","background-size":"auto","background-attachment":"scroll","background-type":"","background-media":"","overlay-type":"","overlay-color":"","overlay-gradient":""},"tablet":{"background-color":"var(--ast-global-color-5)","background-image":"","background-repeat":"repeat","background-position":"center center","background-size":"auto","background-attachment":"scroll","background-type":"","background-media":"","overlay-type":"","overlay-color":"","overlay-gradient":""},"mobile":{"background-color":"var(--ast-global-color-5)","background-image":"","background-repeat":"repeat","background-position":"center center","background-size":"auto","background-attachment":"scroll","background-type":"","background-media":"","overlay-type":"","overlay-color":"","overlay-gradient":""}},"footnotes":""},"categories":[9819,973,2002,20324,935],"tags":[36892,149641,149642,149640,16338,54131],"class_list":["post-68095","post","type-post","status-publish","format-standard","hentry","category-conservacion-de-florestas","category-cordoba","category-florestas","category-proteccion-de-florestas","category-sector-de-agricultura-silvicultura-ganaderia-y-pesca","tag-francisco-jesus-lopez-gimenez","tag-francisco-rodriguez-y-silva","tag-guillermo-julio-alvear","tag-juan-ramon-molina-Martinez","tag-ricardo-velez-munoz","tag-vega-hidalgo-jose-antonio"],"_links":{"self":[{"href":"https:\/\/www.deberes.net\/tesis\/wp-json\/wp\/v2\/posts\/68095","targetHints":{"allow":["GET"]}}],"collection":[{"href":"https:\/\/www.deberes.net\/tesis\/wp-json\/wp\/v2\/posts"}],"about":[{"href":"https:\/\/www.deberes.net\/tesis\/wp-json\/wp\/v2\/types\/post"}],"author":[{"embeddable":true,"href":"https:\/\/www.deberes.net\/tesis\/wp-json\/wp\/v2\/users\/1"}],"replies":[{"embeddable":true,"href":"https:\/\/www.deberes.net\/tesis\/wp-json\/wp\/v2\/comments?post=68095"}],"version-history":[{"count":0,"href":"https:\/\/www.deberes.net\/tesis\/wp-json\/wp\/v2\/posts\/68095\/revisions"}],"wp:attachment":[{"href":"https:\/\/www.deberes.net\/tesis\/wp-json\/wp\/v2\/media?parent=68095"}],"wp:term":[{"taxonomy":"category","embeddable":true,"href":"https:\/\/www.deberes.net\/tesis\/wp-json\/wp\/v2\/categories?post=68095"},{"taxonomy":"post_tag","embeddable":true,"href":"https:\/\/www.deberes.net\/tesis\/wp-json\/wp\/v2\/tags?post=68095"}],"curies":[{"name":"wp","href":"https:\/\/api.w.org\/{rel}","templated":true}]}}