{"id":68167,"date":"2018-03-09T22:56:37","date_gmt":"2018-03-09T22:56:37","guid":{"rendered":"https:\/\/www.deberes.net\/tesis\/sin-categoria\/social-investigation-and-comunity-interpreting-in-the-province-of-pontevedra\/"},"modified":"2018-03-09T22:56:37","modified_gmt":"2018-03-09T22:56:37","slug":"social-investigation-and-comunity-interpreting-in-the-province-of-pontevedra","status":"publish","type":"post","link":"https:\/\/www.deberes.net\/tesis\/traduccion-e-interpretacion\/social-investigation-and-comunity-interpreting-in-the-province-of-pontevedra\/","title":{"rendered":"Social investigation and comunity interpreting in the province of pontevedra"},"content":{"rendered":"<h2>Tesis doctoral de <strong> Dana Isac <\/strong><\/h2>\n<p>Descripci\u00f3n de la situaci\u00f3n de la interpretaci\u00f3n social en la provincia de pontevedra mediante dos estudios emp\u00edricos. El primero mediante encuestas dirigidas a los profesionales de los servicios hospitalarios, policiales y judiciales. El segundo mediante la observaci\u00f3n directa de la propia investigadora en su papel como profesional-int\u00e9rprete.<\/p>\n<p>&nbsp;<\/p>\n<h3>Datos acad\u00e9micos de la tesis doctoral \u00ab<strong>Social investigation and comunity interpreting in the province of pontevedra<\/strong>\u00ab<\/h3>\n<ul>\n<li><strong>T\u00edtulo de la tesis:<\/strong>\u00a0 Social investigation and comunity interpreting in the province of pontevedra <\/li>\n<li><strong>Autor:<\/strong>\u00a0 Dana Isac <\/li>\n<li><strong>Universidad:<\/strong>\u00a0 Vigo<\/li>\n<li><strong>Fecha de lectura de la tesis:<\/strong>\u00a0 21\/11\/2008<\/li>\n<\/ul>\n<p>&nbsp;<\/p>\n<h3>Direcci\u00f3n y tribunal<\/h3>\n<ul>\n<li><strong>Director de la tesis<\/strong>\n<ul>\n<li>Susana Cruces Colado<\/li>\n<\/ul>\n<\/li>\n<li><strong>Tribunal<\/strong>\n<ul>\n<li>Presidente del tribunal: anne Martin <\/li>\n<li>rodica Dimitriu (vocal)<\/li>\n<li>catalina Iliescu  gheorghiu (vocal)<\/li>\n<li>Marta Abu\u00edn gonz\u00e1lez (vocal)<\/li>\n<\/ul>\n<\/li>\n<\/ul>\n<p>&nbsp;<\/p>\n","protected":false},"excerpt":{"rendered":"<p>Tesis doctoral de Dana Isac Descripci\u00f3n de la situaci\u00f3n de la interpretaci\u00f3n social en la provincia de pontevedra mediante dos [&hellip;]<\/p>\n","protected":false},"author":1,"featured_media":0,"comment_status":"open","ping_status":"open","sticky":false,"template":"","format":"standard","meta":{"site-sidebar-layout":"default","site-content-layout":"","ast-site-content-layout":"","site-content-style":"default","site-sidebar-style":"default","ast-global-header-display":"","ast-banner-title-visibility":"","ast-main-header-display":"","ast-hfb-above-header-display":"","ast-hfb-below-header-display":"","ast-hfb-mobile-header-display":"","site-post-title":"","ast-breadcrumbs-content":"","ast-featured-img":"","footer-sml-layout":"","theme-transparent-header-meta":"","adv-header-id-meta":"","stick-header-meta":"","header-above-stick-meta":"","header-main-stick-meta":"","header-below-stick-meta":"","astra-migrate-meta-layouts":"default","ast-page-background-enabled":"default","ast-page-background-meta":{"desktop":{"background-color":"var(--ast-global-color-4)","background-image":"","background-repeat":"repeat","background-position":"center center","background-size":"auto","background-attachment":"scroll","background-type":"","background-media":"","overlay-type":"","overlay-color":"","overlay-gradient":""},"tablet":{"background-color":"","background-image":"","background-repeat":"repeat","background-position":"center center","background-size":"auto","background-attachment":"scroll","background-type":"","background-media":"","overlay-type":"","overlay-color":"","overlay-gradient":""},"mobile":{"background-color":"","background-image":"","background-repeat":"repeat","background-position":"center center","background-size":"auto","background-attachment":"scroll","background-type":"","background-media":"","overlay-type":"","overlay-color":"","overlay-gradient":""}},"ast-content-background-meta":{"desktop":{"background-color":"var(--ast-global-color-5)","background-image":"","background-repeat":"repeat","background-position":"center center","background-size":"auto","background-attachment":"scroll","background-type":"","background-media":"","overlay-type":"","overlay-color":"","overlay-gradient":""},"tablet":{"background-color":"var(--ast-global-color-5)","background-image":"","background-repeat":"repeat","background-position":"center center","background-size":"auto","background-attachment":"scroll","background-type":"","background-media":"","overlay-type":"","overlay-color":"","overlay-gradient":""},"mobile":{"background-color":"var(--ast-global-color-5)","background-image":"","background-repeat":"repeat","background-position":"center center","background-size":"auto","background-attachment":"scroll","background-type":"","background-media":"","overlay-type":"","overlay-color":"","overlay-gradient":""}},"footnotes":""},"categories":[33050,2369,18657],"tags":[116867,53688,149707,149708,149709,81041],"class_list":["post-68167","post","type-post","status-publish","format-standard","hentry","category-bibliometria","category-traduccion-e-interpretacion","category-vigo","tag-anne-martin","tag-catalina-iliescu-gheorghiu","tag-dana-isac","tag-marta-abuin-gonzalez","tag-rodica-dimitriu","tag-susana-cruces-colado"],"_links":{"self":[{"href":"https:\/\/www.deberes.net\/tesis\/wp-json\/wp\/v2\/posts\/68167","targetHints":{"allow":["GET"]}}],"collection":[{"href":"https:\/\/www.deberes.net\/tesis\/wp-json\/wp\/v2\/posts"}],"about":[{"href":"https:\/\/www.deberes.net\/tesis\/wp-json\/wp\/v2\/types\/post"}],"author":[{"embeddable":true,"href":"https:\/\/www.deberes.net\/tesis\/wp-json\/wp\/v2\/users\/1"}],"replies":[{"embeddable":true,"href":"https:\/\/www.deberes.net\/tesis\/wp-json\/wp\/v2\/comments?post=68167"}],"version-history":[{"count":0,"href":"https:\/\/www.deberes.net\/tesis\/wp-json\/wp\/v2\/posts\/68167\/revisions"}],"wp:attachment":[{"href":"https:\/\/www.deberes.net\/tesis\/wp-json\/wp\/v2\/media?parent=68167"}],"wp:term":[{"taxonomy":"category","embeddable":true,"href":"https:\/\/www.deberes.net\/tesis\/wp-json\/wp\/v2\/categories?post=68167"},{"taxonomy":"post_tag","embeddable":true,"href":"https:\/\/www.deberes.net\/tesis\/wp-json\/wp\/v2\/tags?post=68167"}],"curies":[{"name":"wp","href":"https:\/\/api.w.org\/{rel}","templated":true}]}}