{"id":68234,"date":"2018-03-09T22:56:41","date_gmt":"2018-03-09T22:56:41","guid":{"rendered":"https:\/\/www.deberes.net\/tesis\/sin-categoria\/construccion-y-optimizacion-de-celulas-del-punto-triple-del-mercurio-y-su-realizacion\/"},"modified":"2018-03-09T22:56:41","modified_gmt":"2018-03-09T22:56:41","slug":"construccion-y-optimizacion-de-celulas-del-punto-triple-del-mercurio-y-su-realizacion","status":"publish","type":"post","link":"https:\/\/www.deberes.net\/tesis\/metrologia\/construccion-y-optimizacion-de-celulas-del-punto-triple-del-mercurio-y-su-realizacion\/","title":{"rendered":"Construcci\u00f3n y optimizaci\u00f3n de c\u00e9lulas del punto triple del mercurio y su realizaci\u00f3n"},"content":{"rendered":"<h2>Tesis doctoral de <strong> Mar\u00eda  Dolores Del Campo Maldonado <\/strong><\/h2>\n<p>La temperatura a nivel internacional se define y materializa mediante la escala internacional de temperatura de 1990 (eit-90), seg\u00fan los acuerdos del comit\u00e9 internacional de pesas y medidas (cipm). Los elementos fundamentales de la escala son los puntos fijos de definici\u00f3n: estados de equilibrio termodin\u00e1mico de sustancias puras, puntos triples y puntos de solidificaci\u00f3n y fusi\u00f3n, entre los que se encuentra el punto triple del mercurio, al que la eit-90 asigna un valor de 234,315 6 k (-38, 834 4 \u00c2\u00b0c). el objetivo de la eit-90 es proporcionar los medios necesarios para llevar a cabo medidas sencillas y precisas de la temperatura. A pesar de la importante simplificaci\u00f3n que significa frente a la realizaci\u00f3n de medidas de temperatura termodin\u00e1mica, la realizaci\u00f3n de la eit-90 conlleva diversas dificultades que, como resultado, originan algunas discrepancias entre diferentes realizaciones de esta escala. en 1999 los directores de los laboratorios nacionales miembros y asociados a la convenci\u00f3n del metro firmaron el tratado de reconocimiento mutuo. El objetivo de este tratado fue establecer el grado de equiValencia entre los patrones nacionales de medida, mantenidos por los laboratorios nacionales, de forma que se posibilitase el reconocimiento internacional de los certificados de calibraci\u00f3n y medida emitidos por ellos y as\u00ed conseguir fundamentos t\u00e9cnicos que favoreciesen el comercio internacional. para conseguir este objetivo, se han requerido diversas acciones, como el establecimiento de sistemas de calidad en los laboratorios nacionales y su participaci\u00f3n en comparaciones de medida internacionales, las llamadas comparaciones clave y comparaciones suplementarias. en el caso de las comparaciones de temperatura presentaron discrepancias inexplicables en los resultados, as\u00ed como, en algunos casos, una gran diferencia entre las diversas estimaciones de incertidumbres. Estos resultados llevan a la necesidad de investigar en profundidad los distintos puntos fijos y desarrollar nuevas c\u00e9lulas para su materializaci\u00f3n de forma que se consigan puntos fijos m\u00e1s precisos. esta tesis pretende progresar en el conocimiento del punto triple del mercurio para su uso en metrolog\u00eda t\u00e9rmica y desarrollar nuevas t\u00e9cnicas de medida, teniendo como principales objetivos la construcci\u00f3n de un sistema de purificaci\u00f3n de mercurio y llenado de c\u00e9lulas, la optimizaci\u00f3n de los procedimientos de comparaci\u00f3n de c\u00e9lulas de mercurio, el estudio de la influencia de las impurezas y de la composici\u00f3n isot\u00f3pica en la temperatura del punto triple y el dise\u00f1o y construcci\u00f3n de un calor\u00edmetro para la evaluaci\u00f3n de la viabilidad del uso del m\u00e9todo adiab\u00e1tico para la realizaci\u00f3n de mesetas en c\u00e9lulas de vidrio.<\/p>\n<p>&nbsp;<\/p>\n<h3>Datos acad\u00e9micos de la tesis doctoral \u00ab<strong>Construcci\u00f3n y optimizaci\u00f3n de c\u00e9lulas del punto triple del mercurio y su realizaci\u00f3n<\/strong>\u00ab<\/h3>\n<ul>\n<li><strong>T\u00edtulo de la tesis:<\/strong>\u00a0 Construcci\u00f3n y optimizaci\u00f3n de c\u00e9lulas del punto triple del mercurio y su realizaci\u00f3n <\/li>\n<li><strong>Autor:<\/strong>\u00a0 Mar\u00eda  Dolores Del Campo Maldonado <\/li>\n<li><strong>Universidad:<\/strong>\u00a0 Polit\u00e9cnica de Madrid<\/li>\n<li><strong>Fecha de lectura de la tesis:<\/strong>\u00a0 26\/11\/2008<\/li>\n<\/ul>\n<p>&nbsp;<\/p>\n<h3>Direcci\u00f3n y tribunal<\/h3>\n<ul>\n<li><strong>Director de la tesis<\/strong>\n<ul>\n<li>portela Carro De Vicente<\/li>\n<\/ul>\n<\/li>\n<li><strong>Tribunal<\/strong>\n<ul>\n<li>Presidente del tribunal: angel Mar\u00eda Sanchez perez <\/li>\n<li>Miguel angel Villama\u00f1an olfos (vocal)<\/li>\n<li>Miguel angel Sebastian perez (vocal)<\/li>\n<li>Fernando Ferrer magalef (vocal)<\/li>\n<\/ul>\n<\/li>\n<\/ul>\n<p>&nbsp;<\/p>\n","protected":false},"excerpt":{"rendered":"<p>Tesis doctoral de Mar\u00eda Dolores Del Campo Maldonado La temperatura a nivel internacional se define y materializa mediante la escala [&hellip;]<\/p>\n","protected":false},"author":1,"featured_media":0,"comment_status":"open","ping_status":"open","sticky":false,"template":"","format":"standard","meta":{"site-sidebar-layout":"default","site-content-layout":"","ast-site-content-layout":"","site-content-style":"default","site-sidebar-style":"default","ast-global-header-display":"","ast-banner-title-visibility":"","ast-main-header-display":"","ast-hfb-above-header-display":"","ast-hfb-below-header-display":"","ast-hfb-mobile-header-display":"","site-post-title":"","ast-breadcrumbs-content":"","ast-featured-img":"","footer-sml-layout":"","theme-transparent-header-meta":"","adv-header-id-meta":"","stick-header-meta":"","header-above-stick-meta":"","header-main-stick-meta":"","header-below-stick-meta":"","astra-migrate-meta-layouts":"default","ast-page-background-enabled":"default","ast-page-background-meta":{"desktop":{"background-color":"var(--ast-global-color-4)","background-image":"","background-repeat":"repeat","background-position":"center center","background-size":"auto","background-attachment":"scroll","background-type":"","background-media":"","overlay-type":"","overlay-color":"","overlay-gradient":""},"tablet":{"background-color":"","background-image":"","background-repeat":"repeat","background-position":"center center","background-size":"auto","background-attachment":"scroll","background-type":"","background-media":"","overlay-type":"","overlay-color":"","overlay-gradient":""},"mobile":{"background-color":"","background-image":"","background-repeat":"repeat","background-position":"center center","background-size":"auto","background-attachment":"scroll","background-type":"","background-media":"","overlay-type":"","overlay-color":"","overlay-gradient":""}},"ast-content-background-meta":{"desktop":{"background-color":"var(--ast-global-color-5)","background-image":"","background-repeat":"repeat","background-position":"center center","background-size":"auto","background-attachment":"scroll","background-type":"","background-media":"","overlay-type":"","overlay-color":"","overlay-gradient":""},"tablet":{"background-color":"var(--ast-global-color-5)","background-image":"","background-repeat":"repeat","background-position":"center center","background-size":"auto","background-attachment":"scroll","background-type":"","background-media":"","overlay-type":"","overlay-color":"","overlay-gradient":""},"mobile":{"background-color":"var(--ast-global-color-5)","background-image":"","background-repeat":"repeat","background-position":"center center","background-size":"auto","background-attachment":"scroll","background-type":"","background-media":"","overlay-type":"","overlay-color":"","overlay-gradient":""}},"footnotes":""},"categories":[45893,15991,16008,94794],"tags":[140080,149882,149880,16595,149881,140079],"class_list":["post-68234","post","type-post","status-publish","format-standard","hentry","category-cambios-de-estado","category-metrologia","category-politecnica-de-madrid","category-unidades-estandar","tag-angel-maria-sanchez-perez","tag-fernando-ferrer-magalef","tag-maria-dolores-del-campo-maldonado","tag-miguel-angel-sebastian-perez","tag-miguel-angel-villamanan-olfos","tag-portela-carro-de-vicente"],"_links":{"self":[{"href":"https:\/\/www.deberes.net\/tesis\/wp-json\/wp\/v2\/posts\/68234","targetHints":{"allow":["GET"]}}],"collection":[{"href":"https:\/\/www.deberes.net\/tesis\/wp-json\/wp\/v2\/posts"}],"about":[{"href":"https:\/\/www.deberes.net\/tesis\/wp-json\/wp\/v2\/types\/post"}],"author":[{"embeddable":true,"href":"https:\/\/www.deberes.net\/tesis\/wp-json\/wp\/v2\/users\/1"}],"replies":[{"embeddable":true,"href":"https:\/\/www.deberes.net\/tesis\/wp-json\/wp\/v2\/comments?post=68234"}],"version-history":[{"count":0,"href":"https:\/\/www.deberes.net\/tesis\/wp-json\/wp\/v2\/posts\/68234\/revisions"}],"wp:attachment":[{"href":"https:\/\/www.deberes.net\/tesis\/wp-json\/wp\/v2\/media?parent=68234"}],"wp:term":[{"taxonomy":"category","embeddable":true,"href":"https:\/\/www.deberes.net\/tesis\/wp-json\/wp\/v2\/categories?post=68234"},{"taxonomy":"post_tag","embeddable":true,"href":"https:\/\/www.deberes.net\/tesis\/wp-json\/wp\/v2\/tags?post=68234"}],"curies":[{"name":"wp","href":"https:\/\/api.w.org\/{rel}","templated":true}]}}