{"id":6824,"date":"1995-01-01T00:00:00","date_gmt":"1995-01-01T00:00:00","guid":{"rendered":"https:\/\/www.deberes.net\/tesis\/1995\/01\/01\/el-desarrollo-psicomotor-del-nino-ciego-influencia-en-su-evolucion-general-y-en-la-adquisicion-de-los-aprendizajes-basicos\/"},"modified":"1995-01-01T00:00:00","modified_gmt":"1995-01-01T00:00:00","slug":"el-desarrollo-psicomotor-del-nino-ciego-influencia-en-su-evolucion-general-y-en-la-adquisicion-de-los-aprendizajes-basicos","status":"publish","type":"post","link":"https:\/\/www.deberes.net\/tesis\/psicologia\/el-desarrollo-psicomotor-del-nino-ciego-influencia-en-su-evolucion-general-y-en-la-adquisicion-de-los-aprendizajes-basicos\/","title":{"rendered":"El desarrollo psicomotor del ni\u00f1o ciego. influencia en su evolucion general y en la adquisicion de los aprendizajes basicos."},"content":{"rendered":"<h2>Tesis doctoral de <strong> Rogelio Martinez Abellan <\/strong><\/h2>\n<p>Este estudio pretende poner de manifiesto como se produce la evolucion del desarrollo general de los ni\u00f1os ciegos de 4 a 6 a\u00f1os de edad en comparacion con los ni\u00f1os videntes y concretamente la importancia que tiene el desarrollo psicomotor. Por otra parte, partiendo de las diferentes conductas que integran el desarrollo psicomotor se indican la necesidad de disponer de programas de intervencion psicomotriz en la escuela, insertados en el marco curricular, y muy especialmente en los niveles educativos correspondientes a educacion infantil y primaria ya que su aplicacion ayuda a superar las dificultades que presenta esta poblacion, tal como se demuestra en esta investigacion.<\/p>\n<p>&nbsp;<\/p>\n<h3>Datos acad\u00e9micos de la tesis doctoral \u00ab<strong>El desarrollo psicomotor del ni\u00f1o ciego. influencia en su evolucion general y en la adquisicion de los aprendizajes basicos.<\/strong>\u00ab<\/h3>\n<ul>\n<li><strong>T\u00edtulo de la tesis:<\/strong>\u00a0 El desarrollo psicomotor del ni\u00f1o ciego. influencia en su evolucion general y en la adquisicion de los aprendizajes basicos. <\/li>\n<li><strong>Autor:<\/strong>\u00a0 Rogelio Martinez Abellan <\/li>\n<li><strong>Universidad:<\/strong>\u00a0 Murcia<\/li>\n<li><strong>Fecha de lectura de la tesis:<\/strong>\u00a0 01\/01\/1995<\/li>\n<\/ul>\n<p>&nbsp;<\/p>\n<h3>Direcci\u00f3n y tribunal<\/h3>\n<ul>\n<li><strong>Director de la tesis<\/strong>\n<ul>\n<li>Pilar Arnaiz Sanchez<\/li>\n<\/ul>\n<\/li>\n<li><strong>Tribunal<\/strong>\n<ul>\n<li>Presidente del tribunal: Mar\u00eda  Dolores Prieto Sanchez <\/li>\n<li>Mar\u00eda  Del Carmen Ortiz Gonzalez (vocal)<\/li>\n<li>Fuensanta Hern\u00e1ndez Pina (vocal)<\/li>\n<li>Juan  Luis Castej\u00f3n Costa (vocal)<\/li>\n<\/ul>\n<\/li>\n<\/ul>\n<p>&nbsp;<\/p>\n","protected":false},"excerpt":{"rendered":"<p>Tesis doctoral de Rogelio Martinez Abellan Este estudio pretende poner de manifiesto como se produce la evolucion del desarrollo general [&hellip;]<\/p>\n","protected":false},"author":1,"featured_media":0,"comment_status":"open","ping_status":"open","sticky":false,"template":"","format":"standard","meta":{"site-sidebar-layout":"default","site-content-layout":"","ast-site-content-layout":"","site-content-style":"default","site-sidebar-style":"default","ast-global-header-display":"","ast-banner-title-visibility":"","ast-main-header-display":"","ast-hfb-above-header-display":"","ast-hfb-below-header-display":"","ast-hfb-mobile-header-display":"","site-post-title":"","ast-breadcrumbs-content":"","ast-featured-img":"","footer-sml-layout":"","theme-transparent-header-meta":"","adv-header-id-meta":"","stick-header-meta":"","header-above-stick-meta":"","header-main-stick-meta":"","header-below-stick-meta":"","astra-migrate-meta-layouts":"default","ast-page-background-enabled":"default","ast-page-background-meta":{"desktop":{"background-color":"var(--ast-global-color-4)","background-image":"","background-repeat":"repeat","background-position":"center center","background-size":"auto","background-attachment":"scroll","background-type":"","background-media":"","overlay-type":"","overlay-color":"","overlay-gradient":""},"tablet":{"background-color":"","background-image":"","background-repeat":"repeat","background-position":"center center","background-size":"auto","background-attachment":"scroll","background-type":"","background-media":"","overlay-type":"","overlay-color":"","overlay-gradient":""},"mobile":{"background-color":"","background-image":"","background-repeat":"repeat","background-position":"center center","background-size":"auto","background-attachment":"scroll","background-type":"","background-media":"","overlay-type":"","overlay-color":"","overlay-gradient":""}},"ast-content-background-meta":{"desktop":{"background-color":"var(--ast-global-color-5)","background-image":"","background-repeat":"repeat","background-position":"center center","background-size":"auto","background-attachment":"scroll","background-type":"","background-media":"","overlay-type":"","overlay-color":"","overlay-gradient":""},"tablet":{"background-color":"var(--ast-global-color-5)","background-image":"","background-repeat":"repeat","background-position":"center center","background-size":"auto","background-attachment":"scroll","background-type":"","background-media":"","overlay-type":"","overlay-color":"","overlay-gradient":""},"mobile":{"background-color":"var(--ast-global-color-5)","background-image":"","background-repeat":"repeat","background-position":"center center","background-size":"auto","background-attachment":"scroll","background-type":"","background-media":"","overlay-type":"","overlay-color":"","overlay-gradient":""}},"footnotes":""},"categories":[6222,8235,1184,1141,324,970,2758],"tags":[8808,19437,8595,25009,8593,25081],"class_list":["post-6824","post","type-post","status-publish","format-standard","hentry","category-educacion-especial","category-murcia","category-organizacion-y-planificacion-de-la-educacion","category-pedagogia","category-psicologia","category-psicologia-del-nino-y-del-adolescente","category-psicologia-evolutiva","tag-fuensanta-hernandez-pina","tag-juan-luis-castejon-costa","tag-maria-del-carmen-ortiz-gonzalez","tag-maria-dolores-prieto-sanchez","tag-pilar-arnaiz-sanchez","tag-rogelio-Martinez-abellan"],"_links":{"self":[{"href":"https:\/\/www.deberes.net\/tesis\/wp-json\/wp\/v2\/posts\/6824","targetHints":{"allow":["GET"]}}],"collection":[{"href":"https:\/\/www.deberes.net\/tesis\/wp-json\/wp\/v2\/posts"}],"about":[{"href":"https:\/\/www.deberes.net\/tesis\/wp-json\/wp\/v2\/types\/post"}],"author":[{"embeddable":true,"href":"https:\/\/www.deberes.net\/tesis\/wp-json\/wp\/v2\/users\/1"}],"replies":[{"embeddable":true,"href":"https:\/\/www.deberes.net\/tesis\/wp-json\/wp\/v2\/comments?post=6824"}],"version-history":[{"count":0,"href":"https:\/\/www.deberes.net\/tesis\/wp-json\/wp\/v2\/posts\/6824\/revisions"}],"wp:attachment":[{"href":"https:\/\/www.deberes.net\/tesis\/wp-json\/wp\/v2\/media?parent=6824"}],"wp:term":[{"taxonomy":"category","embeddable":true,"href":"https:\/\/www.deberes.net\/tesis\/wp-json\/wp\/v2\/categories?post=6824"},{"taxonomy":"post_tag","embeddable":true,"href":"https:\/\/www.deberes.net\/tesis\/wp-json\/wp\/v2\/tags?post=6824"}],"curies":[{"name":"wp","href":"https:\/\/api.w.org\/{rel}","templated":true}]}}