{"id":68250,"date":"2018-03-09T22:56:45","date_gmt":"2018-03-09T22:56:45","guid":{"rendered":"https:\/\/www.deberes.net\/tesis\/sin-categoria\/incidencia-de-los-temporales-mara%c2%adtimos-en-el-litoral-de-la-provincia-de-alicante-pola%c2%adticas-de-actuacion-en-materia-de-ordenacion-del-territorio\/"},"modified":"2018-03-09T22:56:45","modified_gmt":"2018-03-09T22:56:45","slug":"incidencia-de-los-temporales-mara%c2%adtimos-en-el-litoral-de-la-provincia-de-alicante-pola%c2%adticas-de-actuacion-en-materia-de-ordenacion-del-territorio","status":"publish","type":"post","link":"https:\/\/www.deberes.net\/tesis\/geografia-regional\/incidencia-de-los-temporales-mara%c2%adtimos-en-el-litoral-de-la-provincia-de-alicante-pola%c2%adticas-de-actuacion-en-materia-de-ordenacion-del-territorio\/","title":{"rendered":"Incidencia de los temporales mar\u00edtimos en el litoral de la provincia de alicante. pol\u00edticas de actuaci\u00f3n en materia de ordenaci\u00f3n del territorio"},"content":{"rendered":"<h2>Tesis doctoral de <strong> Mar\u00eda Tros De Ilarduya Fern\u00e1ndez <\/strong><\/h2>\n<p>El litoral es un espacio codiciado desde \u00e9pocas relativamente recientes. Siendo el suelo un bien escaso y finito, los conflictos por su apropiaci\u00f3n y uso son constantes. Es en este marco donde se hace imprescindible la tarea de ordenaci\u00f3n y planificaci\u00f3n del territorio. El litoral, azotado secularmente por fen\u00f3menos de origen natural, se ve te\u00f3ricamente amenazado ahora m\u00e1s que nunca por estos procesos, pero los estudios demuestran que el papel del hombre en la ocupaci\u00f3n de espacios pr\u00f3ximos al mar ha sido el detonante en el aumento exponencial de los da\u00f1os. La ocupaci\u00f3n antr\u00f3pica ha convertido el litoral en un espacio de riesgo.  la vigente ley de costas 22\/1988, con su correspondiente reglamento (aprobado mediante r.D. 1471\/1989, de 1 de diciembre) define los bienes de dominio p\u00fablico mar\u00edtimo-terrestre, as\u00ed como los usos y zonas de servidumbre de tr\u00e1nsito y protecci\u00f3n de las zonas litorales espa\u00f1olas. La zona mar\u00edtimo-terrestre (zmt), inscrita en el concepto m\u00e1s amplio de ribera del mar, queda definida por el \u00abl\u00edmite hasta donde alcanzan las olas en los mayores temporales conocidos o, cuando lo supere, el de la l\u00ednea de pleamar m\u00e1xima viva equinoccial\u00bb (art. 3.1). El reglamento se\u00f1ala que, \u00abpara determinar el alcance de esos temporales conocidos se utilizar\u00e1n las referencias probadas de que se disponga\u00bb (art. 4.A). Por lo tanto, es la intensidad de un temporal lo que determina la amplitud de la zona mar\u00edtimo-terrestre, de ah\u00ed que su registro hist\u00f3rico resulte no s\u00f3lo deseable, sino necesario  la ley de costas 22\/88 y su reglamento (art.203) contemplan la creaci\u00f3n de un banco de datos oceanogr\u00e1fico que facilite el conocimiento del clima mar\u00edtimo espa\u00f1ol. Ese banco de datos es muy exiguo y, en su lugar, se emplean las recomendaciones para obras mar\u00edtimas, basadas en los datos tomados por estaciones autom\u00e1ticas que, por su reducido n\u00famero y distribuci\u00f3n espacial, no resultan operativas. A esta carencia se une el deslinde incompleto de la costa espa\u00f1ola, e incluso la permanencia de un deslinde efectuado con los criterios de la anterior ley de costas de 1969, ya derogada. \u00e9ste es uno de los principales inconvenientes con que cuenta la administraci\u00f3n a la hora de poner en marcha pol\u00edticas efectivas de ordenaci\u00f3n del litoral.  el concepto de riesgo est\u00e1 definido por la peligrosidad natural y la vulnerabilidad humana. El estudio de los episodios de temporal mar\u00edtimo que han afectado al litoral de la provincia de alicante durante los \u00faltimos treinta a\u00f1os ha puesto de manifiesto que, a igualdad de condiciones naturales, a igualdad de intensidad de los episodios y a igualdad de exposici\u00f3n geogr\u00e1fica, los da\u00f1os generados en el litoral han sido de muy diversa \u00edndole, gener\u00e1ndose grandes contrastes entre municipios vecinos e incluso dentro de un mismo municipio. Hay espacios que en el pasado apenas presentaban desperfectos y hoy en d\u00eda son cabecera de los diarios por las graves repercusiones constatadas.   es en ese contexto en el que cabe resaltar la importancia de la ocupaci\u00f3n antr\u00f3pica del litoral, que ha ido evolucionando en las \u00faltimas d\u00e9cadas hasta una erradicaci\u00f3n casi completa de espacios v\u00edrgenes. Los sectores altamente urbanizados se muestran m\u00e1s vulnerables a los temporales mar\u00edtimos que otros en los que la densidad de urbanizaci\u00f3n es menor. La ruptura del balance sedimentario por la ocupaci\u00f3n de dunas con edificaciones tur\u00edstico-residenciales; la ocupaci\u00f3n de cauces; la regulaci\u00f3n de r\u00edos; la ampliaci\u00f3n de puertos, o la construcci\u00f3n de obras de defensa costera, han provocado una ruptura de la din\u00e1mica marina, que ha tenido notable repercusi\u00f3n en el agravamiento de la regresi\u00f3n costera y posterior constataci\u00f3n de da\u00f1os en el litoral. La relaci\u00f3n entre la evoluci\u00f3n de la edificaci\u00f3n y el aumento de los da\u00f1os puede comprobarse con el an\u00e1lisis comparado de fotograf\u00eda a\u00e9rea correspondiente a distintas \u00e9pocas (desde el \u00abvuelo americano\u00bb de 1956, hasta fotogramas tomados en 2002) y el cruce de datos extra\u00eddos de la prensa. La medici\u00f3n de las playas sobre el terreno, cinta m\u00e9trica en mano, da idea tambi\u00e9n de la progresi\u00f3n negativa sufrida por estos espacios, pese a la regeneraci\u00f3n de arena de la que gozaron en su momento algunas de esas playas.   las diferentes administraciones p\u00fablicas -en los \u00e1mbitos comunitario, estatal y auton\u00f3mico- abordan el riesgo frente a los embates del mar desde dos perspectivas opuestas: las hay que optan por atajar la causa de la erosi\u00f3n costera, eliminando los elementos humanos que distorsionan el sistema natural; y las hay que intentan mitigar las consecuencias de la ocupaci\u00f3n del litoral a trav\u00e9s del aumento del grado de antropizaci\u00f3n, plasmado en obras de defensa costera.<\/p>\n<p>&nbsp;<\/p>\n<h3>Datos acad\u00e9micos de la tesis doctoral \u00ab<strong>Incidencia de los temporales mar\u00edtimos en el litoral de la provincia de alicante. pol\u00edticas de actuaci\u00f3n en materia de ordenaci\u00f3n del territorio<\/strong>\u00ab<\/h3>\n<ul>\n<li><strong>T\u00edtulo de la tesis:<\/strong>\u00a0 Incidencia de los temporales mar\u00edtimos en el litoral de la provincia de alicante. pol\u00edticas de actuaci\u00f3n en materia de ordenaci\u00f3n del territorio <\/li>\n<li><strong>Autor:<\/strong>\u00a0 Mar\u00eda Tros De Ilarduya Fern\u00e1ndez <\/li>\n<li><strong>Universidad:<\/strong>\u00a0 Alicante<\/li>\n<li><strong>Fecha de lectura de la tesis:<\/strong>\u00a0 27\/11\/2008<\/li>\n<\/ul>\n<p>&nbsp;<\/p>\n<h3>Direcci\u00f3n y tribunal<\/h3>\n<ul>\n<li><strong>Director de la tesis<\/strong>\n<ul>\n<li>Francisco Jos\u00e9 Torres Alfosea<\/li>\n<\/ul>\n<\/li>\n<li><strong>Tribunal<\/strong>\n<ul>\n<li>Presidente del tribunal: Antonio Gil olcina <\/li>\n<li>Jos\u00e9 Quereda sala (vocal)<\/li>\n<li>Javier Martin vide (vocal)<\/li>\n<li>Francisco Calvo Garc\u00eda-tornel (vocal)<\/li>\n<\/ul>\n<\/li>\n<\/ul>\n<p>&nbsp;<\/p>\n","protected":false},"excerpt":{"rendered":"<p>Tesis doctoral de Mar\u00eda Tros De Ilarduya Fern\u00e1ndez El litoral es un espacio codiciado desde \u00e9pocas relativamente recientes. Siendo el [&hellip;]<\/p>\n","protected":false},"author":1,"featured_media":0,"comment_status":"open","ping_status":"open","sticky":false,"template":"","format":"standard","meta":{"site-sidebar-layout":"default","site-content-layout":"","ast-site-content-layout":"","site-content-style":"default","site-sidebar-style":"default","ast-global-header-display":"","ast-banner-title-visibility":"","ast-main-header-display":"","ast-hfb-above-header-display":"","ast-hfb-below-header-display":"","ast-hfb-mobile-header-display":"","site-post-title":"","ast-breadcrumbs-content":"","ast-featured-img":"","footer-sml-layout":"","theme-transparent-header-meta":"","adv-header-id-meta":"","stick-header-meta":"","header-above-stick-meta":"","header-main-stick-meta":"","header-below-stick-meta":"","astra-migrate-meta-layouts":"default","ast-page-background-enabled":"default","ast-page-background-meta":{"desktop":{"background-color":"var(--ast-global-color-4)","background-image":"","background-repeat":"repeat","background-position":"center center","background-size":"auto","background-attachment":"scroll","background-type":"","background-media":"","overlay-type":"","overlay-color":"","overlay-gradient":""},"tablet":{"background-color":"","background-image":"","background-repeat":"repeat","background-position":"center center","background-size":"auto","background-attachment":"scroll","background-type":"","background-media":"","overlay-type":"","overlay-color":"","overlay-gradient":""},"mobile":{"background-color":"","background-image":"","background-repeat":"repeat","background-position":"center center","background-size":"auto","background-attachment":"scroll","background-type":"","background-media":"","overlay-type":"","overlay-color":"","overlay-gradient":""}},"ast-content-background-meta":{"desktop":{"background-color":"var(--ast-global-color-5)","background-image":"","background-repeat":"repeat","background-position":"center center","background-size":"auto","background-attachment":"scroll","background-type":"","background-media":"","overlay-type":"","overlay-color":"","overlay-gradient":""},"tablet":{"background-color":"var(--ast-global-color-5)","background-image":"","background-repeat":"repeat","background-position":"center center","background-size":"auto","background-attachment":"scroll","background-type":"","background-media":"","overlay-type":"","overlay-color":"","overlay-gradient":""},"mobile":{"background-color":"var(--ast-global-color-5)","background-image":"","background-repeat":"repeat","background-position":"center center","background-size":"auto","background-attachment":"scroll","background-type":"","background-media":"","overlay-type":"","overlay-color":"","overlay-gradient":""}},"footnotes":""},"categories":[19166,12364,3090,16299,15748],"tags":[11875,8390,149912,4331,19355,149911],"class_list":["post-68250","post","type-post","status-publish","format-standard","hentry","category-alicante","category-climatologia-aplicada","category-geografia-regional","category-planificacion-del-desarrollo-regional","category-procesos-litorales-y-sublitorales","tag-antonio-gil-olcina","tag-francisco-calvo-garcia-tornel","tag-francisco-jose-torres-alfosea","tag-javier-martin-vide","tag-jose-quereda-sala","tag-maria-tros-de-ilarduya-fernandez"],"_links":{"self":[{"href":"https:\/\/www.deberes.net\/tesis\/wp-json\/wp\/v2\/posts\/68250","targetHints":{"allow":["GET"]}}],"collection":[{"href":"https:\/\/www.deberes.net\/tesis\/wp-json\/wp\/v2\/posts"}],"about":[{"href":"https:\/\/www.deberes.net\/tesis\/wp-json\/wp\/v2\/types\/post"}],"author":[{"embeddable":true,"href":"https:\/\/www.deberes.net\/tesis\/wp-json\/wp\/v2\/users\/1"}],"replies":[{"embeddable":true,"href":"https:\/\/www.deberes.net\/tesis\/wp-json\/wp\/v2\/comments?post=68250"}],"version-history":[{"count":0,"href":"https:\/\/www.deberes.net\/tesis\/wp-json\/wp\/v2\/posts\/68250\/revisions"}],"wp:attachment":[{"href":"https:\/\/www.deberes.net\/tesis\/wp-json\/wp\/v2\/media?parent=68250"}],"wp:term":[{"taxonomy":"category","embeddable":true,"href":"https:\/\/www.deberes.net\/tesis\/wp-json\/wp\/v2\/categories?post=68250"},{"taxonomy":"post_tag","embeddable":true,"href":"https:\/\/www.deberes.net\/tesis\/wp-json\/wp\/v2\/tags?post=68250"}],"curies":[{"name":"wp","href":"https:\/\/api.w.org\/{rel}","templated":true}]}}