{"id":68307,"date":"2018-03-09T22:56:48","date_gmt":"2018-03-09T22:56:48","guid":{"rendered":"https:\/\/www.deberes.net\/tesis\/sin-categoria\/analisis-de-la-distribucion-de-la-temperatura-en-motores-de-induccion-mediante-un-modelo-de-elementos-finitos-en-tres-dimensiones\/"},"modified":"2018-03-09T22:56:48","modified_gmt":"2018-03-09T22:56:48","slug":"analisis-de-la-distribucion-de-la-temperatura-en-motores-de-induccion-mediante-un-modelo-de-elementos-finitos-en-tres-dimensiones","status":"publish","type":"post","link":"https:\/\/www.deberes.net\/tesis\/organizacion-industrial-y-sector-publico\/analisis-de-la-distribucion-de-la-temperatura-en-motores-de-induccion-mediante-un-modelo-de-elementos-finitos-en-tres-dimensiones\/","title":{"rendered":"Analisis de la distribucion de la temperatura en motores de induccion mediante un modelo de elementos finitos en tres dimensiones"},"content":{"rendered":"<h2>Tesis doctoral de <strong> Nicolas Barbon Alvarez <\/strong><\/h2>\n<p>En primer lugar, analizaremos la importancia del conocimiento de la distribuci\u00f3n de la temperatura en los motores de inducci\u00f3n y sus repercusiones t\u00e9cnicas y econ\u00f3micas, distinguiendo el origen de las distintas fuentes de calor y estudiando la dificultad de su determinaci\u00f3n.  tras analizar por separado el campo electromagn\u00e9tico, el t\u00e9rmico y sus iteracciones, realizamos el modelado t\u00e9rmico del motor de inducci\u00f3n en tres dimensiones mediante un programa basado en m\u00e9todo de los elementos finitos.  para validar el modelo t\u00e9rmico propuesto, se toman valores de temperatura en el interior del motor objeto de estudio mediante la insercci\u00f3n de termopares, lo que permite realizar una comparativa, gracias a un programa inform\u00e1tico espec\u00edfico, entre los datos obtenidos en el laboratorio y los conseguidos con el modelo<\/p>\n<p>&nbsp;<\/p>\n<h3>Datos acad\u00e9micos de la tesis doctoral \u00ab<strong>Analisis de la distribucion de la temperatura en motores de induccion mediante un modelo de elementos finitos en tres dimensiones<\/strong>\u00ab<\/h3>\n<ul>\n<li><strong>T\u00edtulo de la tesis:<\/strong>\u00a0 Analisis de la distribucion de la temperatura en motores de induccion mediante un modelo de elementos finitos en tres dimensiones <\/li>\n<li><strong>Autor:<\/strong>\u00a0 Nicolas Barbon Alvarez <\/li>\n<li><strong>Universidad:<\/strong>\u00a0 Oviedo<\/li>\n<li><strong>Fecha de lectura de la tesis:<\/strong>\u00a0 28\/11\/2008<\/li>\n<\/ul>\n<p>&nbsp;<\/p>\n<h3>Direcci\u00f3n y tribunal<\/h3>\n<ul>\n<li><strong>Director de la tesis<\/strong>\n<ul>\n<li>Javier Gomez Aleixandre Fernandez<\/li>\n<\/ul>\n<\/li>\n<li><strong>Tribunal<\/strong>\n<ul>\n<li>Presidente del tribunal: Luis ignacio Eguiluz moran <\/li>\n<li>Alberto benjamin Diez gonzalez (vocal)<\/li>\n<li>Jos\u00e9 Carlos Lavandero gonzalez (vocal)<\/li>\n<li>roberto Diaz carril (vocal)<\/li>\n<\/ul>\n<\/li>\n<\/ul>\n<p>&nbsp;<\/p>\n","protected":false},"excerpt":{"rendered":"<p>Tesis doctoral de Nicolas Barbon Alvarez En primer lugar, analizaremos la importancia del conocimiento de la distribuci\u00f3n de la temperatura [&hellip;]<\/p>\n","protected":false},"author":1,"featured_media":0,"comment_status":"open","ping_status":"open","sticky":false,"template":"","format":"standard","meta":{"site-sidebar-layout":"default","site-content-layout":"","ast-site-content-layout":"","site-content-style":"default","site-sidebar-style":"default","ast-global-header-display":"","ast-banner-title-visibility":"","ast-main-header-display":"","ast-hfb-above-header-display":"","ast-hfb-below-header-display":"","ast-hfb-mobile-header-display":"","site-post-title":"","ast-breadcrumbs-content":"","ast-featured-img":"","footer-sml-layout":"","theme-transparent-header-meta":"","adv-header-id-meta":"","stick-header-meta":"","header-above-stick-meta":"","header-main-stick-meta":"","header-below-stick-meta":"","astra-migrate-meta-layouts":"default","ast-page-background-enabled":"default","ast-page-background-meta":{"desktop":{"background-color":"var(--ast-global-color-4)","background-image":"","background-repeat":"repeat","background-position":"center center","background-size":"auto","background-attachment":"scroll","background-type":"","background-media":"","overlay-type":"","overlay-color":"","overlay-gradient":""},"tablet":{"background-color":"","background-image":"","background-repeat":"repeat","background-position":"center center","background-size":"auto","background-attachment":"scroll","background-type":"","background-media":"","overlay-type":"","overlay-color":"","overlay-gradient":""},"mobile":{"background-color":"","background-image":"","background-repeat":"repeat","background-position":"center center","background-size":"auto","background-attachment":"scroll","background-type":"","background-media":"","overlay-type":"","overlay-color":"","overlay-gradient":""}},"ast-content-background-meta":{"desktop":{"background-color":"var(--ast-global-color-5)","background-image":"","background-repeat":"repeat","background-position":"center center","background-size":"auto","background-attachment":"scroll","background-type":"","background-media":"","overlay-type":"","overlay-color":"","overlay-gradient":""},"tablet":{"background-color":"var(--ast-global-color-5)","background-image":"","background-repeat":"repeat","background-position":"center center","background-size":"auto","background-attachment":"scroll","background-type":"","background-media":"","overlay-type":"","overlay-color":"","overlay-gradient":""},"mobile":{"background-color":"var(--ast-global-color-5)","background-image":"","background-repeat":"repeat","background-position":"center center","background-size":"auto","background-attachment":"scroll","background-type":"","background-media":"","overlay-type":"","overlay-color":"","overlay-gradient":""}},"footnotes":""},"categories":[2825,8846],"tags":[64013,40681,26334,10541,150018,23501],"class_list":["post-68307","post","type-post","status-publish","format-standard","hentry","category-organizacion-industrial-y-sector-publico","category-oviedo","tag-alberto-benjamin-diez-gonzalez","tag-javier-gomez-aleixandre-fernandez","tag-jose-carlos-lavandero-gonzalez","tag-luis-ignacio-eguiluz-moran","tag-nicolas-barbon-alvarez","tag-roberto-diaz-carril"],"_links":{"self":[{"href":"https:\/\/www.deberes.net\/tesis\/wp-json\/wp\/v2\/posts\/68307","targetHints":{"allow":["GET"]}}],"collection":[{"href":"https:\/\/www.deberes.net\/tesis\/wp-json\/wp\/v2\/posts"}],"about":[{"href":"https:\/\/www.deberes.net\/tesis\/wp-json\/wp\/v2\/types\/post"}],"author":[{"embeddable":true,"href":"https:\/\/www.deberes.net\/tesis\/wp-json\/wp\/v2\/users\/1"}],"replies":[{"embeddable":true,"href":"https:\/\/www.deberes.net\/tesis\/wp-json\/wp\/v2\/comments?post=68307"}],"version-history":[{"count":0,"href":"https:\/\/www.deberes.net\/tesis\/wp-json\/wp\/v2\/posts\/68307\/revisions"}],"wp:attachment":[{"href":"https:\/\/www.deberes.net\/tesis\/wp-json\/wp\/v2\/media?parent=68307"}],"wp:term":[{"taxonomy":"category","embeddable":true,"href":"https:\/\/www.deberes.net\/tesis\/wp-json\/wp\/v2\/categories?post=68307"},{"taxonomy":"post_tag","embeddable":true,"href":"https:\/\/www.deberes.net\/tesis\/wp-json\/wp\/v2\/tags?post=68307"}],"curies":[{"name":"wp","href":"https:\/\/api.w.org\/{rel}","templated":true}]}}