{"id":68384,"date":"2008-01-12T00:00:00","date_gmt":"2008-01-12T00:00:00","guid":{"rendered":"https:\/\/www.deberes.net\/tesis\/sin-categoria\/la-funcion-de-los-centros-tecnologicos-en-el-sistema-de-innovacion-el-caso-de-la-comunidad-autonoma-del-pais-vasco\/"},"modified":"2008-01-12T00:00:00","modified_gmt":"2008-01-12T00:00:00","slug":"la-funcion-de-los-centros-tecnologicos-en-el-sistema-de-innovacion-el-caso-de-la-comunidad-autonoma-del-pais-vasco","status":"publish","type":"post","link":"https:\/\/www.deberes.net\/tesis\/innovacion-tecnologica\/la-funcion-de-los-centros-tecnologicos-en-el-sistema-de-innovacion-el-caso-de-la-comunidad-autonoma-del-pais-vasco\/","title":{"rendered":"La funcion de los centros tecnologicos en el sistema de innovacion: el caso de la comunidad autonoma del pais vasco"},"content":{"rendered":"<h2>Tesis doctoral de <strong> Fidel Garcia Vazquez <\/strong><\/h2>\n<p>La red de centros tecnol\u00f3gicos de la comunidad aut\u00f3noma del pa\u00eds vasco desempe\u00f1a un papel central en el desarrollo tecnol\u00f3gico a nivel local. Sin embargo, en la actualidad su funci\u00f3n se encuentra sujeta a crecientes tensiones entre las necesidades de la competencia global de los mercados tecnol\u00f3gicos a la que se ven sometidos para capacitarse y financiarse, y el servicio local inherente a su propio rol social asimilado. en la presente teis, asumimos el an\u00e1lisis del comportamiento de los centros tecnol\u00f3gicos frente a este reto operativo y funcional, tanto a nivel intraorganizativo (procesos de construcci\u00f3n soical de sentidos respecto de su propia identidad y gesti\u00f3n como actor tecnol\u00f3gico) como a nivel supraorganizativo (alineaci\u00f3n de intereses y estrategias con los principales agentes del sistema vasco de innovaci\u00f3n).<\/p>\n<p>&nbsp;<\/p>\n<h3>Datos acad\u00e9micos de la tesis doctoral \u00ab<strong>La funcion de los centros tecnologicos en el sistema de innovacion: el caso de la comunidad autonoma del pais vasco<\/strong>\u00ab<\/h3>\n<ul>\n<li><strong>T\u00edtulo de la tesis:<\/strong>\u00a0 La funcion de los centros tecnologicos en el sistema de innovacion: el caso de la comunidad autonoma del pais vasco <\/li>\n<li><strong>Autor:<\/strong>\u00a0 Fidel Garcia Vazquez <\/li>\n<li><strong>Universidad:<\/strong>\u00a0 Pa\u00eds vasco\/euskal herriko unibertsitatea<\/li>\n<li><strong>Fecha de lectura de la tesis:<\/strong>\u00a0 01\/12\/2008<\/li>\n<\/ul>\n<p>&nbsp;<\/p>\n<h3>Direcci\u00f3n y tribunal<\/h3>\n<ul>\n<li><strong>Director de la tesis<\/strong>\n<ul>\n<li>Mikel Olazaran Rodriguez<\/li>\n<\/ul>\n<\/li>\n<li><strong>Tribunal<\/strong>\n<ul>\n<li>Presidente del tribunal: victor Urrutia abaigar <\/li>\n<li>jon Barrutia guenaga (vocal)<\/li>\n<li>teresa Gonzalez de la fe (vocal)<\/li>\n<li>rodolfo Gutierrez palacios (vocal)<\/li>\n<\/ul>\n<\/li>\n<\/ul>\n<p>&nbsp;<\/p>\n","protected":false},"excerpt":{"rendered":"<p>Tesis doctoral de Fidel Garcia Vazquez La red de centros tecnol\u00f3gicos de la comunidad aut\u00f3noma del pa\u00eds vasco desempe\u00f1a un [&hellip;]<\/p>\n","protected":false},"author":1,"featured_media":0,"comment_status":"open","ping_status":"open","sticky":false,"template":"","format":"standard","meta":{"site-sidebar-layout":"default","site-content-layout":"","ast-site-content-layout":"","site-content-style":"default","site-sidebar-style":"default","ast-global-header-display":"","ast-banner-title-visibility":"","ast-main-header-display":"","ast-hfb-above-header-display":"","ast-hfb-below-header-display":"","ast-hfb-mobile-header-display":"","site-post-title":"","ast-breadcrumbs-content":"","ast-featured-img":"","footer-sml-layout":"","theme-transparent-header-meta":"","adv-header-id-meta":"","stick-header-meta":"","header-above-stick-meta":"","header-main-stick-meta":"","header-below-stick-meta":"","astra-migrate-meta-layouts":"default","ast-page-background-enabled":"default","ast-page-background-meta":{"desktop":{"background-color":"var(--ast-global-color-4)","background-image":"","background-repeat":"repeat","background-position":"center center","background-size":"auto","background-attachment":"scroll","background-type":"","background-media":"","overlay-type":"","overlay-color":"","overlay-gradient":""},"tablet":{"background-color":"","background-image":"","background-repeat":"repeat","background-position":"center center","background-size":"auto","background-attachment":"scroll","background-type":"","background-media":"","overlay-type":"","overlay-color":"","overlay-gradient":""},"mobile":{"background-color":"","background-image":"","background-repeat":"repeat","background-position":"center center","background-size":"auto","background-attachment":"scroll","background-type":"","background-media":"","overlay-type":"","overlay-color":"","overlay-gradient":""}},"ast-content-background-meta":{"desktop":{"background-color":"var(--ast-global-color-5)","background-image":"","background-repeat":"repeat","background-position":"center center","background-size":"auto","background-attachment":"scroll","background-type":"","background-media":"","overlay-type":"","overlay-color":"","overlay-gradient":""},"tablet":{"background-color":"var(--ast-global-color-5)","background-image":"","background-repeat":"repeat","background-position":"center center","background-size":"auto","background-attachment":"scroll","background-type":"","background-media":"","overlay-type":"","overlay-color":"","overlay-gradient":""},"mobile":{"background-color":"var(--ast-global-color-5)","background-image":"","background-repeat":"repeat","background-position":"center center","background-size":"auto","background-attachment":"scroll","background-type":"","background-media":"","overlay-type":"","overlay-color":"","overlay-gradient":""}},"footnotes":""},"categories":[991,12909,14126],"tags":[150172,47396,53857,22046,150173,5471],"class_list":["post-68384","post","type-post","status-publish","format-standard","hentry","category-innovacion-tecnologica","category-pais-vasco-euskal-herriko-unibertsitatea","category-tecnologia-y-cambio-social","tag-fidel-garcia-vazquez","tag-jon-barrutia-guenaga","tag-mikel-olazaran-rodriguez","tag-rodolfo-gutierrez-palacios","tag-teresa-gonzalez-de-la-fe","tag-victor-urrutia-abaigar"],"_links":{"self":[{"href":"https:\/\/www.deberes.net\/tesis\/wp-json\/wp\/v2\/posts\/68384","targetHints":{"allow":["GET"]}}],"collection":[{"href":"https:\/\/www.deberes.net\/tesis\/wp-json\/wp\/v2\/posts"}],"about":[{"href":"https:\/\/www.deberes.net\/tesis\/wp-json\/wp\/v2\/types\/post"}],"author":[{"embeddable":true,"href":"https:\/\/www.deberes.net\/tesis\/wp-json\/wp\/v2\/users\/1"}],"replies":[{"embeddable":true,"href":"https:\/\/www.deberes.net\/tesis\/wp-json\/wp\/v2\/comments?post=68384"}],"version-history":[{"count":0,"href":"https:\/\/www.deberes.net\/tesis\/wp-json\/wp\/v2\/posts\/68384\/revisions"}],"wp:attachment":[{"href":"https:\/\/www.deberes.net\/tesis\/wp-json\/wp\/v2\/media?parent=68384"}],"wp:term":[{"taxonomy":"category","embeddable":true,"href":"https:\/\/www.deberes.net\/tesis\/wp-json\/wp\/v2\/categories?post=68384"},{"taxonomy":"post_tag","embeddable":true,"href":"https:\/\/www.deberes.net\/tesis\/wp-json\/wp\/v2\/tags?post=68384"}],"curies":[{"name":"wp","href":"https:\/\/api.w.org\/{rel}","templated":true}]}}