{"id":68387,"date":"2008-01-12T00:00:00","date_gmt":"2008-01-12T00:00:00","guid":{"rendered":"https:\/\/www.deberes.net\/tesis\/sin-categoria\/atribuciones-causales-en-contexto-deportivo-un-analisis-conceptual\/"},"modified":"2008-01-12T00:00:00","modified_gmt":"2008-01-12T00:00:00","slug":"atribuciones-causales-en-contexto-deportivo-un-analisis-conceptual","status":"publish","type":"post","link":"https:\/\/www.deberes.net\/tesis\/cordoba\/atribuciones-causales-en-contexto-deportivo-un-analisis-conceptual\/","title":{"rendered":"Atribuciones causales en contexto deportivo: un an\u00e1lisis conceptual"},"content":{"rendered":"<h2>Tesis doctoral de <strong> Paulo Jorge Pereira Malico De Sousa <\/strong><\/h2>\n<p>Los objetivos generales de este estudio consistieron en la determinaci\u00f3n de las autoatribuciones que atletas y entrenadores realizan para explicar las causas subyacentes a sus resultados m\u00e1s relevantes de siempre, en una l\u00f3gica de incidentes cr\u00edticos (mejor y peor resultados). los estudios i a vi, intentan aclarar los factores que, de entre un conjunto de antecedentes causales, determinan la naturaleza de las atribuciones. Las determinantes causales consideradas abarcan la influencia de la modalidad practicada, el nivel competitivo, las disposiciones de la personalidad, el an\u00e1lisis de las atribuciones en contexto transcultural y las diferencias de perspectiva entre atletas (actores) y entrenadores (observadores participantes). En lo que se refiere al modelo, las investigaciones tienen una matriz explicativa, del estilo causal-comparativo, pues pretendemos determinar los factores que explican el proceso atribucional. otro apartado de este trabajo &#8211; el estudio vii &#8211; sent\u00f3 en la consideraci\u00f3n de las respuestas emocionales del os atletas, inherentes al resultado alcanzado, como consecuencia de las atribuciones causales. En este \u00faltimo caso, se desarroll\u00f3 el trabajo con recurso a la metodolog\u00eda del an\u00e1lisis interpretativa fenomenol\u00f3gica (pa: interpretative phenomenological analysis) (smith, 1996; smith &#038; osbom, 2003). el problema que presentamos busca, por un lado, identificar que factores podr\u00e1n influenciar las atribuciones, considerando, a priori, un abanico de variables potencialmente predictoras de la causalidad y, por otro, cual el estilo de emociones experimentadas por los atletas pasado el alcance de los resultados m\u00e1s importantes de sus respectivas carreras deportivas. apoyados en el modelo atribucional de la motivaci\u00f3n y emoci\u00f3n, de weiner (1979, 1986), que explica el razonamiento causal a lo largo del as dimensiones del locus de causalidad, estabilidad y controlabilidad, encontramos datos que permiten destacar que las variables consideradas influencian la percepci\u00f3n de la causalidad de atletas y entrenadores, independientemente de los resultados se alcanzaren en situaciones de \u00e9xito o de fracaso deportivo. tales resultados son discutidos con fundamento en indicaciones provenientes del an\u00e1lisis cr\u00edtica a los modelos atribucionales, y en investigaciones anteriores hechas sobre esta tem\u00e1tica, en diversos contextos de realizaci\u00f3n. palabras clave: atribuciones causales; modelo atribucional de weiner (1979, 1986); \u00e9xito y fracaso deportivo; atletas, entrenadores<\/p>\n<p>&nbsp;<\/p>\n<h3>Datos acad\u00e9micos de la tesis doctoral \u00ab<strong>Atribuciones causales en contexto deportivo: un an\u00e1lisis conceptual<\/strong>\u00ab<\/h3>\n<ul>\n<li><strong>T\u00edtulo de la tesis:<\/strong>\u00a0 Atribuciones causales en contexto deportivo: un an\u00e1lisis conceptual <\/li>\n<li><strong>Autor:<\/strong>\u00a0 Paulo Jorge Pereira Malico De Sousa <\/li>\n<li><strong>Universidad:<\/strong>\u00a0 C\u00f3rdoba<\/li>\n<li><strong>Fecha de lectura de la tesis:<\/strong>\u00a0 01\/12\/2008<\/li>\n<\/ul>\n<p>&nbsp;<\/p>\n<h3>Direcci\u00f3n y tribunal<\/h3>\n<ul>\n<li><strong>Director de la tesis<\/strong>\n<ul>\n<li>Jos\u00e9 Luis Lancho Alonso<\/li>\n<\/ul>\n<\/li>\n<li><strong>Tribunal<\/strong>\n<ul>\n<li>Presidente del tribunal: Antonio Medina le\u00f3n <\/li>\n<li>Jos\u00e9 augusto Marinho alves (vocal)<\/li>\n<li>sidonio oliverio da Costa serpa (vocal)<\/li>\n<li>enrique Hernando barrio (vocal)<\/li>\n<\/ul>\n<\/li>\n<\/ul>\n<p>&nbsp;<\/p>\n","protected":false},"excerpt":{"rendered":"<p>Tesis doctoral de Paulo Jorge Pereira Malico De Sousa Los objetivos generales de este estudio consistieron en la determinaci\u00f3n de [&hellip;]<\/p>\n","protected":false},"author":1,"featured_media":0,"comment_status":"open","ping_status":"open","sticky":false,"template":"","format":"standard","meta":{"site-sidebar-layout":"default","site-content-layout":"","ast-site-content-layout":"","site-content-style":"default","site-sidebar-style":"default","ast-global-header-display":"","ast-banner-title-visibility":"","ast-main-header-display":"","ast-hfb-above-header-display":"","ast-hfb-below-header-display":"","ast-hfb-mobile-header-display":"","site-post-title":"","ast-breadcrumbs-content":"","ast-featured-img":"","footer-sml-layout":"","theme-transparent-header-meta":"","adv-header-id-meta":"","stick-header-meta":"","header-above-stick-meta":"","header-main-stick-meta":"","header-below-stick-meta":"","astra-migrate-meta-layouts":"default","ast-page-background-enabled":"default","ast-page-background-meta":{"desktop":{"background-color":"var(--ast-global-color-4)","background-image":"","background-repeat":"repeat","background-position":"center center","background-size":"auto","background-attachment":"scroll","background-type":"","background-media":"","overlay-type":"","overlay-color":"","overlay-gradient":""},"tablet":{"background-color":"","background-image":"","background-repeat":"repeat","background-position":"center center","background-size":"auto","background-attachment":"scroll","background-type":"","background-media":"","overlay-type":"","overlay-color":"","overlay-gradient":""},"mobile":{"background-color":"","background-image":"","background-repeat":"repeat","background-position":"center center","background-size":"auto","background-attachment":"scroll","background-type":"","background-media":"","overlay-type":"","overlay-color":"","overlay-gradient":""}},"ast-content-background-meta":{"desktop":{"background-color":"var(--ast-global-color-5)","background-image":"","background-repeat":"repeat","background-position":"center center","background-size":"auto","background-attachment":"scroll","background-type":"","background-media":"","overlay-type":"","overlay-color":"","overlay-gradient":""},"tablet":{"background-color":"var(--ast-global-color-5)","background-image":"","background-repeat":"repeat","background-position":"center center","background-size":"auto","background-attachment":"scroll","background-type":"","background-media":"","overlay-type":"","overlay-color":"","overlay-gradient":""},"mobile":{"background-color":"var(--ast-global-color-5)","background-image":"","background-repeat":"repeat","background-position":"center center","background-size":"auto","background-attachment":"scroll","background-type":"","background-media":"","overlay-type":"","overlay-color":"","overlay-gradient":""}},"footnotes":""},"categories":[7757,973,8178,1393,10512],"tags":[2334,150181,150179,2010,150178,150180],"class_list":["post-68387","post","type-post","status-publish","format-standard","hentry","category-actitudes-sociales","category-cordoba","category-interaccion-de-grupos","category-nivel-cultural-y-personalidad","category-percepciones-y-movimientos-sociales","tag-antonio-medina-leon","tag-enrique-hernando-barrio","tag-jose-augusto-marinho-alves","tag-jose-luis-lancho-alonso","tag-paulo-jorge-pereira-malico-de-sousa","tag-sidonio-oliverio-da-costa-serpa"],"_links":{"self":[{"href":"https:\/\/www.deberes.net\/tesis\/wp-json\/wp\/v2\/posts\/68387","targetHints":{"allow":["GET"]}}],"collection":[{"href":"https:\/\/www.deberes.net\/tesis\/wp-json\/wp\/v2\/posts"}],"about":[{"href":"https:\/\/www.deberes.net\/tesis\/wp-json\/wp\/v2\/types\/post"}],"author":[{"embeddable":true,"href":"https:\/\/www.deberes.net\/tesis\/wp-json\/wp\/v2\/users\/1"}],"replies":[{"embeddable":true,"href":"https:\/\/www.deberes.net\/tesis\/wp-json\/wp\/v2\/comments?post=68387"}],"version-history":[{"count":0,"href":"https:\/\/www.deberes.net\/tesis\/wp-json\/wp\/v2\/posts\/68387\/revisions"}],"wp:attachment":[{"href":"https:\/\/www.deberes.net\/tesis\/wp-json\/wp\/v2\/media?parent=68387"}],"wp:term":[{"taxonomy":"category","embeddable":true,"href":"https:\/\/www.deberes.net\/tesis\/wp-json\/wp\/v2\/categories?post=68387"},{"taxonomy":"post_tag","embeddable":true,"href":"https:\/\/www.deberes.net\/tesis\/wp-json\/wp\/v2\/tags?post=68387"}],"curies":[{"name":"wp","href":"https:\/\/api.w.org\/{rel}","templated":true}]}}