{"id":68391,"date":"2008-01-12T00:00:00","date_gmt":"2008-01-12T00:00:00","guid":{"rendered":"https:\/\/www.deberes.net\/tesis\/sin-categoria\/evolucion-de-los-extremos-ha%c2%addricos-en-catalunya-en-los-ultimos-500-anos-y-su-modelizacion-regional\/"},"modified":"2008-01-12T00:00:00","modified_gmt":"2008-01-12T00:00:00","slug":"evolucion-de-los-extremos-ha%c2%addricos-en-catalunya-en-los-ultimos-500-anos-y-su-modelizacion-regional","status":"publish","type":"post","link":"https:\/\/www.deberes.net\/tesis\/meteorologia\/evolucion-de-los-extremos-ha%c2%addricos-en-catalunya-en-los-ultimos-500-anos-y-su-modelizacion-regional\/","title":{"rendered":"Evoluci\u00f3n de los extremos h\u00eddricos en catalunya en los \u00faltimos 500 a\u00f1os y su modelizaci\u00f3n regional"},"content":{"rendered":"<h2>Tesis doctoral de <strong> Antonio Barrera Escoda <\/strong><\/h2>\n<p>Esumen: el objetivo de la presente tesis doctoral es la caracterizaci\u00f3n de la evoluci\u00f3n temporal de los extremos h\u00eddricos (inundaciones y sequ\u00edas) y de la precipitaci\u00f3n en catalunya para un periodo temporal lo m\u00e1s largo posible. Se pretende con ello poner en perspectiva la situaci\u00f3n actual (\u00faltimos 30 a\u00f1os) as\u00ed como proporcionar un nivel de referencia para la variabilidad natural. El calentamiento global actual provocado por el incremento en la concentraci\u00f3n de geis provocar\u00e1 una alteraci\u00f3n del ciclo hidrol\u00f3gico y un cambio en las precipitaciones y en la ocurrencia de los extremos h\u00eddricos, siendo la zona mediterr\u00e1nea una de las reglones de la tierra m\u00e1s afectadas (ipcc, 2007). Varios estudios afirman que la precipitaci\u00f3n ya est\u00e1 disminuyendo en gran parte la pen\u00ednsula ib\u00e9rica, sobre todo en el sur y la zona mediterr\u00e1nea (esteban-para et al., 1998; romero et al., 1998; alpert et al., 2002; goodess y jones, 2002; paredes et al., 2006), pero la mayor\u00eda de estos estudios est\u00e1n basados bien en series muy cortas o bien en un n\u00famero peque\u00f1o de estaciones. Existen tambi\u00e9n argumentos din\u00e1micos para suponer que la precipitaci\u00f3n disminuir\u00e1 en las pr\u00f3ximas d\u00e9cadas en todos los cinturones subtropicales, incluyendo el mediterr\u00e1neo (ipcc, 2007). En esta tesis se ha analizado la evoluci\u00f3n de los extremos h\u00eddricos (principalmente inundaciones) en catalunya (1301-2005) a partir de diferentes tipos de informaci\u00f3n, que engloban desde informaci\u00f3n hist\u00f3rica procedente de archivos documentales y series instrumentales antiguas hasta modelos num\u00e9ricos de predicci\u00f3n. Tambi\u00e9n se han analizado la relaci\u00f3n entre las inundaciones y la precipitaci\u00f3n con la nao, la relaci\u00f3n entre inundaciones y precipitaci\u00f3n, as\u00ed como los tipos de tiempo o patrones de slp asociados a inundaciones para periodos hist\u00f3ricos de elevada ocurrencia de tales eventos. Finalmente se presentan los resultados de simulaciones regionalizadas a partir del modelo mm5 de la precipitaci\u00f3n y de los extremos h\u00eddricos recientes (\u00faltimos 30 a\u00f1os) y pasados (\u00faltimos 500 a\u00f1os). El an\u00e1lisis de todos los dalos e informaci\u00f3n utilizados permite concluir que la variabilidad observada los \u00faltimos 30 a\u00f1os, as\u00ed como durante el siglo xx, no es destacable respecto a otros per\u00edodos pasados an\u00f3malos en los que hubo una mayor variabilidad (gran ocurrencia de inundaciones y sequ\u00edas). Tampoco es destacable la variabilidad actual al analizar series pluviom\u00e9tricas largas, tanto de catalunya como del resto del estado espa\u00f1ol. En referencia a las tendencias presentadas por los extremos h\u00eddricos, hay que comentar la dificultad que presenta su an\u00e1lisis, ya que es f\u00e1cil confundir entre aumento de incidencia y aumento de vulnerabilidad. No se han encontrado tendencias destacables estad\u00edsticamente significativas para las inundaciones catastr\u00f3ficas, que al ser las producidas por los episodios meteorol\u00f3gicos m\u00e1s extremos, no est\u00e1n tan influenciadas por los cambios en la vulnerabilidad. En cambio, si que se ha producido un aumento de las inundaciones extraordinarias para los \u00faltimos 150 a\u00f1os aproximadamente (-1850-2005), aunque este aumento es debido en gran parte al incremento de la vulnerabilidad de la zona por la ocupaci\u00f3n de zonas inundables. Las series regionales de precipitaci\u00f3n areal analizadas no muestran una tendencia a largo plazo estad\u00edsticamente significativa durante el siglo xx para el conjunto de espa\u00f1a. Adem\u00e1s se ha observado que la tendencia es altamente dependiente de la longitud y periodo de estudio de la serie, llegando incluso a cambiar de signo. La relaci\u00f3n entre la nao y la precipitaci\u00f3n areal para el periodo 1898-1998 para el conjunto del estado espa\u00f1ol presenta una correlaci\u00f3n variable seg\u00fan la \u00e9poca del ano, siendo m\u00e1xima durante el invierno. Es interesante hacer notar que la correlaci\u00f3n nao-precipitaci\u00f3n no es estacionaria durante el periodo 1898-1998, siendo m\u00e1xima para los \u00faltimos 30 anos de las series consideradas. Las correlaciones aqu\u00ed encontradas son superiores que las obtenidas en trabajos anteriores por otros autores. Por otro lado, la relaci\u00f3n de las inundaciones con \u00edndices de circulaci\u00f3n, como la nao, muestra una correlaci\u00f3n d\u00e9bil. Por lo tanto es descartable una relaci\u00f3n directa entre ambas variables. Tambi\u00e9n es d\u00e9bil la relaci\u00f3n directa entre inundaciones en catalunya y la actividad solar. Las simulaciones clim\u00e1ticas realizadas a partir del anidamiento y forzamiento del modelo mesoescalar mm5 a las condiciones de contorno de un modelo de circulaci\u00f3n general (downscaling o redimensionamiento din\u00e1mico) han mostrado la importancia de la resoluci\u00f3n espacial de los dominios de integraci\u00f3n para poder reproducir la distribuci\u00f3n espacial de la precipitaci\u00f3n en catalunya, sobre todo en reproducir el m\u00e1ximo pluviometr\u00edco que se observa en la zona ne de la misma. Sin embargo, para el an\u00e1lisis de la evoluci\u00f3n temporal de la precipitaci\u00f3n no existen diferencias a preciables entre diferentes resoluciones. Tambi\u00e9n han mostrado ser una buena t\u00e9cnica para reproducir los patrones espaciales de precipitaci\u00f3n (anual, semianual, primavera y verano), la evoluci\u00f3n de las anomal\u00edas medias anuales y la evoluci\u00f3n de variables derivadas de la precipitaci\u00f3n extrema (n\u00famero de d\u00edas con precipitaci\u00f3n > 50 mm) en comparaci\u00f3n con la evoluci\u00f3n de las inundaciones catastr\u00f3ficas en catalunya. Finalmente, en esta tesis a trav\u00e9s del an\u00e1lisis exhaustivo que se ha realizado a series de extremos h\u00eddricos y precipitaci\u00f3n con una gran extensi\u00f3n temporal, superior a la de muchos estudios anteriores, se puede concluir que los cambios previstos en la precipitaci\u00f3n debidos al incremento en la concentraci\u00f3n de geis a\u00fan no se han producido en catalunya ni en el resto del estado espa\u00f1ol.<\/p>\n<p>&nbsp;<\/p>\n<h3>Datos acad\u00e9micos de la tesis doctoral \u00ab<strong>Evoluci\u00f3n de los extremos h\u00eddricos en catalunya en los \u00faltimos 500 a\u00f1os y su modelizaci\u00f3n regional<\/strong>\u00ab<\/h3>\n<ul>\n<li><strong>T\u00edtulo de la tesis:<\/strong>\u00a0 Evoluci\u00f3n de los extremos h\u00eddricos en catalunya en los \u00faltimos 500 a\u00f1os y su modelizaci\u00f3n regional <\/li>\n<li><strong>Autor:<\/strong>\u00a0 Antonio Barrera Escoda <\/li>\n<li><strong>Universidad:<\/strong>\u00a0 Barcelona<\/li>\n<li><strong>Fecha de lectura de la tesis:<\/strong>\u00a0 01\/12\/2008<\/li>\n<\/ul>\n<p>&nbsp;<\/p>\n<h3>Direcci\u00f3n y tribunal<\/h3>\n<ul>\n<li><strong>Director de la tesis<\/strong>\n<ul>\n<li>Mar\u00eda  Del Carmen Llasat Botija<\/li>\n<\/ul>\n<\/li>\n<li><strong>Tribunal<\/strong>\n<ul>\n<li>Presidente del tribunal: jeronimo Lorente castello <\/li>\n<li>m. belen Rodriguez de fonseca (vocal)<\/li>\n<li>Luis Garrote de marcos (vocal)<\/li>\n<li>jon Saenz aguirre (vocal)<\/li>\n<\/ul>\n<\/li>\n<\/ul>\n<p>&nbsp;<\/p>\n","protected":false},"excerpt":{"rendered":"<p>Tesis doctoral de Antonio Barrera Escoda Esumen: el objetivo de la presente tesis doctoral es la caracterizaci\u00f3n de la evoluci\u00f3n [&hellip;]<\/p>\n","protected":false},"author":1,"featured_media":0,"comment_status":"open","ping_status":"open","sticky":false,"template":"","format":"standard","meta":{"site-sidebar-layout":"default","site-content-layout":"","ast-site-content-layout":"","site-content-style":"default","site-sidebar-style":"default","ast-global-header-display":"","ast-banner-title-visibility":"","ast-main-header-display":"","ast-hfb-above-header-display":"","ast-hfb-below-header-display":"","ast-hfb-mobile-header-display":"","site-post-title":"","ast-breadcrumbs-content":"","ast-featured-img":"","footer-sml-layout":"","theme-transparent-header-meta":"","adv-header-id-meta":"","stick-header-meta":"","header-above-stick-meta":"","header-main-stick-meta":"","header-below-stick-meta":"","astra-migrate-meta-layouts":"default","ast-page-background-enabled":"default","ast-page-background-meta":{"desktop":{"background-color":"var(--ast-global-color-4)","background-image":"","background-repeat":"repeat","background-position":"center center","background-size":"auto","background-attachment":"scroll","background-type":"","background-media":"","overlay-type":"","overlay-color":"","overlay-gradient":""},"tablet":{"background-color":"","background-image":"","background-repeat":"repeat","background-position":"center center","background-size":"auto","background-attachment":"scroll","background-type":"","background-media":"","overlay-type":"","overlay-color":"","overlay-gradient":""},"mobile":{"background-color":"","background-image":"","background-repeat":"repeat","background-position":"center center","background-size":"auto","background-attachment":"scroll","background-type":"","background-media":"","overlay-type":"","overlay-color":"","overlay-gradient":""}},"ast-content-background-meta":{"desktop":{"background-color":"var(--ast-global-color-5)","background-image":"","background-repeat":"repeat","background-position":"center center","background-size":"auto","background-attachment":"scroll","background-type":"","background-media":"","overlay-type":"","overlay-color":"","overlay-gradient":""},"tablet":{"background-color":"var(--ast-global-color-5)","background-image":"","background-repeat":"repeat","background-position":"center center","background-size":"auto","background-attachment":"scroll","background-type":"","background-media":"","overlay-type":"","overlay-color":"","overlay-gradient":""},"mobile":{"background-color":"var(--ast-global-color-5)","background-image":"","background-repeat":"repeat","background-position":"center center","background-size":"auto","background-attachment":"scroll","background-type":"","background-media":"","overlay-type":"","overlay-color":"","overlay-gradient":""}},"footnotes":""},"categories":[951,4329,429],"tags":[150188,4332,80537,60042,145846,47598],"class_list":["post-68391","post","type-post","status-publish","format-standard","hentry","category-barcelona","category-climatologia","category-meteorologia","tag-antonio-barrera-escoda","tag-jeronimo-lorente-castello","tag-jon-saenz-aguirre","tag-luis-garrote-de-marcos","tag-m-belen-rodriguez-de-fonseca","tag-maria-del-carmen-llasat-botija"],"_links":{"self":[{"href":"https:\/\/www.deberes.net\/tesis\/wp-json\/wp\/v2\/posts\/68391","targetHints":{"allow":["GET"]}}],"collection":[{"href":"https:\/\/www.deberes.net\/tesis\/wp-json\/wp\/v2\/posts"}],"about":[{"href":"https:\/\/www.deberes.net\/tesis\/wp-json\/wp\/v2\/types\/post"}],"author":[{"embeddable":true,"href":"https:\/\/www.deberes.net\/tesis\/wp-json\/wp\/v2\/users\/1"}],"replies":[{"embeddable":true,"href":"https:\/\/www.deberes.net\/tesis\/wp-json\/wp\/v2\/comments?post=68391"}],"version-history":[{"count":0,"href":"https:\/\/www.deberes.net\/tesis\/wp-json\/wp\/v2\/posts\/68391\/revisions"}],"wp:attachment":[{"href":"https:\/\/www.deberes.net\/tesis\/wp-json\/wp\/v2\/media?parent=68391"}],"wp:term":[{"taxonomy":"category","embeddable":true,"href":"https:\/\/www.deberes.net\/tesis\/wp-json\/wp\/v2\/categories?post=68391"},{"taxonomy":"post_tag","embeddable":true,"href":"https:\/\/www.deberes.net\/tesis\/wp-json\/wp\/v2\/tags?post=68391"}],"curies":[{"name":"wp","href":"https:\/\/api.w.org\/{rel}","templated":true}]}}