{"id":68400,"date":"2008-02-12T00:00:00","date_gmt":"2008-02-12T00:00:00","guid":{"rendered":"https:\/\/www.deberes.net\/tesis\/sin-categoria\/la-inmigracion-reciente-en-espana-y-la-cobertura-informativa-de-este-fenomeno-en-la-prensa-espanola\/"},"modified":"2008-02-12T00:00:00","modified_gmt":"2008-02-12T00:00:00","slug":"la-inmigracion-reciente-en-espana-y-la-cobertura-informativa-de-este-fenomeno-en-la-prensa-espanola","status":"publish","type":"post","link":"https:\/\/www.deberes.net\/tesis\/opinion-publica\/la-inmigracion-reciente-en-espana-y-la-cobertura-informativa-de-este-fenomeno-en-la-prensa-espanola\/","title":{"rendered":"La inmigraci\u00f3n reciente en espa\u00f1a y la cobertura informativa de este fen\u00f3meno en la prensa espa\u00f1ola."},"content":{"rendered":"<h2>Tesis doctoral de <strong> Patricia Lafuente P\u00e9rez <\/strong><\/h2>\n<p>La inmigraci\u00f3n reciente en espa\u00f1a y la cobertura informativa de este fen\u00f3meno en la prensa espa\u00f1ola patricia lafuente p\u00e9rez facultad de comunicaci\u00f3n, universidad de navarra (espa\u00f1a), 2008  esta investigaci\u00f3n examina la cobertura informativa de la inmigraci\u00f3n en los principales diarios espa\u00f1oles  durante tres a\u00f1os. El trabajo se divide cuatro bloques. El primero describe el fen\u00f3meno de las migraciones. El segundo es el marco te\u00f3rico para el an\u00e1lisis de contenido. El tercero, el fundamento metodol\u00f3gico de la investigaci\u00f3n. El cuarto expone los resultados del trabajo de campo.   utilizando la metodolog\u00eda de an\u00e1lisis de contenido, se  han codificado 4.895 informaciones. En ellas se ha detectado que es muy frecuente que los diarios muestren a los inmigrantes en situaciones negativas para el conjunto de la sociedad espa\u00f1ola. Los datos obtenidos han revelado que este asunto es considerado como una cuesti\u00f3n social relevante y  es un elemento constante en la agenda tem\u00e1tica de estos diarios.  el an\u00e1lisis diacr\u00f3nico ha permitido detectar la periodicidad con la que se emiten los mensajes sobre inmigraci\u00f3n. La cobertura informativa se caracteriza por la publicaci\u00f3n casi diaria de noticias, interrumpida con varios picos de m\u00e1xima atenci\u00f3n. Sin embargo, los intervalos de cl\u00edmax y descensos en la atenci\u00f3n hacia la inmigraci\u00f3n no son siempre coincidentes, pues, tanto los factores ex\u00f3genos como los end\u00f3genos a los medios ejercen su influencia en este primer nivel de la cobertura informativa. la dimensi\u00f3n cognoscitiva como afectiva est\u00e1 presente en la cobertura informativa, pues los diarios no se limitan a comunicar hechos. Se han detectado juicios de valor claros sobre el fen\u00f3meno migratorio y sobre de la pol\u00edtica de extranjer\u00eda. La actitud hacia la inmigraci\u00f3n  depende claramente del diario.<\/p>\n<p>&nbsp;<\/p>\n<h3>Datos acad\u00e9micos de la tesis doctoral \u00ab<strong>La inmigraci\u00f3n reciente en espa\u00f1a y la cobertura informativa de este fen\u00f3meno en la prensa espa\u00f1ola.<\/strong>\u00ab<\/h3>\n<ul>\n<li><strong>T\u00edtulo de la tesis:<\/strong>\u00a0 La inmigraci\u00f3n reciente en espa\u00f1a y la cobertura informativa de este fen\u00f3meno en la prensa espa\u00f1ola. <\/li>\n<li><strong>Autor:<\/strong>\u00a0 Patricia Lafuente P\u00e9rez <\/li>\n<li><strong>Universidad:<\/strong>\u00a0 Navarra<\/li>\n<li><strong>Fecha de lectura de la tesis:<\/strong>\u00a0 02\/12\/2008<\/li>\n<\/ul>\n<p>&nbsp;<\/p>\n<h3>Direcci\u00f3n y tribunal<\/h3>\n<ul>\n<li><strong>Director de la tesis<\/strong>\n<ul>\n<li>Alejandro Navas Garcia<\/li>\n<\/ul>\n<\/li>\n<li><strong>Tribunal<\/strong>\n<ul>\n<li>Presidente del tribunal: Jos\u00e9 javier Sanchez aranda <\/li>\n<li>nicol\u00e1s Lorite Garc\u00eda (vocal)<\/li>\n<li>Juan  de dios Ruano g\u00f3mez (vocal)<\/li>\n<li>Jos\u00e9 Mar\u00eda Garcia blanco (vocal)<\/li>\n<\/ul>\n<\/li>\n<\/ul>\n<p>&nbsp;<\/p>\n","protected":false},"excerpt":{"rendered":"<p>Tesis doctoral de Patricia Lafuente P\u00e9rez La inmigraci\u00f3n reciente en espa\u00f1a y la cobertura informativa de este fen\u00f3meno en la [&hellip;]<\/p>\n","protected":false},"author":1,"featured_media":0,"comment_status":"open","ping_status":"open","sticky":false,"template":"","format":"standard","meta":{"site-sidebar-layout":"default","site-content-layout":"","ast-site-content-layout":"","site-content-style":"default","site-sidebar-style":"default","ast-global-header-display":"","ast-banner-title-visibility":"","ast-main-header-display":"","ast-hfb-above-header-display":"","ast-hfb-below-header-display":"","ast-hfb-mobile-header-display":"","site-post-title":"","ast-breadcrumbs-content":"","ast-featured-img":"","footer-sml-layout":"","theme-transparent-header-meta":"","adv-header-id-meta":"","stick-header-meta":"","header-above-stick-meta":"","header-main-stick-meta":"","header-below-stick-meta":"","astra-migrate-meta-layouts":"default","ast-page-background-enabled":"default","ast-page-background-meta":{"desktop":{"background-color":"var(--ast-global-color-4)","background-image":"","background-repeat":"repeat","background-position":"center center","background-size":"auto","background-attachment":"scroll","background-type":"","background-media":"","overlay-type":"","overlay-color":"","overlay-gradient":""},"tablet":{"background-color":"","background-image":"","background-repeat":"repeat","background-position":"center center","background-size":"auto","background-attachment":"scroll","background-type":"","background-media":"","overlay-type":"","overlay-color":"","overlay-gradient":""},"mobile":{"background-color":"","background-image":"","background-repeat":"repeat","background-position":"center center","background-size":"auto","background-attachment":"scroll","background-type":"","background-media":"","overlay-type":"","overlay-color":"","overlay-gradient":""}},"ast-content-background-meta":{"desktop":{"background-color":"var(--ast-global-color-5)","background-image":"","background-repeat":"repeat","background-position":"center center","background-size":"auto","background-attachment":"scroll","background-type":"","background-media":"","overlay-type":"","overlay-color":"","overlay-gradient":""},"tablet":{"background-color":"var(--ast-global-color-5)","background-image":"","background-repeat":"repeat","background-position":"center center","background-size":"auto","background-attachment":"scroll","background-type":"","background-media":"","overlay-type":"","overlay-color":"","overlay-gradient":""},"mobile":{"background-color":"var(--ast-global-color-5)","background-image":"","background-repeat":"repeat","background-position":"center center","background-size":"auto","background-attachment":"scroll","background-type":"","background-media":"","overlay-type":"","overlay-color":"","overlay-gradient":""}},"footnotes":""},"categories":[24102,5051,17749,4840,4841],"tags":[62680,23230,63753,150208,44656,150207],"class_list":["post-68400","post","type-post","status-publish","format-standard","hentry","category-informacion","category-medios-de-comunicacion-de-masas","category-navarra","category-opinion-publica","category-prensa","tag-alejandro-navas-garcia","tag-jose-javier-sanchez-aranda","tag-jose-maria-garcia-blanco","tag-juan-de-dios-ruano-gomez","tag-nicolas-lorite-garcia","tag-patricia-lafuente-perez"],"_links":{"self":[{"href":"https:\/\/www.deberes.net\/tesis\/wp-json\/wp\/v2\/posts\/68400","targetHints":{"allow":["GET"]}}],"collection":[{"href":"https:\/\/www.deberes.net\/tesis\/wp-json\/wp\/v2\/posts"}],"about":[{"href":"https:\/\/www.deberes.net\/tesis\/wp-json\/wp\/v2\/types\/post"}],"author":[{"embeddable":true,"href":"https:\/\/www.deberes.net\/tesis\/wp-json\/wp\/v2\/users\/1"}],"replies":[{"embeddable":true,"href":"https:\/\/www.deberes.net\/tesis\/wp-json\/wp\/v2\/comments?post=68400"}],"version-history":[{"count":0,"href":"https:\/\/www.deberes.net\/tesis\/wp-json\/wp\/v2\/posts\/68400\/revisions"}],"wp:attachment":[{"href":"https:\/\/www.deberes.net\/tesis\/wp-json\/wp\/v2\/media?parent=68400"}],"wp:term":[{"taxonomy":"category","embeddable":true,"href":"https:\/\/www.deberes.net\/tesis\/wp-json\/wp\/v2\/categories?post=68400"},{"taxonomy":"post_tag","embeddable":true,"href":"https:\/\/www.deberes.net\/tesis\/wp-json\/wp\/v2\/tags?post=68400"}],"curies":[{"name":"wp","href":"https:\/\/api.w.org\/{rel}","templated":true}]}}