{"id":68429,"date":"2008-03-12T00:00:00","date_gmt":"2008-03-12T00:00:00","guid":{"rendered":"https:\/\/www.deberes.net\/tesis\/sin-categoria\/el-concepto-de-persona-en-pedro-laa%c2%adn-entralgo\/"},"modified":"2008-03-12T00:00:00","modified_gmt":"2008-03-12T00:00:00","slug":"el-concepto-de-persona-en-pedro-laa%c2%adn-entralgo","status":"publish","type":"post","link":"https:\/\/www.deberes.net\/tesis\/historia-de-la-medicina\/el-concepto-de-persona-en-pedro-laa%c2%adn-entralgo\/","title":{"rendered":"El concepto de persona en pedro la\u00edn entralgo"},"content":{"rendered":"<h2>Tesis doctoral de <strong> Francisco Roger Garz\u00f3n <\/strong><\/h2>\n<p>El concepto de persona en pedro la\u00edn entralgo analiza la clave de la concepci\u00f3n antropol\u00f3gica que defiende pedro la\u00edn centr\u00e1ndose como enfoque preferente en el concepto de persona.  la antropolog\u00eda de p. La\u00edn ha tenido una evoluci\u00f3n y se caracteriza por dos grandes etapas que podemos denominar \u00abel primer la\u00edn\u00bb y \u00abel \u00faltimo la\u00edn\u00bb separadas ambas precisamente por la forma de concebir al hombre. \u00abEl \u00faltimo la\u00edn\u00bb entiende que el hombre es s\u00f3lo su cuerpo. Tal cambio de concepci\u00f3n es debido al paso de un dualismo (cuerpo y alma) a un monismo (solo cuerpo), lo cual afecta a su concepto de persona. Es un cambio importante y profundo que ha originado grandes debates. la preocupaci\u00f3n por la realidad del hombre y su estudio ha sido una constante en el pensamiento de p. La\u00edn (1908-2001). este trabajo est\u00e1 estructurado en los siguientes cap\u00edtulos: el pensamiento antropol\u00f3gico de p. La\u00edn; hacia el concepto de persona; teor\u00eda de la realidad de la persona; cuerpo y persona; persona y esperanza; las relaciones interpersonales; persona y amistad; una amistad entre dos personas; p. La\u00edn y don antonio rodilla; persona y literatura; persona y trascendencia; cronolog\u00eda de p. La\u00edn; obras; art\u00edculos; pr\u00f3logos; discursos; estudios sobre p. La\u00edn; el legado de p. La\u00edn; correspondencia; bibliograf\u00eda empleada en este trabajo; anexo fotogr\u00e1fico. el concepto de persona s\u00f3lo puede entenderse a trav\u00e9s de la evoluci\u00f3n del pensamiento lainiano con sus etapas denominadas: p\u00edstica, elp\u00eddica, f\u00edlica y corporalista. La etapa corporalista abarca de 1989 hasta 2001, en \u00e9sta, la persona, es concebida como una estructura suprema dentro de la evoluci\u00f3n del dinamismo c\u00f3smico. El paradigma antropol\u00f3gico lainiano tiene las siguientes notas: universal, personalista, din\u00e1mico y conductista. p. La\u00edn estudia a la persona seg\u00fan su ontog\u00e9nesis y seg\u00fan su filig\u00e9nesis. La gran influencia en la\u00edn, es xavier zubiri, con su idea de persona.  la amistad entre p. La\u00edn y don antonio rodilla, su director en el colegio mayor s. Juan de ribera de burjasot, ha sido una influencia decisiva para la formaci\u00f3n de p. La\u00edn, como persona y como intelectual. la reflexi\u00f3n antropol\u00f3gica lainiana se halla siempre en contacto con la cl\u00ednica, como lo indica su libro \u00abantropolog\u00eda m\u00e9dica para cl\u00ednicos\u00bb. las influencias en p. La\u00edn son en filosof\u00eda zubiri, ortega, unamuno, mar\u00edas, max scheler, dithey, heidegger, husserl, marcel merlo-ponty, levinas y en medicina viktor von weizs\u00ed\u00a4ker y ludolf von krehl.<\/p>\n<p>&nbsp;<\/p>\n<h3>Datos acad\u00e9micos de la tesis doctoral \u00ab<strong>El concepto de persona en pedro la\u00edn entralgo<\/strong>\u00ab<\/h3>\n<ul>\n<li><strong>T\u00edtulo de la tesis:<\/strong>\u00a0 El concepto de persona en pedro la\u00edn entralgo <\/li>\n<li><strong>Autor:<\/strong>\u00a0 Francisco Roger Garz\u00f3n <\/li>\n<li><strong>Universidad:<\/strong>\u00a0 Universitat de val\u00e9ncia (estudi general)<\/li>\n<li><strong>Fecha de lectura de la tesis:<\/strong>\u00a0 03\/12\/2008<\/li>\n<\/ul>\n<p>&nbsp;<\/p>\n<h3>Direcci\u00f3n y tribunal<\/h3>\n<ul>\n<li><strong>Director de la tesis<\/strong>\n<ul>\n<li>Jes\u00fas Marcial Conill Sancho<\/li>\n<\/ul>\n<\/li>\n<li><strong>Tribunal<\/strong>\n<ul>\n<li>Presidente del tribunal: diego Gracia guill\u00e9n <\/li>\n<li>Carlos Gener galbis (vocal)<\/li>\n<li>adela Cortina orts (vocal)<\/li>\n<li>salvador Cabedo  Manuel (vocal)<\/li>\n<\/ul>\n<\/li>\n<\/ul>\n<p>&nbsp;<\/p>\n","protected":false},"excerpt":{"rendered":"<p>Tesis doctoral de Francisco Roger Garz\u00f3n El concepto de persona en pedro la\u00edn entralgo analiza la clave de la concepci\u00f3n [&hellip;]<\/p>\n","protected":false},"author":1,"featured_media":0,"comment_status":"open","ping_status":"open","sticky":false,"template":"","format":"standard","meta":{"site-sidebar-layout":"default","site-content-layout":"","ast-site-content-layout":"","site-content-style":"default","site-sidebar-style":"default","ast-global-header-display":"","ast-banner-title-visibility":"","ast-main-header-display":"","ast-hfb-above-header-display":"","ast-hfb-below-header-display":"","ast-hfb-mobile-header-display":"","site-post-title":"","ast-breadcrumbs-content":"","ast-featured-img":"","footer-sml-layout":"","theme-transparent-header-meta":"","adv-header-id-meta":"","stick-header-meta":"","header-above-stick-meta":"","header-main-stick-meta":"","header-below-stick-meta":"","astra-migrate-meta-layouts":"default","ast-page-background-enabled":"default","ast-page-background-meta":{"desktop":{"background-color":"var(--ast-global-color-4)","background-image":"","background-repeat":"repeat","background-position":"center center","background-size":"auto","background-attachment":"scroll","background-type":"","background-media":"","overlay-type":"","overlay-color":"","overlay-gradient":""},"tablet":{"background-color":"","background-image":"","background-repeat":"repeat","background-position":"center center","background-size":"auto","background-attachment":"scroll","background-type":"","background-media":"","overlay-type":"","overlay-color":"","overlay-gradient":""},"mobile":{"background-color":"","background-image":"","background-repeat":"repeat","background-position":"center center","background-size":"auto","background-attachment":"scroll","background-type":"","background-media":"","overlay-type":"","overlay-color":"","overlay-gradient":""}},"ast-content-background-meta":{"desktop":{"background-color":"var(--ast-global-color-5)","background-image":"","background-repeat":"repeat","background-position":"center center","background-size":"auto","background-attachment":"scroll","background-type":"","background-media":"","overlay-type":"","overlay-color":"","overlay-gradient":""},"tablet":{"background-color":"var(--ast-global-color-5)","background-image":"","background-repeat":"repeat","background-position":"center center","background-size":"auto","background-attachment":"scroll","background-type":"","background-media":"","overlay-type":"","overlay-color":"","overlay-gradient":""},"mobile":{"background-color":"var(--ast-global-color-5)","background-image":"","background-repeat":"repeat","background-position":"center center","background-size":"auto","background-attachment":"scroll","background-type":"","background-media":"","overlay-type":"","overlay-color":"","overlay-gradient":""}},"footnotes":""},"categories":[681,8646,11777,221],"tags":[12012,119968,4600,150270,12440,32713],"class_list":["post-68429","post","type-post","status-publish","format-standard","hentry","category-antropologia","category-etica","category-filosofia-del-derecho","category-historia-de-la-medicina","tag-adela-cortina-orts","tag-carlos-gener-galbis","tag-diego-gracia-guillen","tag-francisco-roger-garzon","tag-jesus-marcial-conill-sancho","tag-salvador-cabedo-manuel"],"_links":{"self":[{"href":"https:\/\/www.deberes.net\/tesis\/wp-json\/wp\/v2\/posts\/68429","targetHints":{"allow":["GET"]}}],"collection":[{"href":"https:\/\/www.deberes.net\/tesis\/wp-json\/wp\/v2\/posts"}],"about":[{"href":"https:\/\/www.deberes.net\/tesis\/wp-json\/wp\/v2\/types\/post"}],"author":[{"embeddable":true,"href":"https:\/\/www.deberes.net\/tesis\/wp-json\/wp\/v2\/users\/1"}],"replies":[{"embeddable":true,"href":"https:\/\/www.deberes.net\/tesis\/wp-json\/wp\/v2\/comments?post=68429"}],"version-history":[{"count":0,"href":"https:\/\/www.deberes.net\/tesis\/wp-json\/wp\/v2\/posts\/68429\/revisions"}],"wp:attachment":[{"href":"https:\/\/www.deberes.net\/tesis\/wp-json\/wp\/v2\/media?parent=68429"}],"wp:term":[{"taxonomy":"category","embeddable":true,"href":"https:\/\/www.deberes.net\/tesis\/wp-json\/wp\/v2\/categories?post=68429"},{"taxonomy":"post_tag","embeddable":true,"href":"https:\/\/www.deberes.net\/tesis\/wp-json\/wp\/v2\/tags?post=68429"}],"curies":[{"name":"wp","href":"https:\/\/api.w.org\/{rel}","templated":true}]}}