{"id":68452,"date":"2008-04-12T00:00:00","date_gmt":"2008-04-12T00:00:00","guid":{"rendered":"https:\/\/www.deberes.net\/tesis\/sin-categoria\/la-implicacion-de-los-trabajadores-en-la\/"},"modified":"2008-04-12T00:00:00","modified_gmt":"2008-04-12T00:00:00","slug":"la-implicacion-de-los-trabajadores-en-la","status":"publish","type":"post","link":"https:\/\/www.deberes.net\/tesis\/ciencias-juridicas-y-derecho\/la-implicacion-de-los-trabajadores-en-la\/","title":{"rendered":"La implicaci\u00f3n de los trabajadores en la <<societas europaea>>"},"content":{"rendered":"<h2>Tesis doctoral de <strong> Fernando Luis Insa Ponce De Le\u00f3n <\/strong><\/h2>\n<p>El objeto de la presente tesis doctoral consiste en el an\u00e1lisis del r\u00e9gimen jur\u00eddico de implicaci\u00f3n de los trabajadores en el seno de la sociedad an\u00f3nima europea (<<societas europaea>>), contenido en la directiva 2001\/86\/ce y en la ley 31\/2006, de 18 de octubre, norma que procede a la transposici\u00f3n de la citada directiva al ordenamiento jur\u00eddico espa\u00f1ol. la sociedad europea (s.E.) Aparece como un tipo jur\u00eddico societario de derecho comunitario con el que se pretende resolver los problemas pr\u00e1cticos que conlleva la realizaci\u00f3n de operaciones transfronterizas en el \u00e1mbito territorial de la uni\u00f3n europea. Se configura como una opci\u00f3n m\u00e1s que se viene a sumar a los distintos tipos jur\u00eddicos ya existentes en las legislaciones de cada estado miembro de la uni\u00f3n europea. Ahora bien, si se opta voluntariamente por la constituci\u00f3n de una s.E. Debe existir obligatoriamente \u00abalguna forma de implicaci\u00f3n\u00bb de los trabajadores en la misma; siendo esta delicada cuesti\u00f3n lo que constituye el objeto central y esencial de la investigaci\u00f3n realizada. para ello, la tesis doctoral se estructura en tres grandes partes:  una parte primera, dedicada a la tem\u00e1tica de la \u00abparticipaci\u00f3n de los trabajadores en la empresa\u00bb, contexto general en el que se ubica el espec\u00edfico tema de esta tesis doctoral. una parte segunda centrada ya en el estudio exhaustivo y detallado de la \u00abimplicaci\u00f3n de los trabajadores en la sociedad an\u00f3nima europea\u00bb, cuyo an\u00e1lisis sistem\u00e1tico constituye el objetivo principal de la investigaci\u00f3n realizada. y, finalmente, una parte tercera, de s\u00edntesis y conclusiones, que ofrecer\u00e1 al lector las principales claves y reflexiones sobre el r\u00e9gimen jur\u00eddico de implicaci\u00f3n de los trabajadores en esta nueva figura empresarial de derecho comunitario que supone la <<societas europaea>><\/p>\n<p>&nbsp;<\/p>\n<h3>Datos acad\u00e9micos de la tesis doctoral \u00ab<strong>La implicaci\u00f3n de los trabajadores en la <<societas europaea>><\/strong>\u00ab<\/h3>\n<ul>\n<li><strong>T\u00edtulo de la tesis:<\/strong>\u00a0 La implicaci\u00f3n de los trabajadores en la <<societas europaea>> <\/li>\n<li><strong>Autor:<\/strong>\u00a0 Fernando Luis Insa Ponce De Le\u00f3n <\/li>\n<li><strong>Universidad:<\/strong>\u00a0 Universitat de val\u00e9ncia (estudi general)<\/li>\n<li><strong>Fecha de lectura de la tesis:<\/strong>\u00a0 04\/12\/2008<\/li>\n<\/ul>\n<p>&nbsp;<\/p>\n<h3>Direcci\u00f3n y tribunal<\/h3>\n<ul>\n<li><strong>Director de la tesis<\/strong>\n<ul>\n<li>Juan  Manuel Ramirez Martinez<\/li>\n<\/ul>\n<\/li>\n<li><strong>Tribunal<\/strong>\n<ul>\n<li>Presidente del tribunal: tom\u00e1s Sala franco <\/li>\n<li>Fernando Vald\u00e9s dal-r\u00e9 (vocal)<\/li>\n<li>Jos\u00e9 Luis Monereo perez (vocal)<\/li>\n<li>carmen Viqueira perez (vocal)<\/li>\n<\/ul>\n<\/li>\n<\/ul>\n<p>&nbsp;<\/p>\n","protected":false},"excerpt":{"rendered":"<p>Tesis doctoral de Fernando Luis Insa Ponce De Le\u00f3n El objeto de la presente tesis doctoral consiste en el an\u00e1lisis [&hellip;]<\/p>\n","protected":false},"author":1,"featured_media":0,"comment_status":"open","ping_status":"open","sticky":false,"template":"","format":"standard","meta":{"site-sidebar-layout":"default","site-content-layout":"","ast-site-content-layout":"","site-content-style":"default","site-sidebar-style":"default","ast-global-header-display":"","ast-banner-title-visibility":"","ast-main-header-display":"","ast-hfb-above-header-display":"","ast-hfb-below-header-display":"","ast-hfb-mobile-header-display":"","site-post-title":"","ast-breadcrumbs-content":"","ast-featured-img":"","footer-sml-layout":"","theme-transparent-header-meta":"","adv-header-id-meta":"","stick-header-meta":"","header-above-stick-meta":"","header-main-stick-meta":"","header-below-stick-meta":"","astra-migrate-meta-layouts":"default","ast-page-background-enabled":"default","ast-page-background-meta":{"desktop":{"background-color":"var(--ast-global-color-4)","background-image":"","background-repeat":"repeat","background-position":"center center","background-size":"auto","background-attachment":"scroll","background-type":"","background-media":"","overlay-type":"","overlay-color":"","overlay-gradient":""},"tablet":{"background-color":"","background-image":"","background-repeat":"repeat","background-position":"center center","background-size":"auto","background-attachment":"scroll","background-type":"","background-media":"","overlay-type":"","overlay-color":"","overlay-gradient":""},"mobile":{"background-color":"","background-image":"","background-repeat":"repeat","background-position":"center center","background-size":"auto","background-attachment":"scroll","background-type":"","background-media":"","overlay-type":"","overlay-color":"","overlay-gradient":""}},"ast-content-background-meta":{"desktop":{"background-color":"var(--ast-global-color-5)","background-image":"","background-repeat":"repeat","background-position":"center center","background-size":"auto","background-attachment":"scroll","background-type":"","background-media":"","overlay-type":"","overlay-color":"","overlay-gradient":""},"tablet":{"background-color":"var(--ast-global-color-5)","background-image":"","background-repeat":"repeat","background-position":"center center","background-size":"auto","background-attachment":"scroll","background-type":"","background-media":"","overlay-type":"","overlay-color":"","overlay-gradient":""},"mobile":{"background-color":"var(--ast-global-color-5)","background-image":"","background-repeat":"repeat","background-position":"center center","background-size":"auto","background-attachment":"scroll","background-type":"","background-media":"","overlay-type":"","overlay-color":"","overlay-gradient":""}},"footnotes":""},"categories":[612,2170],"tags":[130172,150307,4718,28783,22849,11488],"class_list":["post-68452","post","type-post","status-publish","format-standard","hentry","category-ciencias-juridicas-y-derecho","category-derecho-del-trabajo-y-de-la-seguridad-social","tag-carmen-viqueira-perez","tag-fernando-luis-insa-ponce-de-leon","tag-fernando-valdes-dal-re","tag-jose-luis-monereo-perez","tag-juan-manuel-ramirez-Martinez","tag-tomas-sala-franco"],"_links":{"self":[{"href":"https:\/\/www.deberes.net\/tesis\/wp-json\/wp\/v2\/posts\/68452","targetHints":{"allow":["GET"]}}],"collection":[{"href":"https:\/\/www.deberes.net\/tesis\/wp-json\/wp\/v2\/posts"}],"about":[{"href":"https:\/\/www.deberes.net\/tesis\/wp-json\/wp\/v2\/types\/post"}],"author":[{"embeddable":true,"href":"https:\/\/www.deberes.net\/tesis\/wp-json\/wp\/v2\/users\/1"}],"replies":[{"embeddable":true,"href":"https:\/\/www.deberes.net\/tesis\/wp-json\/wp\/v2\/comments?post=68452"}],"version-history":[{"count":0,"href":"https:\/\/www.deberes.net\/tesis\/wp-json\/wp\/v2\/posts\/68452\/revisions"}],"wp:attachment":[{"href":"https:\/\/www.deberes.net\/tesis\/wp-json\/wp\/v2\/media?parent=68452"}],"wp:term":[{"taxonomy":"category","embeddable":true,"href":"https:\/\/www.deberes.net\/tesis\/wp-json\/wp\/v2\/categories?post=68452"},{"taxonomy":"post_tag","embeddable":true,"href":"https:\/\/www.deberes.net\/tesis\/wp-json\/wp\/v2\/tags?post=68452"}],"curies":[{"name":"wp","href":"https:\/\/api.w.org\/{rel}","templated":true}]}}