{"id":68491,"date":"2008-05-12T00:00:00","date_gmt":"2008-05-12T00:00:00","guid":{"rendered":"https:\/\/www.deberes.net\/tesis\/sin-categoria\/leucoplasia-verrugosa-proliferativaestudio-en-32-casos\/"},"modified":"2008-05-12T00:00:00","modified_gmt":"2008-05-12T00:00:00","slug":"leucoplasia-verrugosa-proliferativaestudio-en-32-casos","status":"publish","type":"post","link":"https:\/\/www.deberes.net\/tesis\/medicina-interna\/leucoplasia-verrugosa-proliferativaestudio-en-32-casos\/","title":{"rendered":"Leucoplasia verrugosa proliferativa:estudio en 32 casos"},"content":{"rendered":"<h2>Tesis doctoral de <strong> Judith Murillo Cort\u00e9s <\/strong><\/h2>\n<p>Leucoplasia verrugosa proliferativa: estudio en 32 casos  realizada: judith murillo cort\u00e9s dirigida: prof.Dr. Jos\u00e9 vicente bag\u00e1n sebasti\u00e1n \t   dra. Yolanda jim\u00e9nez   la leucoplasia verrugosa proliferativa (lvp) es una forma especialmente agresiva de leucoplasia oral, de etiolog\u00eda desconocida y con unas caracter\u00edsticas cl\u00ednicas t\u00edpicas que la definen como una entidad diferente aparte del resto de leucoplasias orales. La edad media es mayor, la distribuci\u00f3n por sexos es diferente, as\u00ed como la localizaci\u00f3n y evoluci\u00f3n de las lesiones. La lvp  muestra una gran tendencia a recurrir tras el tratamiento y a desarrollar carcinomas. Estos carcinomas aparecen en muy baja frecuencia en las localizaciones t\u00edpicas afectadas en el carcinoma oral de c\u00e9lulas escamosas convencional, adem\u00e1s estos carcinomas desarrollados presentan menos agresividad. La alta proporci\u00f3n de cancerizaci\u00f3n de campo que existe en estos pacientes (>50% de los casos de lvp que desarrollan c\u00e1ncer posteriormente desarrollar\u00e1n segundos tumores primarios en diferentes zonas de la cavidad oral). Esto apoya la hip\u00f3tesis de un posible agente etiol\u00f3gico viral especialmente por el corto espacio de tiempo entre la aparici\u00f3n de los tumores en un mismo paciente.  los objetivos de nuestro estudio fueron analizar las caracter\u00edsticas cl\u00ednicas de un grupo de 32 pacientes con lvp, examinar su tendencia a recidivar tras el tratamiento y la tendencia a desarrollar c\u00e1ncer, estudiar las caracter\u00edsticas cl\u00ednicas del c\u00e1ncer en aquellos pacientes que desarrollaron carcinomas y detectar y tipificar en aquellos pacientes que desarrollaron c\u00e1ncer.  el material y m\u00e9todos consisti\u00f3 en un grupo de 32 pacientes con leucoplasia verrugosa proliferativa del servicio de estomatolog\u00eda del hospital general universitario de Valencia. Nosotros analizamos sus caracter\u00edsticas cl\u00ednicas, su evoluci\u00f3n, su tratamiento y la detecci\u00f3n y tipificaci\u00f3n de virus mediante el estudio biomolecular en aquellos pacientes que desarrollaron carcinomas.  en los resultados obtuvimos que la edad media de los pacientes era de 73\u00c2\u00bf03 a\u00f1os de edad, con una predilecci\u00f3n claramente por las mujeres (78\u00c2\u00bf1% mujeres: 21\u00c2\u00bf9% hombres). La proporci\u00f3n de no fumadores respecto a los fumadores era de 71\u00c2\u00bf87%: 28\u00c2\u00bf12%). Las \u00e1reas m\u00e1s afectadas por las lesiones de leucoplasia era la enc\u00eda inferior (81#3%) y la enc\u00eda superior ((71\u00c2\u00bf9%). El tipo cl\u00ednico m\u00e1s frecuente fue la leucoplasia homog\u00e9nea m\u00faltiple y la leucoplasia verrugosa en igual proporci\u00f3n (90\u00c2\u00bf6%). El 25 % de los pacientes desarrollaron un carcinoma  verrugoso y el 53\u00c2\u00bf1% un carcinoma oral de c\u00e9lulas escamosas a lo largo de su evoluci\u00f3n. La recidiva tras el tratamiento fue del 81\u00c2\u00bf3%, el 78\u00c2\u00bf1% en forma de leucoplasia, el 40\u00c2\u00bf6% en un carcinoma oral de c\u00e9lulas escamosas y un 15\u00c2\u00bf6% en forma de un carcinoma verrugoso. Detectamos virus de epstein-barr en un alto porcentaje de pacientes de leuucoplasia, en un 60%, subiendo la proporci\u00f3n a un 66% en aquellos pacientes de lvp que presentaban un carcinoma.  tras nuestro estudio llegamos a las siguientes conslusiones: la leucoplasia verruosa proliferativa es una entidad con predilecci\u00f3n femenina, en no fumadoras, con una edad media de unos 70 a\u00f1os. Es una enfermedad multifocal, siendo la localizaci\u00f3n m\u00e1s frecuente la enc\u00eda alveolar. La agresividad es debida a su alta tendencia a recurrir tras el tratamiento y a la elevada incidencia de c\u00e1ncer. El c\u00e1ncer se manifiesta con alta frecuencia en la enc\u00eda. Loa pacientes de lvp pueden desarrollar varios carcinomas, esto demuestra la alta proporci\u00f3n de cancerizaci\u00f3n de campo de esta entidad. A pesar de alta presencia de virus de epstein-barr en nuestros pacientes de lvp, no podemos decir que exista una evidencia del papel directo entre la infecci\u00f3n por el virus y la etiolog\u00eda de la enfermedad dabido a que el grupo de muestras esrudiado es peque\u00f1o y porque nos encontramos ante un epitelio con m\u00faltiples alteraciones durante un largo periodo de tiempo.<\/p>\n<p>&nbsp;<\/p>\n<h3>Datos acad\u00e9micos de la tesis doctoral \u00ab<strong>Leucoplasia verrugosa proliferativa:estudio en 32 casos<\/strong>\u00ab<\/h3>\n<ul>\n<li><strong>T\u00edtulo de la tesis:<\/strong>\u00a0 Leucoplasia verrugosa proliferativa:estudio en 32 casos <\/li>\n<li><strong>Autor:<\/strong>\u00a0 Judith Murillo Cort\u00e9s <\/li>\n<li><strong>Universidad:<\/strong>\u00a0 Universitat de val\u00e9ncia (estudi general)<\/li>\n<li><strong>Fecha de lectura de la tesis:<\/strong>\u00a0 05\/12\/2008<\/li>\n<\/ul>\n<p>&nbsp;<\/p>\n<h3>Direcci\u00f3n y tribunal<\/h3>\n<ul>\n<li><strong>Director de la tesis<\/strong>\n<ul>\n<li>Jos\u00e9 Vicente Bagan Sebastian<\/li>\n<\/ul>\n<\/li>\n<li><strong>Tribunal<\/strong>\n<ul>\n<li>Presidente del tribunal: Miguel Pe\u00f1arrocha diago <\/li>\n<li>Elena Sanchez fernandez (vocal)<\/li>\n<li>alejandro Ceballos salobre\u00f1a (vocal)<\/li>\n<li>Juan Seoane leston (vocal)<\/li>\n<\/ul>\n<\/li>\n<\/ul>\n<p>&nbsp;<\/p>\n","protected":false},"excerpt":{"rendered":"<p>Tesis doctoral de Judith Murillo Cort\u00e9s Leucoplasia verrugosa proliferativa: estudio en 32 casos realizada: judith murillo cort\u00e9s dirigida: prof.Dr. Jos\u00e9 [&hellip;]<\/p>\n","protected":false},"author":1,"featured_media":0,"comment_status":"open","ping_status":"open","sticky":false,"template":"","format":"standard","meta":{"site-sidebar-layout":"default","site-content-layout":"","ast-site-content-layout":"","site-content-style":"default","site-sidebar-style":"default","ast-global-header-display":"","ast-banner-title-visibility":"","ast-main-header-display":"","ast-hfb-above-header-display":"","ast-hfb-below-header-display":"","ast-hfb-mobile-header-display":"","site-post-title":"","ast-breadcrumbs-content":"","ast-featured-img":"","footer-sml-layout":"","theme-transparent-header-meta":"","adv-header-id-meta":"","stick-header-meta":"","header-above-stick-meta":"","header-main-stick-meta":"","header-below-stick-meta":"","astra-migrate-meta-layouts":"default","ast-page-background-enabled":"default","ast-page-background-meta":{"desktop":{"background-color":"var(--ast-global-color-4)","background-image":"","background-repeat":"repeat","background-position":"center center","background-size":"auto","background-attachment":"scroll","background-type":"","background-media":"","overlay-type":"","overlay-color":"","overlay-gradient":""},"tablet":{"background-color":"","background-image":"","background-repeat":"repeat","background-position":"center center","background-size":"auto","background-attachment":"scroll","background-type":"","background-media":"","overlay-type":"","overlay-color":"","overlay-gradient":""},"mobile":{"background-color":"","background-image":"","background-repeat":"repeat","background-position":"center center","background-size":"auto","background-attachment":"scroll","background-type":"","background-media":"","overlay-type":"","overlay-color":"","overlay-gradient":""}},"ast-content-background-meta":{"desktop":{"background-color":"var(--ast-global-color-5)","background-image":"","background-repeat":"repeat","background-position":"center center","background-size":"auto","background-attachment":"scroll","background-type":"","background-media":"","overlay-type":"","overlay-color":"","overlay-gradient":""},"tablet":{"background-color":"var(--ast-global-color-5)","background-image":"","background-repeat":"repeat","background-position":"center center","background-size":"auto","background-attachment":"scroll","background-type":"","background-media":"","overlay-type":"","overlay-color":"","overlay-gradient":""},"mobile":{"background-color":"var(--ast-global-color-5)","background-image":"","background-repeat":"repeat","background-position":"center center","background-size":"auto","background-attachment":"scroll","background-type":"","background-media":"","overlay-type":"","overlay-color":"","overlay-gradient":""}},"footnotes":""},"categories":[7472,140,139],"tags":[3959,28084,11372,66423,150374,22254],"class_list":["post-68491","post","type-post","status-publish","format-standard","hentry","category-cirugia-maxilofacial","category-estomatologia-y-ortodoncia","category-medicina-interna","tag-alejandro-ceballos-salobrena","tag-elena-sanchez-fernandez","tag-jose-vicente-bagan-sebastian","tag-juan-seoane-leston","tag-judith-murillo-cortes","tag-miguel-penarrocha-diago"],"_links":{"self":[{"href":"https:\/\/www.deberes.net\/tesis\/wp-json\/wp\/v2\/posts\/68491","targetHints":{"allow":["GET"]}}],"collection":[{"href":"https:\/\/www.deberes.net\/tesis\/wp-json\/wp\/v2\/posts"}],"about":[{"href":"https:\/\/www.deberes.net\/tesis\/wp-json\/wp\/v2\/types\/post"}],"author":[{"embeddable":true,"href":"https:\/\/www.deberes.net\/tesis\/wp-json\/wp\/v2\/users\/1"}],"replies":[{"embeddable":true,"href":"https:\/\/www.deberes.net\/tesis\/wp-json\/wp\/v2\/comments?post=68491"}],"version-history":[{"count":0,"href":"https:\/\/www.deberes.net\/tesis\/wp-json\/wp\/v2\/posts\/68491\/revisions"}],"wp:attachment":[{"href":"https:\/\/www.deberes.net\/tesis\/wp-json\/wp\/v2\/media?parent=68491"}],"wp:term":[{"taxonomy":"category","embeddable":true,"href":"https:\/\/www.deberes.net\/tesis\/wp-json\/wp\/v2\/categories?post=68491"},{"taxonomy":"post_tag","embeddable":true,"href":"https:\/\/www.deberes.net\/tesis\/wp-json\/wp\/v2\/tags?post=68491"}],"curies":[{"name":"wp","href":"https:\/\/api.w.org\/{rel}","templated":true}]}}