{"id":68529,"date":"2008-09-12T00:00:00","date_gmt":"2008-09-12T00:00:00","guid":{"rendered":"https:\/\/www.deberes.net\/tesis\/sin-categoria\/los-periodistas-uruguayos-roles-y-actitudes-de-los-profesionales-de-la-comunicacion\/"},"modified":"2008-09-12T00:00:00","modified_gmt":"2008-09-12T00:00:00","slug":"los-periodistas-uruguayos-roles-y-actitudes-de-los-profesionales-de-la-comunicacion","status":"publish","type":"post","link":"https:\/\/www.deberes.net\/tesis\/prensa\/los-periodistas-uruguayos-roles-y-actitudes-de-los-profesionales-de-la-comunicacion\/","title":{"rendered":"Los periodistas uruguayos. roles y actitudes de los profesionales de la comunicaci\u00f3n."},"content":{"rendered":"<h2>Tesis doctoral de <strong> Milagros Iroz Rymer <\/strong><\/h2>\n<p>?Por qu\u00e9 querer conocer a los periodistas? M\u00e1s all\u00e1 de la curiosidad natural que despierta esta profesi\u00f3n, existen razones suficientes para pensar que hay una relaci\u00f3n entre qui\u00e9nes son los periodistas y qu\u00e9 es lo que de ellos se recibe en las informaciones que se consumen. Si qui\u00e9nes son los periodistas uruguayos influye, moldea o condiciona el producto informativo que llega al lector, oyente o televidente, deber\u00eda importar conocer qu\u00e9 hay detr\u00e1s de estas personas. el objetivo de esta tesis doctoral consiste en conocer a los periodistas uruguayos. Qui\u00e9nes y c\u00f3mo son. C\u00f3mo trabajan y cu\u00e1l es su funci\u00f3n en la sociedad. Qu\u00e9 piensan y cu\u00e1les son sus creencias y valores. Para ello se estudiaron \u00c2\u00bfa trav\u00e9s de una metodolog\u00eda cualitativa\u00c2\u00bf los roles y actitudes profesionales de una muestra de periodistas uruguayos, as\u00ed como sus condiciones de trabajo, su satisfacci\u00f3n laboral, y su grado de formaci\u00f3n y experiencia. Se indag\u00f3, asimismo, sobre aspectos m\u00e1s esenciales que hacen a la persona, como son la familia, los hijos, sus amistades, su tiempo libre, su ideolog\u00eda pol\u00edtica y sus creencias religiosas. entre otras conclusiones, se constat\u00f3 que evitar informaciones cuyos datos no han sido verificados, y proporcionar an\u00e1lisis e interpretaci\u00f3n de problemas complejos, constituyen para los periodistas uruguayos los roles m\u00e1s importantes en el ejercicio de su trabajo. En tercer lugar, se ubica el rol de ser cr\u00edtico con los pol\u00edticos. Cada uno de estos roles se enmarca, junto con otros que tambi\u00e9n han sido valorados, dentro de lo que se denomina actitudes profesionales. As\u00ed, se puede afirmar que el orden de actitudes con las que se identifican los periodistas son: int\u00e9rprete, adversario y difusor. Los tipos de actitudes profesionales que adoptan los comunicadores est\u00e1n estrechamente vinculados con el momento hist\u00f3rico que atraviesa el periodismo, concretamente, o la sociedad o el pa\u00eds, en general.  palabras clave: roles profesionales. Profesionalismo. Valores. \u00e9tica. Satisfacci\u00f3n laboral. Condiciones de trabajo. Periodismo uruguayo.<\/p>\n<p>&nbsp;<\/p>\n<h3>Datos acad\u00e9micos de la tesis doctoral \u00ab<strong>Los periodistas uruguayos. roles y actitudes de los profesionales de la comunicaci\u00f3n.<\/strong>\u00ab<\/h3>\n<ul>\n<li><strong>T\u00edtulo de la tesis:<\/strong>\u00a0 Los periodistas uruguayos. roles y actitudes de los profesionales de la comunicaci\u00f3n. <\/li>\n<li><strong>Autor:<\/strong>\u00a0 Milagros Iroz Rymer <\/li>\n<li><strong>Universidad:<\/strong>\u00a0 Navarra<\/li>\n<li><strong>Fecha de lectura de la tesis:<\/strong>\u00a0 09\/12\/2008<\/li>\n<\/ul>\n<p>&nbsp;<\/p>\n<h3>Direcci\u00f3n y tribunal<\/h3>\n<ul>\n<li><strong>Director de la tesis<\/strong>\n<ul>\n<li>Jos\u00e9 Javier Sanchez Aranda<\/li>\n<\/ul>\n<\/li>\n<li><strong>Tribunal<\/strong>\n<ul>\n<li>Presidente del tribunal: Jos\u00e9 Francisco S\u00e1nchez s\u00e1nchez <\/li>\n<li>Mar\u00eda Luisa Humanes humanes (vocal)<\/li>\n<li>rosa Mar\u00eda Berganza conde (vocal)<\/li>\n<li>M\u00aa Jos\u00e9 Canel crespo (vocal)<\/li>\n<\/ul>\n<\/li>\n<\/ul>\n<p>&nbsp;<\/p>\n","protected":false},"excerpt":{"rendered":"<p>Tesis doctoral de Milagros Iroz Rymer ?Por qu\u00e9 querer conocer a los periodistas? M\u00e1s all\u00e1 de la curiosidad natural que [&hellip;]<\/p>\n","protected":false},"author":1,"featured_media":0,"comment_status":"open","ping_status":"open","sticky":false,"template":"","format":"standard","meta":{"site-sidebar-layout":"default","site-content-layout":"","ast-site-content-layout":"","site-content-style":"default","site-sidebar-style":"default","ast-global-header-display":"","ast-banner-title-visibility":"","ast-main-header-display":"","ast-hfb-above-header-display":"","ast-hfb-below-header-display":"","ast-hfb-mobile-header-display":"","site-post-title":"","ast-breadcrumbs-content":"","ast-featured-img":"","footer-sml-layout":"","theme-transparent-header-meta":"","adv-header-id-meta":"","stick-header-meta":"","header-above-stick-meta":"","header-main-stick-meta":"","header-below-stick-meta":"","astra-migrate-meta-layouts":"default","ast-page-background-enabled":"default","ast-page-background-meta":{"desktop":{"background-color":"var(--ast-global-color-4)","background-image":"","background-repeat":"repeat","background-position":"center center","background-size":"auto","background-attachment":"scroll","background-type":"","background-media":"","overlay-type":"","overlay-color":"","overlay-gradient":""},"tablet":{"background-color":"","background-image":"","background-repeat":"repeat","background-position":"center center","background-size":"auto","background-attachment":"scroll","background-type":"","background-media":"","overlay-type":"","overlay-color":"","overlay-gradient":""},"mobile":{"background-color":"","background-image":"","background-repeat":"repeat","background-position":"center center","background-size":"auto","background-attachment":"scroll","background-type":"","background-media":"","overlay-type":"","overlay-color":"","overlay-gradient":""}},"ast-content-background-meta":{"desktop":{"background-color":"var(--ast-global-color-5)","background-image":"","background-repeat":"repeat","background-position":"center center","background-size":"auto","background-attachment":"scroll","background-type":"","background-media":"","overlay-type":"","overlay-color":"","overlay-gradient":""},"tablet":{"background-color":"var(--ast-global-color-5)","background-image":"","background-repeat":"repeat","background-position":"center center","background-size":"auto","background-attachment":"scroll","background-type":"","background-media":"","overlay-type":"","overlay-color":"","overlay-gradient":""},"mobile":{"background-color":"var(--ast-global-color-5)","background-image":"","background-repeat":"repeat","background-position":"center center","background-size":"auto","background-attachment":"scroll","background-type":"","background-media":"","overlay-type":"","overlay-color":"","overlay-gradient":""}},"footnotes":""},"categories":[17749,4841],"tags":[17900,23230,52689,150448,32127,37265],"class_list":["post-68529","post","type-post","status-publish","format-standard","hentry","category-navarra","category-prensa","tag-jose-francisco-sanchez-sanchez","tag-jose-javier-sanchez-aranda","tag-maria-luisa-humanes-humanes","tag-milagros-iroz-rymer","tag-ma-jose-canel-crespo","tag-rosa-maria-berganza-conde"],"_links":{"self":[{"href":"https:\/\/www.deberes.net\/tesis\/wp-json\/wp\/v2\/posts\/68529","targetHints":{"allow":["GET"]}}],"collection":[{"href":"https:\/\/www.deberes.net\/tesis\/wp-json\/wp\/v2\/posts"}],"about":[{"href":"https:\/\/www.deberes.net\/tesis\/wp-json\/wp\/v2\/types\/post"}],"author":[{"embeddable":true,"href":"https:\/\/www.deberes.net\/tesis\/wp-json\/wp\/v2\/users\/1"}],"replies":[{"embeddable":true,"href":"https:\/\/www.deberes.net\/tesis\/wp-json\/wp\/v2\/comments?post=68529"}],"version-history":[{"count":0,"href":"https:\/\/www.deberes.net\/tesis\/wp-json\/wp\/v2\/posts\/68529\/revisions"}],"wp:attachment":[{"href":"https:\/\/www.deberes.net\/tesis\/wp-json\/wp\/v2\/media?parent=68529"}],"wp:term":[{"taxonomy":"category","embeddable":true,"href":"https:\/\/www.deberes.net\/tesis\/wp-json\/wp\/v2\/categories?post=68529"},{"taxonomy":"post_tag","embeddable":true,"href":"https:\/\/www.deberes.net\/tesis\/wp-json\/wp\/v2\/tags?post=68529"}],"curies":[{"name":"wp","href":"https:\/\/api.w.org\/{rel}","templated":true}]}}