{"id":68533,"date":"2008-09-12T00:00:00","date_gmt":"2008-09-12T00:00:00","guid":{"rendered":"https:\/\/www.deberes.net\/tesis\/sin-categoria\/desarrollo-de-contenidos-digitales-en-la-difusion-audiovisual-del-patrimonio-historico-arta%c2%adstico-valenciano\/"},"modified":"2008-09-12T00:00:00","modified_gmt":"2008-09-12T00:00:00","slug":"desarrollo-de-contenidos-digitales-en-la-difusion-audiovisual-del-patrimonio-historico-arta%c2%adstico-valenciano","status":"publish","type":"post","link":"https:\/\/www.deberes.net\/tesis\/antropologia-cultural\/desarrollo-de-contenidos-digitales-en-la-difusion-audiovisual-del-patrimonio-historico-arta%c2%adstico-valenciano\/","title":{"rendered":"Desarrollo de contenidos digitales en la difusi\u00f3n audiovisual del patrimonio hist\u00f3rico-art\u00edstico Valenciano"},"content":{"rendered":"<h2>Tesis doctoral de <strong> Sebasti\u00e1n S\u00e1nchez Castillo <\/strong><\/h2>\n<p>Reconocida la gran importancia que para la difusi\u00f3n de contenidos culturales audiovisual tiene y tendr\u00e1 el desarrollo de las tecnolog\u00edas de la comunicaci\u00f3n y de la informaci\u00f3n, el impacto de la convergencia tecnol\u00f3gica y el uso de las multiplataformas para la realidad cultural Valenciana, la presente tesis doctoral parte de las siguientes hip\u00f3tesis previas: 1. La industria audiovisual puede considerarse como una instituci\u00f3n cultural y patrimonial. Los contenidos audiovisuales sobre el patrimonio hist\u00f3rico-art\u00edstico deben ser tratados, conservados y difundidos como un objeto patrimonial y educativo, sujetos a la legislaci\u00f3n vigente sobre bienes de inter\u00e9s cultural. El documento audiovisual posee una serie de valores propios (los emanados de su contenido), y otros a\u00f1adidos (los de servir de fuente de estudio de diversa \u00edndole y de apoyo y ayuda para el ejercicio de determinadas actividades) por lo que es necesario e imprescindible garantizar su conservaci\u00f3n y salvaguarda. Conservaci\u00f3n que hace referencia a las condiciones f\u00edsicas que necesita el soporte sobre el que se sustenta la informaci\u00f3n audiovisual, y salvaguarda que determina el marco legal adecuado que debe regir y normalizar de manera clara los mecanismos y actuaciones de las instituciones competentes, encaminadas a asegurar su transmisi\u00f3n a las generaciones futuras. es necesario normalizar la conservaci\u00f3n y salvaguarda de los fondos procedentes de la emisi\u00f3n televisiva, en atenci\u00f3n a su valor documental hist\u00f3rico, cultural y sociol\u00f3gico. Aplicar, en la misma l\u00ednea, medidas a los registros radiof\u00f3nicos. 2. El discurso digital sobre esos contenidos debe apoyarse en el discurso tradicional y lineal de difusi\u00f3n del patrimonio. No hay que superponer los nuevos recursos digitales a los tradicionales modos de entender el patrimonio, sino que habr\u00e1 que encontrar una actividad medi\u00e1tica que normalice el discurso. El consenso entre ambas realidades tecnol\u00f3gicas debe ir encaminado a lograr una perfecta simbiosis entre los sistemas de producci\u00f3n y de difusi\u00f3n. 3. La importancia del ente p\u00fablico radio televisi\u00f3n Valenciana, como el mayor generador de contenidos audiovisuales sobre cultura, arte y patrimonio de la comunitat Valenciana. Gracias a la reutilizaci\u00f3n y fragmentaci\u00f3n de los contenidos documentados para la realizaci\u00f3n de nuevas producciones culturales, rtvv se puede tratar como un grupo multimedia a la vez que una empresa de comunicaci\u00f3n. Con respecto al papel que los medios de comunicaci\u00f3n tienen para la promoci\u00f3n del patrimonio cultural, se puede afirma que es obvio que los medios p\u00fablicos de comunicaci\u00f3n, y en particular la televisi\u00f3n p\u00fablica, tienen aqu\u00ed un gran papel fundacional. En esta perspectiva, no se trata \u00fanicamente de introducir en las programaciones correspondientes determinados espacios de orientaci\u00f3n cultural, sino tambi\u00e9n de pensar entre todos un modelo de televisi\u00f3n p\u00fablica que se proponga lograr un buen equilibrio entre la vocaci\u00f3n de distracci\u00f3n y de informaci\u00f3n, inevitable en una televisi\u00f3n p\u00fablica, y la dimensi\u00f3n formativa en el terreno cultural.  4. Las transformaciones culturales debidas al impacto de los medios de comunicaci\u00f3n audiovisuales, donde televisi\u00f3n Valenciana ser\u00e1 el medio capaz de redistribuir las formas simb\u00f3licas, trascendiendo estas de unos espacios locales hacia otros glocales. El patrimonio \u00e9tnico se ve irremediablemente afectado por un medio instrumental de comunicaci\u00f3n, como es la televisi\u00f3n. Las nuevas formas de acci\u00f3n e interacci\u00f3n, as\u00ed como una nueva organizaci\u00f3n social es la consecuencia directa de los eventos mediales. 5. Con la digitalizaci\u00f3n del archivo audiovisual, debe producirse una clara intencionalidad de su uso para fines pedag\u00f3gicos, hist\u00f3ricos, y sobre todo de investigaci\u00f3n en las ciencias sociales y humanas. Se detecta una clara necesidad de establecer una relaci\u00f3n entre la programaci\u00f3n de este g\u00e9nero y los contenedores de conocimiento, como escuelas, museos y centros de documentaci\u00f3n. Iniciar pol\u00edticas de intercambio entre el mayor contenedor y productor de materiales simb\u00f3licos sobre arte y patrimonio Valenciano como es televisi\u00f3n Valenciana y los centros tradicionales de difusi\u00f3n del patrimonio. Construir estructuras, procesos y herramientas necesarias para una verdadera intencionalidad de esas relaciones. Respecto a la digitalizaci\u00f3n del patrimonio cultural, se pueden formular varias recomendaciones para favorecer la digitalizaci\u00f3n y la accesibilidad en l\u00ednea del material cultural y su conservaci\u00f3n electr\u00f3nica. Se recuerda tambi\u00e9n que las nuevas tecnolog\u00edas de la informaci\u00f3n han de beneficiar a la memoria colectiva. As\u00ed pues, se recomienda a los miembros y poderes culturales medidas de aplicaci\u00f3n en la estrategia de digitalizaci\u00f3n para explotar mejor, por medio de internet, el potencial econ\u00f3mico -y, por supuesto, cultural- del patrimonio cultural europeo y local. La digitalizaci\u00f3n en l\u00ednea del material cultural constituye un objetivo esencial a escala europea. La comisi\u00f3n europea hace hincapi\u00e9 en el potencial econ\u00f3mico y cultural del patrimonio europeo de la cultura. 6. El nuevo panorama de la industria televisiva Valenciana, como producto de la diversificaci\u00f3n de los espacios, debido a la aparici\u00f3n de distintos canal  tem\u00e1ticos, provocar\u00e1 una disminuci\u00f3n de los espectadores, y con ello una demanda de mayor especializaci\u00f3n tem\u00e1tica de contenidos, en este caso sobre patrimonio cultura. El proyecto de televisi\u00f3n digital terrestre, ser\u00e1 el colof\u00f3n a todo este proceso desintegrador de grandes concentraciones de audiencias. El canal mosaico se convierte en la met\u00e1fora de la situaci\u00f3n actual. Si en la televisi\u00f3n tradicional cada programa se convert\u00eda en un fragmento con autonom\u00eda del discurso general de la programaci\u00f3n, en la oferta multicanal, cada canal se convierte en una parte o fragmento del discurso global de la oferta. La especializaci\u00f3n en la programaci\u00f3n sobre patrimonio hist\u00f3rico-art\u00edstico, ser\u00e1 sin duda una necesidad en este nuevo discurso fragmentado. Esta mayor especializaci\u00f3n ser\u00e1 directamente proporcional a la calidad del producto, tanto si se trata de la producci\u00f3n de contenidos como de  gesti\u00f3n de recursos. 7. La especializaci\u00f3n period\u00edstica sobre patrimonio hist\u00f3rico-art\u00edstico. Es necesario el reconocimiento de un periodismo especializado debido a la demanda que la aparici\u00f3n de las nuevas tecnolog\u00edas tendr\u00e1 sobre los nuevos profesionales de la gesti\u00f3n y difusi\u00f3n cultural. Resulta imprescindible una nueva formaci\u00f3n de los agentes involucrados en la gesti\u00f3n de contenidos sobre patrimonio, para que puedan adecuarse a los nuevos entornos digitales. 8. Los informes, dict\u00e1menes y debates presentados en las distintas comisiones que sobre rtvv se tratan en les corts Valencianes y en el consell de administraci\u00f3 del ente p\u00fablico. Tambi\u00e9n considerar al consell valenci\u00ed\u00a0 de cultura (cvc) \u00f3rgano v\u00e1lido de opini\u00f3n y consulta en temas de difusi\u00f3n del patrimonio, por la gran profesionalidad y rigor que conlleva sus grupos de trabajo. Valorar y enumerar los dict\u00e1menes de estos organos v\u00e1lidos, y que rtvv no ha considerado. 9. La importancia que la opini\u00f3n p\u00fablica y los agentes institucionales tienen en la difusi\u00f3n audiovisual sobre patrimonio cultural, y el efecto que tendr\u00e1 para las futuras generaciones. Hacer comprender que el valor a\u00f1adido de este tipo de contenedores audiovisuales tiene un papel decisivo en el desarrollo democr\u00e1tico de la sociedad de la informaci\u00f3n. 10. La necesidad de que el mayor creador de contenidos audiovisuales sobre patrimonio cultural de la comunitat Valenciana articule mecanismos que proporcione el avance tecnol\u00f3gico y la aceptaci\u00f3n e cambios en el paradigma comunicacional. Para entender el nuevo escenario multimedia es necesario un replanteamiento de las estrategias referentes a la producci\u00f3n y difusi\u00f3n de los contenidos audiovisuales culturales. Desde el ente p\u00fablico se debe ser consciente de las nuevas posibilidades de las multiplataformas, por lo que desde el nacimiento de la idea hasta su presentaci\u00f3n en el mercado, ser\u00e1 necesario valorar todas las posibilidades y canales para optimizar la producci\u00f3n, distribuci\u00f3n y explotaci\u00f3n de esos  contenidos culturales.<\/p>\n<p>&nbsp;<\/p>\n<h3>Datos acad\u00e9micos de la tesis doctoral \u00ab<strong>Desarrollo de contenidos digitales en la difusi\u00f3n audiovisual del patrimonio hist\u00f3rico-art\u00edstico Valenciano<\/strong>\u00ab<\/h3>\n<ul>\n<li><strong>T\u00edtulo de la tesis:<\/strong>\u00a0 Desarrollo de contenidos digitales en la difusi\u00f3n audiovisual del patrimonio hist\u00f3rico-art\u00edstico Valenciano <\/li>\n<li><strong>Autor:<\/strong>\u00a0 Sebasti\u00e1n S\u00e1nchez Castillo <\/li>\n<li><strong>Universidad:<\/strong>\u00a0 Universitat de val\u00e9ncia (estudi general)<\/li>\n<li><strong>Fecha de lectura de la tesis:<\/strong>\u00a0 09\/12\/2008<\/li>\n<\/ul>\n<p>&nbsp;<\/p>\n<h3>Direcci\u00f3n y tribunal<\/h3>\n<ul>\n<li><strong>Director de la tesis<\/strong>\n<ul>\n<li>Miquel Franc\u00e9s Dom\u00e9nec<\/li>\n<\/ul>\n<\/li>\n<li><strong>Tribunal<\/strong>\n<ul>\n<li>Presidente del tribunal: Jos\u00e9 Mar\u00eda Bernardo paniagua <\/li>\n<li>andreu Casero ripoll\u00e9s (vocal)<\/li>\n<li>Mar\u00eda teresa Mercado s\u00e1ez (vocal)<\/li>\n<li>josep Prosper ribes (vocal)<\/li>\n<\/ul>\n<\/li>\n<\/ul>\n<p>&nbsp;<\/p>\n","protected":false},"excerpt":{"rendered":"<p>Tesis doctoral de Sebasti\u00e1n S\u00e1nchez Castillo Reconocida la gran importancia que para la difusi\u00f3n de contenidos culturales audiovisual tiene y [&hellip;]<\/p>\n","protected":false},"author":1,"featured_media":0,"comment_status":"open","ping_status":"open","sticky":false,"template":"","format":"standard","meta":{"site-sidebar-layout":"default","site-content-layout":"","ast-site-content-layout":"","site-content-style":"default","site-sidebar-style":"default","ast-global-header-display":"","ast-banner-title-visibility":"","ast-main-header-display":"","ast-hfb-above-header-display":"","ast-hfb-below-header-display":"","ast-hfb-mobile-header-display":"","site-post-title":"","ast-breadcrumbs-content":"","ast-featured-img":"","footer-sml-layout":"","theme-transparent-header-meta":"","adv-header-id-meta":"","stick-header-meta":"","header-above-stick-meta":"","header-main-stick-meta":"","header-below-stick-meta":"","astra-migrate-meta-layouts":"default","ast-page-background-enabled":"default","ast-page-background-meta":{"desktop":{"background-color":"var(--ast-global-color-4)","background-image":"","background-repeat":"repeat","background-position":"center center","background-size":"auto","background-attachment":"scroll","background-type":"","background-media":"","overlay-type":"","overlay-color":"","overlay-gradient":""},"tablet":{"background-color":"","background-image":"","background-repeat":"repeat","background-position":"center center","background-size":"auto","background-attachment":"scroll","background-type":"","background-media":"","overlay-type":"","overlay-color":"","overlay-gradient":""},"mobile":{"background-color":"","background-image":"","background-repeat":"repeat","background-position":"center center","background-size":"auto","background-attachment":"scroll","background-type":"","background-media":"","overlay-type":"","overlay-color":"","overlay-gradient":""}},"ast-content-background-meta":{"desktop":{"background-color":"var(--ast-global-color-5)","background-image":"","background-repeat":"repeat","background-position":"center center","background-size":"auto","background-attachment":"scroll","background-type":"","background-media":"","overlay-type":"","overlay-color":"","overlay-gradient":""},"tablet":{"background-color":"var(--ast-global-color-5)","background-image":"","background-repeat":"repeat","background-position":"center center","background-size":"auto","background-attachment":"scroll","background-type":"","background-media":"","overlay-type":"","overlay-color":"","overlay-gradient":""},"mobile":{"background-color":"var(--ast-global-color-5)","background-image":"","background-repeat":"repeat","background-position":"center center","background-size":"auto","background-attachment":"scroll","background-type":"","background-media":"","overlay-type":"","overlay-color":"","overlay-gradient":""}},"footnotes":""},"categories":[983,47010,13715,5052],"tags":[86699,83635,65151,150454,74774,150453],"class_list":["post-68533","post","type-post","status-publish","format-standard","hentry","category-antropologia-cultural","category-politica-cultural","category-sociologia-de-los-medios-de-comunicacion-de-masas","category-television","tag-andreu-casero-ripolles","tag-jose-maria-bernardo-paniagua","tag-josep-prosper-ribes","tag-maria-teresa-mercado-saez","tag-miquel-frances-domenec","tag-sebastian-sanchez-castillo"],"_links":{"self":[{"href":"https:\/\/www.deberes.net\/tesis\/wp-json\/wp\/v2\/posts\/68533","targetHints":{"allow":["GET"]}}],"collection":[{"href":"https:\/\/www.deberes.net\/tesis\/wp-json\/wp\/v2\/posts"}],"about":[{"href":"https:\/\/www.deberes.net\/tesis\/wp-json\/wp\/v2\/types\/post"}],"author":[{"embeddable":true,"href":"https:\/\/www.deberes.net\/tesis\/wp-json\/wp\/v2\/users\/1"}],"replies":[{"embeddable":true,"href":"https:\/\/www.deberes.net\/tesis\/wp-json\/wp\/v2\/comments?post=68533"}],"version-history":[{"count":0,"href":"https:\/\/www.deberes.net\/tesis\/wp-json\/wp\/v2\/posts\/68533\/revisions"}],"wp:attachment":[{"href":"https:\/\/www.deberes.net\/tesis\/wp-json\/wp\/v2\/media?parent=68533"}],"wp:term":[{"taxonomy":"category","embeddable":true,"href":"https:\/\/www.deberes.net\/tesis\/wp-json\/wp\/v2\/categories?post=68533"},{"taxonomy":"post_tag","embeddable":true,"href":"https:\/\/www.deberes.net\/tesis\/wp-json\/wp\/v2\/tags?post=68533"}],"curies":[{"name":"wp","href":"https:\/\/api.w.org\/{rel}","templated":true}]}}