{"id":68538,"date":"2008-09-12T00:00:00","date_gmt":"2008-09-12T00:00:00","guid":{"rendered":"https:\/\/www.deberes.net\/tesis\/sin-categoria\/les-locutores-de-ra-dio-a-catalunya-1924-1939\/"},"modified":"2008-09-12T00:00:00","modified_gmt":"2008-09-12T00:00:00","slug":"les-locutores-de-ra-dio-a-catalunya-1924-1939","status":"publish","type":"post","link":"https:\/\/www.deberes.net\/tesis\/historia-del-periodismo\/les-locutores-de-ra-dio-a-catalunya-1924-1939\/","title":{"rendered":"Les locutores de r\u00c1\u00a0dio a catalunya, 1924-1939"},"content":{"rendered":"<h2>Tesis doctoral de <strong> Silvia Espinosa Mirabet <\/strong><\/h2>\n<p>&#8211; r\u00ed\u00a0dio associaci\u00f3 de catalunya. Rosal\u00eda rovira, m\u00aa teresa gay-sol\u00e1, francina boris, carmen espona y mercedes laspra.  (despu\u00e9s de la guerra, radio espa\u00f1a de barcelona) &#8211; r\u00ed\u00a0dio terrasa. Antolina boada. &#8211; r\u00ed\u00a0dio sabadell. Merc\u00e9 sorribas y josefina figueras. &#8211; r\u00ed\u00a0dio reus. An\u00ed\u00b2nia sol y adelaida \u00f3dena. &#8211; r\u00ed\u00a0dio tarragona. Montserrat par\u00e9s y amalia sanrom\u00e1. &#8211; r\u00ed\u00a0dio badalona. Ana barbosa y mar\u00eda escrihuela. &#8211; r\u00ed\u00a0dio girona. Paquita boris, m\u00aa luisa figa, mar\u00eda tersa, amalia rexach. &#8211; r\u00ed\u00a0dio lleida. Aurora tersa, mar\u00eda tersa y mercedes gumbau. &#8211; r\u00ed\u00a0dio vilanova. N\u00faria fraire, candelaria sim\u00f3n, carmen fern\u00e1ndez. &#8211; r\u00e1dio manresa. Montserrat calafell y m\u00aa matilde almendros.  esta tesis demuestra el papel preponderante que tuvieron las locutoras de radio en catalunya como pioneras en la creaci\u00f3n de los nuevos formatos de programas que posteriormente consolidados ser\u00edan \u00abel buque insignia\u00bb de la radio espa\u00f1ola, los magazines. El estudio resalta el gran peso que como profesionales tuvieron las locutoras, que viv\u00edan exclusivamente de la radio, siendo en muchos casos, por ejemplo durante la guerra civil, las \u00fanicas voces que tuvieron estaciones como radio barcelona, r\u00ed\u00a0dio associaci\u00f3 de catalunya, r\u00ed\u00a0dio lleida, r\u00ed\u00a0dio girona, r\u00ed\u00a0dio vilanova, r\u00ed\u00a0dio sabadell, r\u00ed\u00a0dio terrassa, r\u00ed\u00a0dio reis y r\u00ed\u00a0dio badalona. (No incluimos en este p\u00e1rrafo a r\u00ed\u00a0dio manresa, que no tuvo locutoras hasta 1941, a r\u00ed\u00a0dio tarragona que siempre tuvo un locutor adem\u00e1s a su locutora, y a radio catalana, que dej\u00f3 de existir en 1930, aunque s\u00ed que las contemplamos en el corpus principal del estudio que recoge todas las estaciones que operaban en catalunya entre 1924 y 1939 bajo el distintivo eaj que se otorg\u00f3 a las estaciones profesionales, comerciales y locales de baja potencia). la historia de la radio en nuestro pa\u00eds siempre se ha explicado relacion\u00e1ndola con nombres de individuos que fueron considerados los pioneros del invento. Los primeros empresarios de la radio eran hombres, igual que lo fueron los primeros ingenieros. Pero la comunicaci\u00f3n que la radio estableci\u00f3 con su primera audiencia, tan importante aunque no muy mumerosa, estuvo llena de voces femeninas, algunas en catalunya olvidadas hata que fueron rescatadas para esta tesis, y que representaron aut\u00e9ntica columna vertebral para las estaciones sobretodo cuando los locutores estaban luchando o se exiliaron a ra\u00edz de la guerra. Adem\u00e1s y fuera del per\u00edodo b\u00e9lico, algunos de los locutores ten\u00edan otros oficios al margen de la radio (profesores, abogados o escritores) mientras que la locutoras ten\u00edan en la radio su \u00fanico modus vivendi, convirti\u00e9ndose as\u00ed en verdaderas profesionales de la locuci\u00f3n. a partir de una metodolog\u00eda b\u00e1sicamente cualitativa, basada sobre todo en historias de vida, la tesis busca las antiguas locutoras de radio en catalunya para conocer qui\u00e9nes eran, como viv\u00edan y que hicieron en la radio de los primeros tiempos (1924-1939) con el objetivo de reconstruir ese fragmento de nuestro pasado hist\u00f3rico con las aportaciones que ellas realizaron. Es una tesis exploratoria que se basa en unas preguntas de arranque. Para ello hemos dividido la investigaci\u00f3n en tres franjas temporales: 1924-1930: nace la radio en catalunya con radio barcelona. 1931-1936: la ii rep\u00fablica, que favorece el crecimiento territorial y program\u00e1tico de la radio. 1936-1942: la guerra y los primeros d\u00edas del franquismo. esta divisi\u00f3n tiene por objetivo establecer en cada momento hist\u00f3rico qu\u00e9 era un locutor de radio y si ese oficio era el mismo para una locutora que para un locutor. despu\u00e9s de un trabajo de campo de m\u00e1s de 4 a\u00f1os, con m\u00e1s de 80 horas de entrevistas a 54 personas vinculadas con el objeto de estudio, (que es la historia de la radio desde una perspectiva de g\u00e9nero) se ha podido establecer la cronolog\u00eda exacta de las que fueron las locutoras de radio en las distintas estaciones que permitieron en catalunya bajo en ep\u00edgrafe eaj desde 1924 hasta 1941. se ha podido distinguir entre locutoras, actrices de radio y colaboradoras y ubicarlas en el campo laboral al cual pertenecieron en esos d\u00edas de radio en cada emisora. Hemos podido dibujar el perfil y las caracter\u00edsticas que temporalmente ten\u00edan las locutoras de las distintas \u00e9pocas estudiadas. Hemos conocido muchos datos in\u00e9ditos hasta hoy, como por ejemplo como una antigua locutora republicana (mar\u00eda tersa) acab\u00f3 sus d\u00edas de radio trabajando en otra estaci\u00f3n catalana (r\u00ed\u00a0dio girona) distinta a la emisora d\u00f3nde empez\u00f3 a radiar (r\u00ed\u00a0dio lleida), o c\u00f3mo en r\u00ed\u00a0dio reus trabaj\u00f3 durante la guerra una locutora (ant\u00f3nia sol) que nunca hata hoy se hab\u00eda relacionado con esta estaci\u00f3n y que ser\u00eda la primera locutora que tuvo la emisora. Algunas de las locutoras entrevistadas muerieron en el transcurso del proceso de elaboraci\u00f3n de la tesis, siendo pues el nuestro su \u00faltimo testimonio grabado. la investigaci\u00f3n ha permitido adem\u00e1s poder encontrar un documento sonoro de un gran valor hist\u00f3rico, un fragmento de un programa informativo de radio barcelona \u00abla paraula\u00bb que fu\u00e9 emitido en 1934 y que ha \u00abestado perdido\u00bb desde entonces hasta nuestros d\u00edas. Este documento nos permite saber c\u00f3mo sonaba la radio de los primeros a\u00f1os, puesto que hasta hoy cada vez que se lleva a cabo una investigaci\u00f3n sobre historia de la radio debe de hacerse sin tener el testimonio sonoro de c\u00f3mo eran los programas, c\u00f3mo sonaba la publicidad o c\u00f3mo eran las voces que hablaban a aquella primera audiencia. Esperamos que este no sea el \u00fanico fragmento sonoro que se pueda recuperar pues la radio necesita, bajo nuestro punto de vista, una revisi\u00f3n de su historia a partir de su voz, igual que la tienen otros medios audiovisuales como la televisi\u00f3n y el cine a partir de sus antigua emisiones o primeras proyecciones, cosa que de momento en la radio no ha sido posible por la falta de archivos sonoros bien conservados. las primeras locutoras de radio en catalunya fueron cronol\u00f3gicamente desde 1924 hasta los primeros a\u00f1os 40: -r\u00ed\u00a0dio barcelona: m\u00aa cinta balagu\u00e9, rosa cot\u00f3, m\u00aa carmen mart\u00ednez-illescas, m\u00aa carme nicolau, enriqueta benito i enriqueta teixid\u00f3. -r\u00ed\u00a0dio catalana. Tuvo una anunciadora para publicidad, la identidad de la cual ha sido imposible conocer incluso teniendo su imagen.<\/p>\n<p>&nbsp;<\/p>\n<h3>Datos acad\u00e9micos de la tesis doctoral \u00ab<strong>Les locutores de r\u00c1\u00a0dio a catalunya, 1924-1939<\/strong>\u00ab<\/h3>\n<ul>\n<li><strong>T\u00edtulo de la tesis:<\/strong>\u00a0 Les locutores de r\u00c1\u00a0dio a catalunya, 1924-1939 <\/li>\n<li><strong>Autor:<\/strong>\u00a0 Silvia Espinosa Mirabet <\/li>\n<li><strong>Universidad:<\/strong>\u00a0 Aut\u00f3noma de barcelona<\/li>\n<li><strong>Fecha de lectura de la tesis:<\/strong>\u00a0 09\/12\/2008<\/li>\n<\/ul>\n<p>&nbsp;<\/p>\n<h3>Direcci\u00f3n y tribunal<\/h3>\n<ul>\n<li><strong>Director de la tesis<\/strong>\n<ul>\n<li>Armand Balsebre Torroja<\/li>\n<\/ul>\n<\/li>\n<li><strong>Tribunal<\/strong>\n<ul>\n<li>Presidente del tribunal: roman Gubern garriga-nogu\u00e9s <\/li>\n<li>joan Manuel Tresserras gaju (vocal)<\/li>\n<li>jaume Guillamet lloveras (vocal)<\/li>\n<li>albert S\u00e1ez casas (vocal)<\/li>\n<\/ul>\n<\/li>\n<\/ul>\n<p>&nbsp;<\/p>\n","protected":false},"excerpt":{"rendered":"<p>Tesis doctoral de Silvia Espinosa Mirabet &#8211; r\u00ed\u00a0dio associaci\u00f3 de catalunya. Rosal\u00eda rovira, m\u00aa teresa gay-sol\u00e1, francina boris, carmen espona [&hellip;]<\/p>\n","protected":false},"author":1,"featured_media":0,"comment_status":"open","ping_status":"open","sticky":false,"template":"","format":"standard","meta":{"site-sidebar-layout":"default","site-content-layout":"","ast-site-content-layout":"","site-content-style":"default","site-sidebar-style":"default","ast-global-header-display":"","ast-banner-title-visibility":"","ast-main-header-display":"","ast-hfb-above-header-display":"","ast-hfb-below-header-display":"","ast-hfb-mobile-header-display":"","site-post-title":"","ast-breadcrumbs-content":"","ast-featured-img":"","footer-sml-layout":"","theme-transparent-header-meta":"","adv-header-id-meta":"","stick-header-meta":"","header-above-stick-meta":"","header-main-stick-meta":"","header-below-stick-meta":"","astra-migrate-meta-layouts":"default","ast-page-background-enabled":"default","ast-page-background-meta":{"desktop":{"background-color":"var(--ast-global-color-4)","background-image":"","background-repeat":"repeat","background-position":"center center","background-size":"auto","background-attachment":"scroll","background-type":"","background-media":"","overlay-type":"","overlay-color":"","overlay-gradient":""},"tablet":{"background-color":"","background-image":"","background-repeat":"repeat","background-position":"center center","background-size":"auto","background-attachment":"scroll","background-type":"","background-media":"","overlay-type":"","overlay-color":"","overlay-gradient":""},"mobile":{"background-color":"","background-image":"","background-repeat":"repeat","background-position":"center center","background-size":"auto","background-attachment":"scroll","background-type":"","background-media":"","overlay-type":"","overlay-color":"","overlay-gradient":""}},"ast-content-background-meta":{"desktop":{"background-color":"var(--ast-global-color-5)","background-image":"","background-repeat":"repeat","background-position":"center center","background-size":"auto","background-attachment":"scroll","background-type":"","background-media":"","overlay-type":"","overlay-color":"","overlay-gradient":""},"tablet":{"background-color":"var(--ast-global-color-5)","background-image":"","background-repeat":"repeat","background-position":"center center","background-size":"auto","background-attachment":"scroll","background-type":"","background-media":"","overlay-type":"","overlay-color":"","overlay-gradient":""},"mobile":{"background-color":"var(--ast-global-color-5)","background-image":"","background-repeat":"repeat","background-position":"center center","background-size":"auto","background-attachment":"scroll","background-type":"","background-media":"","overlay-type":"","overlay-color":"","overlay-gradient":""}},"footnotes":""},"categories":[5812],"tags":[48643,24085,2912,13605,36703,150464],"class_list":["post-68538","post","type-post","status-publish","format-standard","hentry","category-historia-del-periodismo","tag-albert-saez-casas","tag-armand-balsebre-torroja","tag-jaume-guillamet-lloveras","tag-joan-manuel-tresserras-gaju","tag-roman-gubern-garriga-nogues","tag-silvia-espinosa-mirabet"],"_links":{"self":[{"href":"https:\/\/www.deberes.net\/tesis\/wp-json\/wp\/v2\/posts\/68538","targetHints":{"allow":["GET"]}}],"collection":[{"href":"https:\/\/www.deberes.net\/tesis\/wp-json\/wp\/v2\/posts"}],"about":[{"href":"https:\/\/www.deberes.net\/tesis\/wp-json\/wp\/v2\/types\/post"}],"author":[{"embeddable":true,"href":"https:\/\/www.deberes.net\/tesis\/wp-json\/wp\/v2\/users\/1"}],"replies":[{"embeddable":true,"href":"https:\/\/www.deberes.net\/tesis\/wp-json\/wp\/v2\/comments?post=68538"}],"version-history":[{"count":0,"href":"https:\/\/www.deberes.net\/tesis\/wp-json\/wp\/v2\/posts\/68538\/revisions"}],"wp:attachment":[{"href":"https:\/\/www.deberes.net\/tesis\/wp-json\/wp\/v2\/media?parent=68538"}],"wp:term":[{"taxonomy":"category","embeddable":true,"href":"https:\/\/www.deberes.net\/tesis\/wp-json\/wp\/v2\/categories?post=68538"},{"taxonomy":"post_tag","embeddable":true,"href":"https:\/\/www.deberes.net\/tesis\/wp-json\/wp\/v2\/tags?post=68538"}],"curies":[{"name":"wp","href":"https:\/\/api.w.org\/{rel}","templated":true}]}}