{"id":68575,"date":"2018-03-09T23:12:50","date_gmt":"2018-03-09T23:12:50","guid":{"rendered":"https:\/\/www.deberes.net\/tesis\/sin-categoria\/retorica-y-post-estructuralismo-introduccion-a-la-materialidad-del-lenguaje-en-teoria-de-la-literatura\/"},"modified":"2018-03-09T23:12:50","modified_gmt":"2018-03-09T23:12:50","slug":"retorica-y-post-estructuralismo-introduccion-a-la-materialidad-del-lenguaje-en-teoria-de-la-literatura","status":"publish","type":"post","link":"https:\/\/www.deberes.net\/tesis\/sin-categoria\/retorica-y-post-estructuralismo-introduccion-a-la-materialidad-del-lenguaje-en-teoria-de-la-literatura\/","title":{"rendered":"Ret\u00f3rica y post-estructuralismo. introducci\u00f3n a la materialidad del lenguaje en teor\u00eda de la literatura"},"content":{"rendered":"<h2>Tesis doctoral de <strong> Antonio Aguilar Gimenez <\/strong><\/h2>\n<p>El objeto de estudio de este trabajo comprende la consideraci\u00f3n de los l\u00edmites del estructuralismo y el post-estruturalismo bajo la perspectiva de la problem\u00e1tica concerniente a la materialidad del signo. Ello implica una revisi\u00f3n de la concepci\u00f3n de materialidad ling\u00ed\u00bc\u00edstica como noci\u00f3n l\u00edmite entre estructuralismo y post-estructuralismo. Esta inquisici\u00f3n, por su parte, sirve adem\u00e1s para trazar el estudio  de las diferencias e indiferencias de uno y otro movimiento a aprtir de los planteamientos ret\u00f3ricos del lenguaje. queda como rasgo caracter\u00edstico de esta ret\u00f3rica la sobre abundancia, el exceso de la sintaxis sobre la sem\u00e1ntica derivada de una concepci\u00f3n determinada de la materialidad significante. Bajo esta perspectiva se analiza la inscripci\u00f3n material del signo y la remarcaci\u00f3n como condici\u00f3n de posibilidad de la escritura. Es aqu\u00ed donde se propone la relaci\u00f3n de la inscripci\u00f3n con la topolog\u00eda. Esta noci\u00f3n de topolog\u00eda ret\u00f3rica se debe aun modo de refelxi\u00f3n sobre la teor\u00eda que se convierte a s\u00ed misma en una pr\u00e1ctica de la teor\u00eda.  estudiamos el renacer de la ret\u00f3rica como objeto de estudio y como metodolog\u00eda de trabajo en los estudios estructurales y post-estructurales. Analizamos algunas propuestas neorret\u00f3ricas desde la perspectiva de la deconstrucci\u00f3n, con el fin de exponer sus principales postulados y compararlos o ampliarlos con las lecturas posibles de estos modelos. La l\u00ednea principal de nuestra exposici\u00f3n consiste en examinar el componente principalmente sem\u00e1ntico de estos enfoques ret\u00f3ricos.  por \u00faltimo, nos centramos en reflejar y valorar diferentes aportaciones directas post-estructuralistas al campo de la ret\u00f3rica. Fundamentalmente nos ocuparemos del trabajo espec\u00edfico de la deconstrucci\u00f3n en ret\u00f3rica a trav\u00e9s de los trabajos de derrida, hillis miller, de man y ulmer. Nuestro objetivo  espec\u00edfico de nuevo se basa en la demostraci\u00f3n de la importancia de la materialidad ling<\/p>\n<p>&nbsp;<\/p>\n<h3>Datos acad\u00e9micos de la tesis doctoral \u00ab<strong>Ret\u00f3rica y post-estructuralismo. introducci\u00f3n a la materialidad del lenguaje en teor\u00eda de la literatura<\/strong>\u00ab<\/h3>\n<ul>\n<li><strong>T\u00edtulo de la tesis:<\/strong>\u00a0 Ret\u00f3rica y post-estructuralismo. introducci\u00f3n a la materialidad del lenguaje en teor\u00eda de la literatura <\/li>\n<li><strong>Autor:<\/strong>\u00a0 Antonio Aguilar Gimenez <\/li>\n<li><strong>Universidad:<\/strong>\u00a0 Universitat de val\u00e9ncia (estudi general)<\/li>\n<li><strong>Fecha de lectura de la tesis:<\/strong>\u00a0 24\/06\/2004<\/li>\n<\/ul>\n<p>&nbsp;<\/p>\n<h3>Direcci\u00f3n y tribunal<\/h3>\n<ul>\n<li><strong>Director de la tesis<\/strong>\n<ul>\n<li>Manuel Asensi P\u00e9rez<\/li>\n<\/ul>\n<\/li>\n<li><strong>Tribunal<\/strong>\n<ul>\n<li>Presidente del tribunal: jos\u00e9 Dom\u00ednguez caparr\u00f3s <\/li>\n<li>cristina Peretti pe\u00f1aranda (vocal)<\/li>\n<li>tua Blesa lalinde (vocal)<\/li>\n<li>Manuel V\u00e1zquez Garc\u00eda (vocal)<\/li>\n<\/ul>\n<\/li>\n<\/ul>\n<p>&nbsp;<\/p>\n","protected":false},"excerpt":{"rendered":"<p>Tesis doctoral de Antonio Aguilar Gimenez El objeto de estudio de este trabajo comprende la consideraci\u00f3n de los l\u00edmites del [&hellip;]<\/p>\n","protected":false},"author":1,"featured_media":0,"comment_status":"open","ping_status":"open","sticky":false,"template":"","format":"standard","meta":{"site-sidebar-layout":"default","site-content-layout":"","ast-site-content-layout":"","site-content-style":"default","site-sidebar-style":"default","ast-global-header-display":"","ast-banner-title-visibility":"","ast-main-header-display":"","ast-hfb-above-header-display":"","ast-hfb-below-header-display":"","ast-hfb-mobile-header-display":"","site-post-title":"","ast-breadcrumbs-content":"","ast-featured-img":"","footer-sml-layout":"","theme-transparent-header-meta":"","adv-header-id-meta":"","stick-header-meta":"","header-above-stick-meta":"","header-main-stick-meta":"","header-below-stick-meta":"","astra-migrate-meta-layouts":"default","ast-page-background-enabled":"default","ast-page-background-meta":{"desktop":{"background-color":"var(--ast-global-color-4)","background-image":"","background-repeat":"repeat","background-position":"center center","background-size":"auto","background-attachment":"scroll","background-type":"","background-media":"","overlay-type":"","overlay-color":"","overlay-gradient":""},"tablet":{"background-color":"","background-image":"","background-repeat":"repeat","background-position":"center center","background-size":"auto","background-attachment":"scroll","background-type":"","background-media":"","overlay-type":"","overlay-color":"","overlay-gradient":""},"mobile":{"background-color":"","background-image":"","background-repeat":"repeat","background-position":"center center","background-size":"auto","background-attachment":"scroll","background-type":"","background-media":"","overlay-type":"","overlay-color":"","overlay-gradient":""}},"ast-content-background-meta":{"desktop":{"background-color":"var(--ast-global-color-5)","background-image":"","background-repeat":"repeat","background-position":"center center","background-size":"auto","background-attachment":"scroll","background-type":"","background-media":"","overlay-type":"","overlay-color":"","overlay-gradient":""},"tablet":{"background-color":"var(--ast-global-color-5)","background-image":"","background-repeat":"repeat","background-position":"center center","background-size":"auto","background-attachment":"scroll","background-type":"","background-media":"","overlay-type":"","overlay-color":"","overlay-gradient":""},"mobile":{"background-color":"var(--ast-global-color-5)","background-image":"","background-repeat":"repeat","background-position":"center center","background-size":"auto","background-attachment":"scroll","background-type":"","background-media":"","overlay-type":"","overlay-color":"","overlay-gradient":""}},"footnotes":""},"categories":[1],"tags":[150546,17332,8739,68281,68168,79483],"class_list":["post-68575","post","type-post","status-publish","format-standard","hentry","category-sin-categoria","tag-antonio-aguilar-gimenez","tag-cristina-peretti-penaranda","tag-jose-dominguez-caparros","tag-manuel-asensi-perez","tag-manuel-vazquez-garcia","tag-tua-blesa-lalinde"],"_links":{"self":[{"href":"https:\/\/www.deberes.net\/tesis\/wp-json\/wp\/v2\/posts\/68575","targetHints":{"allow":["GET"]}}],"collection":[{"href":"https:\/\/www.deberes.net\/tesis\/wp-json\/wp\/v2\/posts"}],"about":[{"href":"https:\/\/www.deberes.net\/tesis\/wp-json\/wp\/v2\/types\/post"}],"author":[{"embeddable":true,"href":"https:\/\/www.deberes.net\/tesis\/wp-json\/wp\/v2\/users\/1"}],"replies":[{"embeddable":true,"href":"https:\/\/www.deberes.net\/tesis\/wp-json\/wp\/v2\/comments?post=68575"}],"version-history":[{"count":0,"href":"https:\/\/www.deberes.net\/tesis\/wp-json\/wp\/v2\/posts\/68575\/revisions"}],"wp:attachment":[{"href":"https:\/\/www.deberes.net\/tesis\/wp-json\/wp\/v2\/media?parent=68575"}],"wp:term":[{"taxonomy":"category","embeddable":true,"href":"https:\/\/www.deberes.net\/tesis\/wp-json\/wp\/v2\/categories?post=68575"},{"taxonomy":"post_tag","embeddable":true,"href":"https:\/\/www.deberes.net\/tesis\/wp-json\/wp\/v2\/tags?post=68575"}],"curies":[{"name":"wp","href":"https:\/\/api.w.org\/{rel}","templated":true}]}}