{"id":68619,"date":"2018-03-09T23:12:50","date_gmt":"2018-03-09T23:12:50","guid":{"rendered":"https:\/\/www.deberes.net\/tesis\/sin-categoria\/el-valle-del-iriringua-pervivenca%c2%ada-de-la-tension-hispano-lusa-en-el-extremo-sur-de-la-la%c2%adnea-tondesilla\/"},"modified":"2018-03-09T23:12:50","modified_gmt":"2018-03-09T23:12:50","slug":"el-valle-del-iriringua-pervivenca%c2%ada-de-la-tension-hispano-lusa-en-el-extremo-sur-de-la-la%c2%adnea-tondesilla","status":"publish","type":"post","link":"https:\/\/www.deberes.net\/tesis\/sin-categoria\/el-valle-del-iriringua-pervivenca%c2%ada-de-la-tension-hispano-lusa-en-el-extremo-sur-de-la-la%c2%adnea-tondesilla\/","title":{"rendered":"El valle del iriringu\u00e1. pervivenc\u00edade la tensi\u00f3n hispano lusa en el extremo sur de la l\u00ednea tondesilla."},"content":{"rendered":"<h2>Tesis doctoral de <strong> Jos\u00e9 Pereira J\u00fanior <\/strong><\/h2>\n<p>La estrat\u00e9gica situaci\u00f3n geogr\u00e1fica del territorio donde se desarrollar\u00eda ararangu\u00e1, con su litoral de mar abierto y la limitaci\u00f3n de las cadenas de monta\u00f1as de la sierra sirvi\u00f3, desde sus comienzos, como gran referencia a los viajeros que segu\u00edan en direcci\u00f3n hacia la comunidad aut\u00f3noma de r\u00edo grande do sul o con destino hacia el norte, para la comunidad aut\u00f3noma  de sao paulo. Durante d\u00e9cadas la regi\u00f3n, de densos bosques, estuvo adonnecida, distante, sin llamarla atenci\u00f3n de los exploradores, pudiendo el indio vivir libre y sin miedo en suinmenso territorio. Pero a mediados del siglo xvi de estas tierras fueron hechos mapas y configurados en cartas geogr\u00e1ficas, aunque no pasen de un simple y desconocido corredor, por la orilla del mar, usado como camino de las diligencias lideradas por emisarios de la corte  y de la comunidad aut\u00f3noma, misioneros, militares y otros viajeros. El escenario de paisajes contemplado desde las cumbres del morro dos conventos y la inconfundible desembocadura del r\u00edo que ven\u00eda de la selva m\u00e1s adentro, ofrec\u00eda a los navegantes y jinetes una atractiva visi\u00f3n panor\u00e1mica, que se un\u00eda principalmente a la privilegiada posici\u00f3n con relaci\u00f3n a los  centros m\u00e1s desarrollados, para llamar la atenci\u00f3n de los que buscaban identificar las tierras y hacer mapas de los caminos a ser abiertos, para ocupar el sur del extenso territorio sudamericano. Surg\u00eda inevitablemente, la promesa de la \u00fanica entrada hacia el interior de la  desconocida regi\u00f3n, con el objetivo de llegar con m\u00e1s eficiencia a los campos de la parte alta de la sierra y facilitar el camino a curitiba. la costa de santa catarina era primitivamente habitada por los indios carij\u00f3s. relativamente mansos, manten\u00edan desde los primeros d\u00edas del descubrimiento relaciones comerciales con los navegantes y con los portugueses, siendo  consecuentemente de evangelizaci\u00f3n f\u00e1cil.<\/p>\n<p>&nbsp;<\/p>\n<h3>Datos acad\u00e9micos de la tesis doctoral \u00ab<strong>El valle del iriringu\u00e1. pervivenc\u00edade la tensi\u00f3n hispano lusa en el extremo sur de la l\u00ednea tondesilla.<\/strong>\u00ab<\/h3>\n<ul>\n<li><strong>T\u00edtulo de la tesis:<\/strong>\u00a0 El valle del iriringu\u00e1. pervivenc\u00edade la tensi\u00f3n hispano lusa en el extremo sur de la l\u00ednea tondesilla. <\/li>\n<li><strong>Autor:<\/strong>\u00a0 Jos\u00e9 Pereira J\u00fanior <\/li>\n<li><strong>Universidad:<\/strong>\u00a0 Complutense de Madrid<\/li>\n<li><strong>Fecha de lectura de la tesis:<\/strong>\u00a0 25\/06\/2004<\/li>\n<\/ul>\n<p>&nbsp;<\/p>\n<h3>Direcci\u00f3n y tribunal<\/h3>\n<ul>\n<li><strong>Director de la tesis<\/strong>\n<ul>\n<li>Mar\u00eda no Cuesta Domingo<\/li>\n<\/ul>\n<\/li>\n<li><strong>Tribunal<\/strong>\n<ul>\n<li>Presidente del tribunal: leoncio Cabrero fern\u00e1ndez <\/li>\n<li>Antonio Garcia-abasolo gonzalez (vocal)<\/li>\n<li>paulino Casta\u00f1eda delgado (vocal)<\/li>\n<li> Fernandez domingo Jes\u00fas ignacio (vocal)<\/li>\n<\/ul>\n<\/li>\n<\/ul>\n<p>&nbsp;<\/p>\n","protected":false},"excerpt":{"rendered":"<p>Tesis doctoral de Jos\u00e9 Pereira J\u00fanior La estrat\u00e9gica situaci\u00f3n geogr\u00e1fica del territorio donde se desarrollar\u00eda ararangu\u00e1, con su litoral de [&hellip;]<\/p>\n","protected":false},"author":1,"featured_media":0,"comment_status":"open","ping_status":"open","sticky":false,"template":"","format":"standard","meta":{"site-sidebar-layout":"default","site-content-layout":"","ast-site-content-layout":"","site-content-style":"default","site-sidebar-style":"default","ast-global-header-display":"","ast-banner-title-visibility":"","ast-main-header-display":"","ast-hfb-above-header-display":"","ast-hfb-below-header-display":"","ast-hfb-mobile-header-display":"","site-post-title":"","ast-breadcrumbs-content":"","ast-featured-img":"","footer-sml-layout":"","theme-transparent-header-meta":"","adv-header-id-meta":"","stick-header-meta":"","header-above-stick-meta":"","header-main-stick-meta":"","header-below-stick-meta":"","astra-migrate-meta-layouts":"default","ast-page-background-enabled":"default","ast-page-background-meta":{"desktop":{"background-color":"var(--ast-global-color-4)","background-image":"","background-repeat":"repeat","background-position":"center center","background-size":"auto","background-attachment":"scroll","background-type":"","background-media":"","overlay-type":"","overlay-color":"","overlay-gradient":""},"tablet":{"background-color":"","background-image":"","background-repeat":"repeat","background-position":"center center","background-size":"auto","background-attachment":"scroll","background-type":"","background-media":"","overlay-type":"","overlay-color":"","overlay-gradient":""},"mobile":{"background-color":"","background-image":"","background-repeat":"repeat","background-position":"center center","background-size":"auto","background-attachment":"scroll","background-type":"","background-media":"","overlay-type":"","overlay-color":"","overlay-gradient":""}},"ast-content-background-meta":{"desktop":{"background-color":"var(--ast-global-color-5)","background-image":"","background-repeat":"repeat","background-position":"center center","background-size":"auto","background-attachment":"scroll","background-type":"","background-media":"","overlay-type":"","overlay-color":"","overlay-gradient":""},"tablet":{"background-color":"var(--ast-global-color-5)","background-image":"","background-repeat":"repeat","background-position":"center center","background-size":"auto","background-attachment":"scroll","background-type":"","background-media":"","overlay-type":"","overlay-color":"","overlay-gradient":""},"mobile":{"background-color":"var(--ast-global-color-5)","background-image":"","background-repeat":"repeat","background-position":"center center","background-size":"auto","background-attachment":"scroll","background-type":"","background-media":"","overlay-type":"","overlay-color":"","overlay-gradient":""}},"footnotes":""},"categories":[1],"tags":[6901,66451,150634,6899,23927,8183],"class_list":["post-68619","post","type-post","status-publish","format-standard","hentry","category-sin-categoria","tag-antonio-garcia-abasolo-gonzalez","tag-fernandez-domingo-jesus-ignacio","tag-jose-pereira-junior","tag-leoncio-cabrero-fernandez","tag-maria-no-cuesta-domingo","tag-paulino-castaneda-delgado"],"_links":{"self":[{"href":"https:\/\/www.deberes.net\/tesis\/wp-json\/wp\/v2\/posts\/68619","targetHints":{"allow":["GET"]}}],"collection":[{"href":"https:\/\/www.deberes.net\/tesis\/wp-json\/wp\/v2\/posts"}],"about":[{"href":"https:\/\/www.deberes.net\/tesis\/wp-json\/wp\/v2\/types\/post"}],"author":[{"embeddable":true,"href":"https:\/\/www.deberes.net\/tesis\/wp-json\/wp\/v2\/users\/1"}],"replies":[{"embeddable":true,"href":"https:\/\/www.deberes.net\/tesis\/wp-json\/wp\/v2\/comments?post=68619"}],"version-history":[{"count":0,"href":"https:\/\/www.deberes.net\/tesis\/wp-json\/wp\/v2\/posts\/68619\/revisions"}],"wp:attachment":[{"href":"https:\/\/www.deberes.net\/tesis\/wp-json\/wp\/v2\/media?parent=68619"}],"wp:term":[{"taxonomy":"category","embeddable":true,"href":"https:\/\/www.deberes.net\/tesis\/wp-json\/wp\/v2\/categories?post=68619"},{"taxonomy":"post_tag","embeddable":true,"href":"https:\/\/www.deberes.net\/tesis\/wp-json\/wp\/v2\/tags?post=68619"}],"curies":[{"name":"wp","href":"https:\/\/api.w.org\/{rel}","templated":true}]}}