{"id":68626,"date":"2018-03-09T23:12:50","date_gmt":"2018-03-09T23:12:50","guid":{"rendered":"https:\/\/www.deberes.net\/tesis\/sin-categoria\/analisis-de-contenido-del-periodico-murciano-la-region-1932-33\/"},"modified":"2018-03-09T23:12:50","modified_gmt":"2018-03-09T23:12:50","slug":"analisis-de-contenido-del-periodico-murciano-la-region-1932-33","status":"publish","type":"post","link":"https:\/\/www.deberes.net\/tesis\/murcia\/analisis-de-contenido-del-periodico-murciano-la-region-1932-33\/","title":{"rendered":"An\u00e1lisis de contenido del peri\u00f3dico murciano \u00abla regi\u00f3n\u00bb (1932-33)"},"content":{"rendered":"<h2>Tesis doctoral de <strong> Antonio Crespo P\u00e9rez <\/strong><\/h2>\n<p>El an\u00e1lisis del contenido del peri\u00f3dico murciano la regi\u00f3n permite el estudio de parte de nuestra historia reciente. Debido a las tendencias sociopol\u00edticas del grupo que lo sustentaba, este trabajo contempla la actuaci\u00f3n de la pol\u00edtica municipal de murcia durante los a\u00f1os 1932\/33, su posici\u00f3n respecto a la pol\u00edtica del gobierno central y a la del partido cuyo ideario representaba. este trabajo intenta reflejar el acontecer del periodo hist\u00f3rico que abarca, profundizando en detalles y abarcando numerosos aspectos de la ciudad, mediante el examen de las diferentes secciones del peri\u00f3dico.  la regi\u00f3n presentaba una l\u00ednea ideol\u00f3gica distinta a la de otros peri\u00f3dicos murcianos. Fue el \u00fanico diario que surgi\u00f3 en la ciudad durante el periodo republicano anterior anterior a la guerra civil, y bajo la responsabilidad de un grupo de intelectuales. Como objetivos de esta tesis doctoral pretendemos: obtener y difundir datos para el conocimiento de la historia local de murcia durante la segunda rep\u00fablica; examinar la estructura del peri\u00f3dico a fin de conocer la revelancia de sus secciones y los motivos que las justifican; analizar sus contenidos, en relaci\u00f3n con los diarios coet\u00e1neos de murcia. para ello se han utilizado, adem\u00e1s de la regi\u00f3n, el liberal, la verdad, el tiempo y levante agrario, y las aportaciones orales de antiguos trabajadores del peri\u00f3dico.  se public\u00f3 como portavoz del partido republicano radical-socialista (prrs), que dispon\u00eda de mayor\u00eda de concejales en el ayuntamiento. Se edit\u00f3 durante catorce meses y medio en dos estapas: diario, desde el 11 febrero de 1932 hasta finales de tal a\u00f1o, y semanario desde principios de 1933 al 28 de febrero del mismo. Recuper\u00f3 su salida diaria el 1 de marzo, pero s\u00f3lo se public\u00f3 dos meses m\u00e1s: hasta 30 abril de 1993. La colecci\u00f3n completa (salvo cuatro n\u00fameros perdidos) se encuentra en el archivo municipal de murcia, con un total de 335 n\u00fameros.  public\u00f3 abundan<\/p>\n<p>&nbsp;<\/p>\n<h3>Datos acad\u00e9micos de la tesis doctoral \u00ab<strong>An\u00e1lisis de contenido del peri\u00f3dico murciano \u00abla regi\u00f3n\u00bb (1932-33)<\/strong>\u00ab<\/h3>\n<ul>\n<li><strong>T\u00edtulo de la tesis:<\/strong>\u00a0 An\u00e1lisis de contenido del peri\u00f3dico murciano \u00abla regi\u00f3n\u00bb (1932-33) <\/li>\n<li><strong>Autor:<\/strong>\u00a0 Antonio Crespo P\u00e9rez <\/li>\n<li><strong>Universidad:<\/strong>\u00a0 Murcia<\/li>\n<li><strong>Fecha de lectura de la tesis:<\/strong>\u00a0 25\/06\/2004<\/li>\n<\/ul>\n<p>&nbsp;<\/p>\n<h3>Direcci\u00f3n y tribunal<\/h3>\n<ul>\n<li><strong>Director de la tesis<\/strong>\n<ul>\n<li>Vivina Natividad Asensi Artiga<\/li>\n<\/ul>\n<\/li>\n<li><strong>Tribunal<\/strong>\n<ul>\n<li>Presidente del tribunal: Mar\u00eda Pinto molina <\/li>\n<li>Mar\u00eda Mars\u00e1 vila (vocal)<\/li>\n<li>piedad Alarc\u00f3n Garc\u00eda (vocal)<\/li>\n<li>carmen G\u00f3mez camarero (vocal)<\/li>\n<\/ul>\n<\/li>\n<\/ul>\n<p>&nbsp;<\/p>\n","protected":false},"excerpt":{"rendered":"<p>Tesis doctoral de Antonio Crespo P\u00e9rez El an\u00e1lisis del contenido del peri\u00f3dico murciano la regi\u00f3n permite el estudio de parte [&hellip;]<\/p>\n","protected":false},"author":1,"featured_media":0,"comment_status":"open","ping_status":"open","sticky":false,"template":"","format":"standard","meta":{"site-sidebar-layout":"default","site-content-layout":"","ast-site-content-layout":"","site-content-style":"default","site-sidebar-style":"default","ast-global-header-display":"","ast-banner-title-visibility":"","ast-main-header-display":"","ast-hfb-above-header-display":"","ast-hfb-below-header-display":"","ast-hfb-mobile-header-display":"","site-post-title":"","ast-breadcrumbs-content":"","ast-featured-img":"","footer-sml-layout":"","theme-transparent-header-meta":"","adv-header-id-meta":"","stick-header-meta":"","header-above-stick-meta":"","header-main-stick-meta":"","header-below-stick-meta":"","astra-migrate-meta-layouts":"default","ast-page-background-enabled":"default","ast-page-background-meta":{"desktop":{"background-color":"var(--ast-global-color-4)","background-image":"","background-repeat":"repeat","background-position":"center center","background-size":"auto","background-attachment":"scroll","background-type":"","background-media":"","overlay-type":"","overlay-color":"","overlay-gradient":""},"tablet":{"background-color":"","background-image":"","background-repeat":"repeat","background-position":"center center","background-size":"auto","background-attachment":"scroll","background-type":"","background-media":"","overlay-type":"","overlay-color":"","overlay-gradient":""},"mobile":{"background-color":"","background-image":"","background-repeat":"repeat","background-position":"center center","background-size":"auto","background-attachment":"scroll","background-type":"","background-media":"","overlay-type":"","overlay-color":"","overlay-gradient":""}},"ast-content-background-meta":{"desktop":{"background-color":"var(--ast-global-color-5)","background-image":"","background-repeat":"repeat","background-position":"center center","background-size":"auto","background-attachment":"scroll","background-type":"","background-media":"","overlay-type":"","overlay-color":"","overlay-gradient":""},"tablet":{"background-color":"var(--ast-global-color-5)","background-image":"","background-repeat":"repeat","background-position":"center center","background-size":"auto","background-attachment":"scroll","background-type":"","background-media":"","overlay-type":"","overlay-color":"","overlay-gradient":""},"mobile":{"background-color":"var(--ast-global-color-5)","background-image":"","background-repeat":"repeat","background-position":"center center","background-size":"auto","background-attachment":"scroll","background-type":"","background-media":"","overlay-type":"","overlay-color":"","overlay-gradient":""}},"footnotes":""},"categories":[8235],"tags":[150646,38592,150647,43707,42620,50718],"class_list":["post-68626","post","type-post","status-publish","format-standard","hentry","category-murcia","tag-antonio-crespo-perez","tag-carmen-gomez-camarero","tag-maria-marsa-vila","tag-maria-pinto-molina","tag-piedad-alarcon-garcia","tag-vivina-natividad-asensi-artiga"],"_links":{"self":[{"href":"https:\/\/www.deberes.net\/tesis\/wp-json\/wp\/v2\/posts\/68626","targetHints":{"allow":["GET"]}}],"collection":[{"href":"https:\/\/www.deberes.net\/tesis\/wp-json\/wp\/v2\/posts"}],"about":[{"href":"https:\/\/www.deberes.net\/tesis\/wp-json\/wp\/v2\/types\/post"}],"author":[{"embeddable":true,"href":"https:\/\/www.deberes.net\/tesis\/wp-json\/wp\/v2\/users\/1"}],"replies":[{"embeddable":true,"href":"https:\/\/www.deberes.net\/tesis\/wp-json\/wp\/v2\/comments?post=68626"}],"version-history":[{"count":0,"href":"https:\/\/www.deberes.net\/tesis\/wp-json\/wp\/v2\/posts\/68626\/revisions"}],"wp:attachment":[{"href":"https:\/\/www.deberes.net\/tesis\/wp-json\/wp\/v2\/media?parent=68626"}],"wp:term":[{"taxonomy":"category","embeddable":true,"href":"https:\/\/www.deberes.net\/tesis\/wp-json\/wp\/v2\/categories?post=68626"},{"taxonomy":"post_tag","embeddable":true,"href":"https:\/\/www.deberes.net\/tesis\/wp-json\/wp\/v2\/tags?post=68626"}],"curies":[{"name":"wp","href":"https:\/\/api.w.org\/{rel}","templated":true}]}}