{"id":68672,"date":"2018-03-09T23:13:01","date_gmt":"2018-03-09T23:13:01","guid":{"rendered":"https:\/\/www.deberes.net\/tesis\/sin-categoria\/jose-martinez-peris-ora%c2%adgenes-del-interiorismo-y-diseno-moderno-valenciano\/"},"modified":"2018-03-09T23:13:01","modified_gmt":"2018-03-09T23:13:01","slug":"jose-Martinez-peris-ora%c2%adgenes-del-interiorismo-y-diseno-moderno-valenciano","status":"publish","type":"post","link":"https:\/\/www.deberes.net\/tesis\/politecnica-de-valencia\/jose-Martinez-peris-ora%c2%adgenes-del-interiorismo-y-diseno-moderno-valenciano\/","title":{"rendered":"Jos\u00e9 mart\u00ednez p\u00e9ris: or\u00edgenes del interiorismo y dise\u00f1o moderno Valenciano"},"content":{"rendered":"<h2>Tesis doctoral de <strong> Carmen Alabau Ballester <\/strong><\/h2>\n<p>La tesis, jos\u00e9 mart\u00ednez peris: or\u00edgenes del interiorismo y dise\u00f1o moderno Valenciano, se estructura en cuatro partes diferenciadas.  &#8211; 1\u00aa parte \u00abcatalogaci\u00f3n de la obra del autor (jos\u00e9 mart\u00ednez peris)\u00bb:  &#8211; dise\u00f1o de una base de datos informatizada que recoge y clasifica los seiscientos tres  proyectos de interior que componen la obra del autor.  &#8211; 2\u00aa parte \u00abcontextualizaci\u00f3n de la obra del autor\u00bb:  &#8211; determinar los par\u00e1metros del dise\u00f1o de interior, arquitectura y mobiliario, as\u00ed como la integraci\u00f3n del dise\u00f1o en la industria del mueble Valenciano, y los estilos art\u00edsticos dado que mart\u00ednez peris, miembro del grupo parapall\u00f3, estaba involucrado directamente en los movimientos de arte de vanguardia, acotando el periodo de contexto entre 1950 y 1970.  &#8211; 3\u00aa parte \u00aban\u00e1lisis de la obra\u00bb.  &#8211; estudio exhaustivo tanto del mobiliario dise\u00f1ado por el autor, como de los proyectos de interiorismo.  &#8211; en el mobiliario se establecen las morfolog\u00edas, tipolog\u00edas e influencias ejercidas en la concepci\u00f3n proyectual del dise\u00f1ador determinando las caracter\u00edsticas diferenciadoras de las piezas dise\u00f1adas por mart\u00ednez peris.  &#8211; en los proyectos de interiorismo se establece el an\u00e1lisis morfol\u00f3gico de los interiores a partir del estudio de la tipolog\u00eda de plantas, de la reflexi\u00f3n sobre los procesos industriales y los materiales utilizados en el proceso constructivo de las obras, as\u00ed como de los conceptos de colorimetr\u00eda e iluminaci\u00f3n centr\u00e1ndolo en los propios proyectos dise\u00f1ados por el autor.  &#8211; 4\u00aa planta \u00abdocumentaci\u00f3n bibliogr\u00e1fica de jos\u00e9 mart\u00ednez peris\u00bb.  &#8211; catalogaci\u00f3n del archivo personal del autor a partir del dise\u00f1o de una base de datos informatizada, archivo que constituy\u00f3 la v\u00eda de conexi\u00f3n del autor con las aportaciones de las vanguardias extranjeras del momento.  por \u00faltimo, se realizan las conclusiones finales a las que se ha llegado tras todo lo expuesto a lo largo de la tesis.<\/p>\n<p>&nbsp;<\/p>\n<h3>Datos acad\u00e9micos de la tesis doctoral \u00ab<strong>Jos\u00e9 mart\u00ednez p\u00e9ris: or\u00edgenes del interiorismo y dise\u00f1o moderno Valenciano<\/strong>\u00ab<\/h3>\n<ul>\n<li><strong>T\u00edtulo de la tesis:<\/strong>\u00a0 Jos\u00e9 mart\u00ednez p\u00e9ris: or\u00edgenes del interiorismo y dise\u00f1o moderno Valenciano <\/li>\n<li><strong>Autor:<\/strong>\u00a0 Carmen Alabau Ballester <\/li>\n<li><strong>Universidad:<\/strong>\u00a0 Polit\u00e9cnica de Valencia<\/li>\n<li><strong>Fecha de lectura de la tesis:<\/strong>\u00a0 27\/06\/2004<\/li>\n<\/ul>\n<p>&nbsp;<\/p>\n<h3>Direcci\u00f3n y tribunal<\/h3>\n<ul>\n<li><strong>Director de la tesis<\/strong>\n<ul>\n<li>Manuel Lecuona Lopez<\/li>\n<\/ul>\n<\/li>\n<li><strong>Tribunal<\/strong>\n<ul>\n<li>Presidente del tribunal: gabriel Songel gonz\u00e1lez <\/li>\n<li> Navarro lizandra Jos\u00e9 Luis (vocal)<\/li>\n<li>Miguel Ruiz massip (vocal)<\/li>\n<li>Elena Requena vitales (vocal)<\/li>\n<\/ul>\n<\/li>\n<\/ul>\n<p>&nbsp;<\/p>\n","protected":false},"excerpt":{"rendered":"<p>Tesis doctoral de Carmen Alabau Ballester La tesis, jos\u00e9 mart\u00ednez peris: or\u00edgenes del interiorismo y dise\u00f1o moderno Valenciano, se estructura [&hellip;]<\/p>\n","protected":false},"author":1,"featured_media":0,"comment_status":"open","ping_status":"open","sticky":false,"template":"","format":"standard","meta":{"site-sidebar-layout":"default","site-content-layout":"","ast-site-content-layout":"","site-content-style":"default","site-sidebar-style":"default","ast-global-header-display":"","ast-banner-title-visibility":"","ast-main-header-display":"","ast-hfb-above-header-display":"","ast-hfb-below-header-display":"","ast-hfb-mobile-header-display":"","site-post-title":"","ast-breadcrumbs-content":"","ast-featured-img":"","footer-sml-layout":"","theme-transparent-header-meta":"","adv-header-id-meta":"","stick-header-meta":"","header-above-stick-meta":"","header-main-stick-meta":"","header-below-stick-meta":"","astra-migrate-meta-layouts":"default","ast-page-background-enabled":"default","ast-page-background-meta":{"desktop":{"background-color":"var(--ast-global-color-4)","background-image":"","background-repeat":"repeat","background-position":"center center","background-size":"auto","background-attachment":"scroll","background-type":"","background-media":"","overlay-type":"","overlay-color":"","overlay-gradient":""},"tablet":{"background-color":"","background-image":"","background-repeat":"repeat","background-position":"center center","background-size":"auto","background-attachment":"scroll","background-type":"","background-media":"","overlay-type":"","overlay-color":"","overlay-gradient":""},"mobile":{"background-color":"","background-image":"","background-repeat":"repeat","background-position":"center center","background-size":"auto","background-attachment":"scroll","background-type":"","background-media":"","overlay-type":"","overlay-color":"","overlay-gradient":""}},"ast-content-background-meta":{"desktop":{"background-color":"var(--ast-global-color-5)","background-image":"","background-repeat":"repeat","background-position":"center center","background-size":"auto","background-attachment":"scroll","background-type":"","background-media":"","overlay-type":"","overlay-color":"","overlay-gradient":""},"tablet":{"background-color":"var(--ast-global-color-5)","background-image":"","background-repeat":"repeat","background-position":"center center","background-size":"auto","background-attachment":"scroll","background-type":"","background-media":"","overlay-type":"","overlay-color":"","overlay-gradient":""},"mobile":{"background-color":"var(--ast-global-color-5)","background-image":"","background-repeat":"repeat","background-position":"center center","background-size":"auto","background-attachment":"scroll","background-type":"","background-media":"","overlay-type":"","overlay-color":"","overlay-gradient":""}},"footnotes":""},"categories":[16820],"tags":[150717,150718,43448,16906,6696,17047],"class_list":["post-68672","post","type-post","status-publish","format-standard","hentry","category-politecnica-de-valencia","tag-carmen-alabau-ballester","tag-elena-requena-vitales","tag-gabriel-songel-gonzalez","tag-manuel-lecuona-lopez","tag-miguel-ruiz-massip","tag-navarro-lizandra-jose-luis"],"_links":{"self":[{"href":"https:\/\/www.deberes.net\/tesis\/wp-json\/wp\/v2\/posts\/68672","targetHints":{"allow":["GET"]}}],"collection":[{"href":"https:\/\/www.deberes.net\/tesis\/wp-json\/wp\/v2\/posts"}],"about":[{"href":"https:\/\/www.deberes.net\/tesis\/wp-json\/wp\/v2\/types\/post"}],"author":[{"embeddable":true,"href":"https:\/\/www.deberes.net\/tesis\/wp-json\/wp\/v2\/users\/1"}],"replies":[{"embeddable":true,"href":"https:\/\/www.deberes.net\/tesis\/wp-json\/wp\/v2\/comments?post=68672"}],"version-history":[{"count":0,"href":"https:\/\/www.deberes.net\/tesis\/wp-json\/wp\/v2\/posts\/68672\/revisions"}],"wp:attachment":[{"href":"https:\/\/www.deberes.net\/tesis\/wp-json\/wp\/v2\/media?parent=68672"}],"wp:term":[{"taxonomy":"category","embeddable":true,"href":"https:\/\/www.deberes.net\/tesis\/wp-json\/wp\/v2\/categories?post=68672"},{"taxonomy":"post_tag","embeddable":true,"href":"https:\/\/www.deberes.net\/tesis\/wp-json\/wp\/v2\/tags?post=68672"}],"curies":[{"name":"wp","href":"https:\/\/api.w.org\/{rel}","templated":true}]}}