{"id":68676,"date":"2018-03-09T23:13:01","date_gmt":"2018-03-09T23:13:01","guid":{"rendered":"https:\/\/www.deberes.net\/tesis\/sin-categoria\/la-gestion-de-calidad-en-el-sistema-universitario-espanol-su-aplicacion-al-diseno-y-construccion-de-tesqual\/"},"modified":"2018-03-09T23:13:01","modified_gmt":"2018-03-09T23:13:01","slug":"la-gestion-de-calidad-en-el-sistema-universitario-espanol-su-aplicacion-al-diseno-y-construccion-de-tesqual","status":"publish","type":"post","link":"https:\/\/www.deberes.net\/tesis\/sin-categoria\/la-gestion-de-calidad-en-el-sistema-universitario-espanol-su-aplicacion-al-diseno-y-construccion-de-tesqual\/","title":{"rendered":"La gestion de calidad en el sistema universitario espa\u00f1ol su aplicacion al dise\u00f1o y construccion de tesqual"},"content":{"rendered":"<h2>Tesis doctoral de <strong> Mar\u00eda Mitre Aranda <\/strong><\/h2>\n<p>La implantaci\u00f3n de sistemas institucionales de calidad, tanto de car\u00e1cter nacional, como regional, se traduce en la evaluaci\u00f3n de la ense\u00f1anza, la investigaci\u00f3n y la gesti\u00f3n dirigido a la comprobaci\u00f3n de los procesos y resultados de las distintas unidades organizativas en que se estructura la universidad. La exigencia de calidad se ha convertido en una preocupaci\u00f3n esencial en la educaci\u00f3n universitaria. La implantaci\u00f3n generalizada de sistemas de evaluaci\u00f3n de la calidad en la educaci\u00f3n superior, a trav\u00e9s del los distintos planes de calidad, como de los planes espec\u00edficos puestos en marcha por cada universidad, hacen conveniente poner a disposici\u00f3n de las personas interesadas un lenguaje controlado orientado a la mejora de los procesos que se pretendan evaluar. Esta intensa actividad, con el correspondiente desarrollo de bases de datos especializadas, y el continuo intercambio de informaci\u00f3n, hace que como especialistas en el tratamiento de la informaci\u00f3n, nos preocupe el control y acceso a la misma e intentemos desarrollar una herramienta documental eficaz. En este sentido, sabemos de la experimentada utilidad de los vocabularios controlados como alternativa v\u00e1lida para la representaci\u00f3n normalizada de los t\u00e9rminos y  el posterior acceso a la informaci\u00f3n. Se trata de resolver un problema creciente en el \u00e1mbito de la evaluaci\u00f3n y gesti\u00f3n de la calidad en la educaci\u00f3n superior, como es la dispersi\u00f3n terminol\u00f3gica y el escaso control del vocabulario especializado en este dominio tem\u00e1tico. Pretendemos la elaboraci\u00f3n de una herramienta documental que mejore los problemas derivados de la representaci\u00f3n y recuperaci\u00f3n de la informaci\u00f3n que mejore el procesamiento y la transferencia de informaci\u00f3n especializada en este dominio, tratando de integrar las necesidades y expectativas de los distintos grupos de usuarios a trav\u00e9s del desarrollo de un microtesauro que aporte no s\u00f3lo relaciones terminol\u00f3gicas sino tam<\/p>\n<p>&nbsp;<\/p>\n<h3>Datos acad\u00e9micos de la tesis doctoral \u00ab<strong>La gestion de calidad en el sistema universitario espa\u00f1ol su aplicacion al dise\u00f1o y construccion de tesqual<\/strong>\u00ab<\/h3>\n<ul>\n<li><strong>T\u00edtulo de la tesis:<\/strong>\u00a0 La gestion de calidad en el sistema universitario espa\u00f1ol su aplicacion al dise\u00f1o y construccion de tesqual <\/li>\n<li><strong>Autor:<\/strong>\u00a0 Mar\u00eda Mitre Aranda <\/li>\n<li><strong>Universidad:<\/strong>\u00a0 Granada<\/li>\n<li><strong>Fecha de lectura de la tesis:<\/strong>\u00a0 28\/06\/2004<\/li>\n<\/ul>\n<p>&nbsp;<\/p>\n<h3>Direcci\u00f3n y tribunal<\/h3>\n<ul>\n<li><strong>Director de la tesis<\/strong>\n<ul>\n<li>Mar\u00eda Pinto Molina<\/li>\n<\/ul>\n<\/li>\n<li><strong>Tribunal<\/strong>\n<ul>\n<li>Presidente del tribunal: esteban Fernandez sanchez <\/li>\n<li>Jos\u00e9 Antonio Cord\u00f3n Garc\u00eda (vocal)<\/li>\n<li> Lopez alonso Miguel angel (vocal)<\/li>\n<li>carmen G\u00f3mez camarero (vocal)<\/li>\n<\/ul>\n<\/li>\n<\/ul>\n<p>&nbsp;<\/p>\n","protected":false},"excerpt":{"rendered":"<p>Tesis doctoral de Mar\u00eda Mitre Aranda La implantaci\u00f3n de sistemas institucionales de calidad, tanto de car\u00e1cter nacional, como regional, se [&hellip;]<\/p>\n","protected":false},"author":1,"featured_media":0,"comment_status":"open","ping_status":"open","sticky":false,"template":"","format":"standard","meta":{"site-sidebar-layout":"default","site-content-layout":"","ast-site-content-layout":"","site-content-style":"default","site-sidebar-style":"default","ast-global-header-display":"","ast-banner-title-visibility":"","ast-main-header-display":"","ast-hfb-above-header-display":"","ast-hfb-below-header-display":"","ast-hfb-mobile-header-display":"","site-post-title":"","ast-breadcrumbs-content":"","ast-featured-img":"","footer-sml-layout":"","theme-transparent-header-meta":"","adv-header-id-meta":"","stick-header-meta":"","header-above-stick-meta":"","header-main-stick-meta":"","header-below-stick-meta":"","astra-migrate-meta-layouts":"default","ast-page-background-enabled":"default","ast-page-background-meta":{"desktop":{"background-color":"var(--ast-global-color-4)","background-image":"","background-repeat":"repeat","background-position":"center center","background-size":"auto","background-attachment":"scroll","background-type":"","background-media":"","overlay-type":"","overlay-color":"","overlay-gradient":""},"tablet":{"background-color":"","background-image":"","background-repeat":"repeat","background-position":"center center","background-size":"auto","background-attachment":"scroll","background-type":"","background-media":"","overlay-type":"","overlay-color":"","overlay-gradient":""},"mobile":{"background-color":"","background-image":"","background-repeat":"repeat","background-position":"center center","background-size":"auto","background-attachment":"scroll","background-type":"","background-media":"","overlay-type":"","overlay-color":"","overlay-gradient":""}},"ast-content-background-meta":{"desktop":{"background-color":"var(--ast-global-color-5)","background-image":"","background-repeat":"repeat","background-position":"center center","background-size":"auto","background-attachment":"scroll","background-type":"","background-media":"","overlay-type":"","overlay-color":"","overlay-gradient":""},"tablet":{"background-color":"var(--ast-global-color-5)","background-image":"","background-repeat":"repeat","background-position":"center center","background-size":"auto","background-attachment":"scroll","background-type":"","background-media":"","overlay-type":"","overlay-color":"","overlay-gradient":""},"mobile":{"background-color":"var(--ast-global-color-5)","background-image":"","background-repeat":"repeat","background-position":"center center","background-size":"auto","background-attachment":"scroll","background-type":"","background-media":"","overlay-type":"","overlay-color":"","overlay-gradient":""}},"footnotes":""},"categories":[1],"tags":[38592,9172,37748,89734,150727,43707],"class_list":["post-68676","post","type-post","status-publish","format-standard","hentry","category-sin-categoria","tag-carmen-gomez-camarero","tag-esteban-fernandez-sanchez","tag-jose-antonio-cordon-garcia","tag-lopez-alonso-miguel-angel","tag-maria-mitre-aranda","tag-maria-pinto-molina"],"_links":{"self":[{"href":"https:\/\/www.deberes.net\/tesis\/wp-json\/wp\/v2\/posts\/68676","targetHints":{"allow":["GET"]}}],"collection":[{"href":"https:\/\/www.deberes.net\/tesis\/wp-json\/wp\/v2\/posts"}],"about":[{"href":"https:\/\/www.deberes.net\/tesis\/wp-json\/wp\/v2\/types\/post"}],"author":[{"embeddable":true,"href":"https:\/\/www.deberes.net\/tesis\/wp-json\/wp\/v2\/users\/1"}],"replies":[{"embeddable":true,"href":"https:\/\/www.deberes.net\/tesis\/wp-json\/wp\/v2\/comments?post=68676"}],"version-history":[{"count":0,"href":"https:\/\/www.deberes.net\/tesis\/wp-json\/wp\/v2\/posts\/68676\/revisions"}],"wp:attachment":[{"href":"https:\/\/www.deberes.net\/tesis\/wp-json\/wp\/v2\/media?parent=68676"}],"wp:term":[{"taxonomy":"category","embeddable":true,"href":"https:\/\/www.deberes.net\/tesis\/wp-json\/wp\/v2\/categories?post=68676"},{"taxonomy":"post_tag","embeddable":true,"href":"https:\/\/www.deberes.net\/tesis\/wp-json\/wp\/v2\/tags?post=68676"}],"curies":[{"name":"wp","href":"https:\/\/api.w.org\/{rel}","templated":true}]}}