{"id":68693,"date":"2018-03-09T23:13:01","date_gmt":"2018-03-09T23:13:01","guid":{"rendered":"https:\/\/www.deberes.net\/tesis\/sin-categoria\/desarrollo-de-una-dermis-artificial-basada-en-plasma-humano\/"},"modified":"2018-03-09T23:13:01","modified_gmt":"2018-03-09T23:13:01","slug":"desarrollo-de-una-dermis-artificial-basada-en-plasma-humano","status":"publish","type":"post","link":"https:\/\/www.deberes.net\/tesis\/oviedo\/desarrollo-de-una-dermis-artificial-basada-en-plasma-humano\/","title":{"rendered":"Desarrollo de una dermis artificial basada en plasma humano"},"content":{"rendered":"<h2>Tesis doctoral de <strong>  Gomez Llames Sara M. <\/strong><\/h2>\n<p>La piel ha sido el primer \u00f3rgano en ser sintetizado mediante t\u00e9cnicas de ingenier\u00eda tisular. En 1975 rheinwald y green describieron el cultivo in vitro de queratinocitos, esta t\u00e9cnica hizo posible multiplicar queratinocitos hasta un n\u00famero relevante y utilizarlos as\u00ed con fines terap\u00e9uticos. Con el uso cl\u00ednico de las l\u00e1minas cultivadas de queratinocitos, se pusieron de manifiesto sus limitaciones, siendo la principal de todas ellas, la ausencia de un componente d\u00e9rmico.  en este trabajo se decribe el desarrollo experimental de un modelo de dermis artificial basada en plasma humano, sobre la cual el cultivo cl\u00e1sico de queratinocitos ha logrado una alta expansi\u00f3n. Tras comprobar que el modelo de piel artificial descrito era efectivo para la epitelizaci\u00f3n definitiva de heridas en un modelo de trasplante experimental, el prototipo de piel artificial ha sido utilizado en cl\u00ednica. Con esta piel cultivada se han tratado pacientes grandes quemadas, extirpaciones de nevus gigantes cong\u00e9nitos, extirapaciones de lesiones neurofibromatosas y \u00falceras cut\u00e1neas, logrando con \u00e9l, el cierre definitivo de las lesiones, sin complicaciones posteriores.<\/p>\n<p>&nbsp;<\/p>\n<h3>Datos acad\u00e9micos de la tesis doctoral \u00ab<strong>Desarrollo de una dermis artificial basada en plasma humano<\/strong>\u00ab<\/h3>\n<ul>\n<li><strong>T\u00edtulo de la tesis:<\/strong>\u00a0 Desarrollo de una dermis artificial basada en plasma humano <\/li>\n<li><strong>Autor:<\/strong>\u00a0  Gomez Llames Sara M. <\/li>\n<li><strong>Universidad:<\/strong>\u00a0 Oviedo<\/li>\n<li><strong>Fecha de lectura de la tesis:<\/strong>\u00a0 28\/06\/2004<\/li>\n<\/ul>\n<p>&nbsp;<\/p>\n<h3>Direcci\u00f3n y tribunal<\/h3>\n<ul>\n<li><strong>Director de la tesis<\/strong>\n<ul>\n<li>Alvaro Meana Infiesta<\/li>\n<\/ul>\n<\/li>\n<li><strong>Tribunal<\/strong>\n<ul>\n<li>Presidente del tribunal: pascual vicente Crespo ferrer <\/li>\n<li>julia Rui\u00e1n varela (vocal)<\/li>\n<li> Jorcano noval Jos\u00e9 Luis (vocal)<\/li>\n<li>\u00e1ngel P\u00e9rez arias (vocal)<\/li>\n<\/ul>\n<\/li>\n<\/ul>\n<p>&nbsp;<\/p>\n","protected":false},"excerpt":{"rendered":"<p>Tesis doctoral de Gomez Llames Sara M. La piel ha sido el primer \u00f3rgano en ser sintetizado mediante t\u00e9cnicas de [&hellip;]<\/p>\n","protected":false},"author":1,"featured_media":0,"comment_status":"open","ping_status":"open","sticky":false,"template":"","format":"standard","meta":{"site-sidebar-layout":"default","site-content-layout":"","ast-site-content-layout":"","site-content-style":"default","site-sidebar-style":"default","ast-global-header-display":"","ast-banner-title-visibility":"","ast-main-header-display":"","ast-hfb-above-header-display":"","ast-hfb-below-header-display":"","ast-hfb-mobile-header-display":"","site-post-title":"","ast-breadcrumbs-content":"","ast-featured-img":"","footer-sml-layout":"","theme-transparent-header-meta":"","adv-header-id-meta":"","stick-header-meta":"","header-above-stick-meta":"","header-main-stick-meta":"","header-below-stick-meta":"","astra-migrate-meta-layouts":"default","ast-page-background-enabled":"default","ast-page-background-meta":{"desktop":{"background-color":"var(--ast-global-color-4)","background-image":"","background-repeat":"repeat","background-position":"center center","background-size":"auto","background-attachment":"scroll","background-type":"","background-media":"","overlay-type":"","overlay-color":"","overlay-gradient":""},"tablet":{"background-color":"","background-image":"","background-repeat":"repeat","background-position":"center center","background-size":"auto","background-attachment":"scroll","background-type":"","background-media":"","overlay-type":"","overlay-color":"","overlay-gradient":""},"mobile":{"background-color":"","background-image":"","background-repeat":"repeat","background-position":"center center","background-size":"auto","background-attachment":"scroll","background-type":"","background-media":"","overlay-type":"","overlay-color":"","overlay-gradient":""}},"ast-content-background-meta":{"desktop":{"background-color":"var(--ast-global-color-5)","background-image":"","background-repeat":"repeat","background-position":"center center","background-size":"auto","background-attachment":"scroll","background-type":"","background-media":"","overlay-type":"","overlay-color":"","overlay-gradient":""},"tablet":{"background-color":"var(--ast-global-color-5)","background-image":"","background-repeat":"repeat","background-position":"center center","background-size":"auto","background-attachment":"scroll","background-type":"","background-media":"","overlay-type":"","overlay-color":"","overlay-gradient":""},"mobile":{"background-color":"var(--ast-global-color-5)","background-image":"","background-repeat":"repeat","background-position":"center center","background-size":"auto","background-attachment":"scroll","background-type":"","background-media":"","overlay-type":"","overlay-color":"","overlay-gradient":""}},"footnotes":""},"categories":[8846],"tags":[83036,94095,150756,14479,150757,53141],"class_list":["post-68693","post","type-post","status-publish","format-standard","hentry","category-oviedo","tag-alvaro-meana-infiesta","tag-angel-perez-arias","tag-gomez-llames-sara-m","tag-jorcano-noval-jose-luis","tag-julia-ruian-varela","tag-pascual-vicente-crespo-ferrer"],"_links":{"self":[{"href":"https:\/\/www.deberes.net\/tesis\/wp-json\/wp\/v2\/posts\/68693","targetHints":{"allow":["GET"]}}],"collection":[{"href":"https:\/\/www.deberes.net\/tesis\/wp-json\/wp\/v2\/posts"}],"about":[{"href":"https:\/\/www.deberes.net\/tesis\/wp-json\/wp\/v2\/types\/post"}],"author":[{"embeddable":true,"href":"https:\/\/www.deberes.net\/tesis\/wp-json\/wp\/v2\/users\/1"}],"replies":[{"embeddable":true,"href":"https:\/\/www.deberes.net\/tesis\/wp-json\/wp\/v2\/comments?post=68693"}],"version-history":[{"count":0,"href":"https:\/\/www.deberes.net\/tesis\/wp-json\/wp\/v2\/posts\/68693\/revisions"}],"wp:attachment":[{"href":"https:\/\/www.deberes.net\/tesis\/wp-json\/wp\/v2\/media?parent=68693"}],"wp:term":[{"taxonomy":"category","embeddable":true,"href":"https:\/\/www.deberes.net\/tesis\/wp-json\/wp\/v2\/categories?post=68693"},{"taxonomy":"post_tag","embeddable":true,"href":"https:\/\/www.deberes.net\/tesis\/wp-json\/wp\/v2\/tags?post=68693"}],"curies":[{"name":"wp","href":"https:\/\/api.w.org\/{rel}","templated":true}]}}